{"id":46019,"date":"2024-11-01T00:01:00","date_gmt":"2024-11-01T06:01:00","guid":{"rendered":"https:\/\/www.opinionpublica.tv\/portada\/?p=46019"},"modified":"2024-10-30T18:41:52","modified_gmt":"2024-10-31T00:41:52","slug":"efemerides-1-de-noviembre-8","status":"publish","type":"post","link":"https:\/\/www.opinionpublica.tv\/portada\/efemerides-1-de-noviembre-8\/","title":{"rendered":"Efem\u00e9rides 1 de noviembre"},"content":{"rendered":"\n<p><em>Un d\u00eda 1 de noviembre como hoy, pero de 1922, un golpe de Estado en Turqu\u00eda, dirigido por Mustaf\u00e1 Kemal Ataturk pone fin al imperio otomano.<\/em><\/p>\n\n\n\n<figure class=\"wp-block-image size-large\"><img fetchpriority=\"high\" decoding=\"async\" width=\"1024\" height=\"767\" src=\"https:\/\/www.opinionpublica.tv\/portada\/wp-content\/uploads\/2024\/10\/golpe-de-Estado-en-Turquia-dirigido-por-Mustafa-Kemal-Ataturk-pone-fin-al-imperio-otomano-1024x767.jpg\" alt=\"Golpe De Estado En Turqui\u0301a, Dirigido Por Mustafa\u0301 Kemal Ataturk Pone Fin Al Imperio Otomano\" class=\"wp-image-46020\" srcset=\"https:\/\/www.opinionpublica.tv\/portada\/wp-content\/uploads\/2024\/10\/golpe-de-Estado-en-Turquia-dirigido-por-Mustafa-Kemal-Ataturk-pone-fin-al-imperio-otomano-1024x767.jpg 1024w, https:\/\/www.opinionpublica.tv\/portada\/wp-content\/uploads\/2024\/10\/golpe-de-Estado-en-Turquia-dirigido-por-Mustafa-Kemal-Ataturk-pone-fin-al-imperio-otomano-300x225.jpg 300w, https:\/\/www.opinionpublica.tv\/portada\/wp-content\/uploads\/2024\/10\/golpe-de-Estado-en-Turquia-dirigido-por-Mustafa-Kemal-Ataturk-pone-fin-al-imperio-otomano-768x576.jpg 768w, https:\/\/www.opinionpublica.tv\/portada\/wp-content\/uploads\/2024\/10\/golpe-de-Estado-en-Turquia-dirigido-por-Mustafa-Kemal-Ataturk-pone-fin-al-imperio-otomano.jpg 1201w\" sizes=\"(max-width: 1024px) 100vw, 1024px\" \/><\/figure>\n\n\n\n<p><strong>Otras efem\u00e9rides<\/strong><\/p>\n\n\n\n<p>1700.- Muere en Madrid, sin sucesi\u00f3n, el rey Carlos II y finaliza la dinast\u00eda de los Austrias en Espa\u00f1a.<\/p>\n\n\n\n<p>1755.- Tiene lugar el gran terremoto de Lisboa seguido de un tsunami que arrasa el litoral atl\u00e1ntico de la pen\u00ednsula Ib\u00e9rica y de Marruecos. Las muertes se calculan en unas 100 mil personas y qued\u00f3 destruida la mayor parte de la capital de Portugal.<\/p>\n\n\n\n<p>1878.- Se funda en Montevideo \u00abEl Bien P\u00fablico\u00bb, el peri\u00f3dico m\u00e1s antiguo de Uruguay.<\/p>\n\n\n\n<p>1928.- El general Gerardo Machado, reelegido presidente de Cuba.<\/p>\n\n\n\n<p>1918.- Es proclamado el Estado de Ucrania que se independiza del Imperio Ruso.<\/p>\n\n\n\n<p>1919.- Se abre al p\u00fablico el Metro de Madrid, cuya inauguraci\u00f3n oficial hab\u00eda sido el 17 de octubre. Cubri\u00f3, en su primer trayecto, un recorrido de cuatro kil\u00f3metros entre Sol y Cuatro Caminos en diez minutos y los primeros billetes costaban 15 o 20 c\u00e9ntimos de peseta, seg\u00fan fueran de primera o segunda clase.<\/p>\n\n\n\n<p>1943.- Las tropas sovi\u00e9ticas desembarcan en Crimea y ocupan la ciudad de Simfer\u00f3pol.<\/p>\n\n\n\n<p>1954.- Comienza la guerra de independencia de Argelia contra la colonizaci\u00f3n francesa.<\/p>\n\n\n\n<p>1962.- La URSS lanza a Marte la nave Mars 1, la primera con destino al planeta rojo.<\/p>\n\n\n\n<p>1963.- En Vietnam del Sur, el general Duong Van Minh protagoniza un golpe de Estado en el que es asesinado el presidente Ngo Din-Diem.<\/p>\n\n\n\n<p>1968.- El m\u00fasico brit\u00e1nico George Harrison, miembro del grupo The Beatles, presenta \u00abWonderwall Music\u00bb, su primer \u00e1lbum en solitario.<\/p>\n\n\n\n<p>1977.- En Espa\u00f1a, Felipe de Borb\u00f3n recibe en Covadonga los atributos que le acreditan como Pr\u00edncipe de Asturias, t\u00edtulo inherente al heredero de la Corona espa\u00f1ola.<\/p>\n\n\n\n<p>1979.- Un golpe militar en Bolivia, encabezado por el coronel Alberto Natuah, depone al presidente, Walter Guevara Arce.<\/p>\n\n\n\n<p>1981.- Antigua y Barbuda se independiza del Reino Unido.<\/p>\n\n\n\n<p>1991.- El presidente de Argentina, Carlos Menen, decreta la liberalizaci\u00f3n de los mercados, lo que motiva una ruptura de di\u00e1logo con la oposici\u00f3n.<\/p>\n\n\n\n<p>1993.- Entra en vigor el Tratado de Maastricht para la Uni\u00f3n Europea (UE), que activa el mecanismo hacia la moneda \u00fanica.<\/p>\n\n\n\n<p>1995.- En Sud\u00e1frica, dieciocho meses despu\u00e9s de acabar la pol\u00edtica del \u00abapartheid\u00bb, el partido Congreso Nacional Africano del presidente Nelson Mandela, gana las primeras elecciones municipales multirraciales del pa\u00eds.<\/p>\n\n\n\n<p>1996.- El emir de Catar, jeque Hamad bin Jalifa Al Thani, funda la cadena \u00e1rabe de televisi\u00f3n por sat\u00e9lite Al Yazira.<\/p>\n\n\n\n<p>2003.- La Casa Real espa\u00f1ola anuncia el compromiso matrimonial del Pr\u00edncipe de Asturias, Felipe de Borb\u00f3n, con la periodista asturiana Letizia Ortiz Rocasolano.<\/p>\n\n\n\n<p>2004.- Reino Unido autoriza a un hospital de Londres aplicar la t\u00e9cnica de selecci\u00f3n gen\u00e9tica de embriones para evitar un c\u00e1ncer de colon hereditario.<\/p>\n\n\n\n<p>2006.- Los principales sindicatos del mundo fundan en Viena (Austria) la Confederaci\u00f3n Sindical Internacional (CSI).<\/p>\n\n\n\n<p>2009.- La financiera CIT, especializada en cr\u00e9ditos a estudiantes, se declara en bancarrota, en la quinta mayor quiebra en la historia de Estados Unidos.<\/p>\n\n\n\n<p>2014.- El Ej\u00e9rcito proclama presidente de Burkina Faso al teniente coronel Yacouba Isaac Zida.<\/p>\n\n\n\n<p>2015.- En Turqu\u00eda, el islamista Partido Justicia y Desarrollo (AKP) de Recep Tayyip Erdogan, obtiene mayor\u00eda absoluta en las elecciones legislativas.<\/p>\n\n\n\n<p>2016.- El Ej\u00e9rcito iraqu\u00ed entra en Mosul, principal basti\u00f3n de Daesh en Irak.<\/p>\n\n\n\n<p>2017.- En Colombia, Rodrigo Londo\u00f1o Echeverri, alias \u00abTimochenko\u00bb, l\u00edder de la guerrilla colombiana de las FARC, candidato presidencial en las elecciones de 2018.<\/p>\n\n\n\n<p>2018.- El presidente Jair Bolsonaro anuncia el traslado de la Embajada de Brasil en Israel de Tel Aviv a Jerusal\u00e9n.<\/p>\n\n\n\n<p>2019.- La francesa Christine Lagarde se convierte en la primera mujer presidenta del Banco Central Europeo (BCE). Sustituye a Mario Draghi.<\/p>\n\n\n\n<p>2020.- En Rep\u00fablica Dominicana, se pone en marcha el Instituto Guzm\u00e1n Ariza de Lexicograf\u00eda (IGALEX), una instituci\u00f3n sin fin de lucro para la investigaci\u00f3n lexicogr\u00e1fica del espa\u00f1ol en sus variedades dominicana, antillana, americana y general.<\/p>\n\n\n\n<p>2021.- La empresa japonesa de videojuegos Sega y la tecnol\u00f3gica estadounidense Microsoft se al\u00edan para desarrollar juegos de nueva generaci\u00f3n.<\/p>\n\n\n\n<p><strong>Nacimientos<\/strong><\/p>\n\n\n\n<p>1923.- Victoria de los \u00c1ngeles, soprano espa\u00f1ola.<\/p>\n\n\n\n<p>1924.- Suleiman Demirel, pol\u00edtico turco.<\/p>\n\n\n\n<p>1932.- Joaqu\u00edn Ach\u00facarro Arisqueta, pianista espa\u00f1ol.<\/p>\n\n\n\n<p>1934.- Humberto Agnelli, magnate italiano.<\/p>\n\n\n\n<p>1943.- Salvatore Adamo, cantante italiano.<\/p>\n\n\n\n<p>1947.- Miguel Mar\u00eda Lasa, ciclista espa\u00f1ol.<\/p>\n\n\n\n<p><strong>Defunciones<\/strong><\/p>\n\n\n\n<p>1971.- Gertrud von le Fort, escritora alemana.<\/p>\n\n\n\n<p>1972.- Ezra Pound, poeta y cr\u00edtico estadounidense.<\/p>\n\n\n\n<p>1982.- King Vidor, director estadounidense de cine.<\/p>\n\n\n\n<p>1993.- Severo Ochoa, bioqu\u00edmico espa\u00f1ol nacionalizado estadounidense, Premio Nobel en 1959.<\/p>\n\n\n\n<p>2001.- Juan Bosch, expresidente dominicano.<\/p>\n\n\n\n<p>2006.- William Styron, escritor estadounidense.<\/p>\n\n\n\n<p>2007.- Paul Tibbets, piloto estadounidense del avi\u00f3n, que lanz\u00f3 la primera bomba at\u00f3mica.<\/p>\n\n\n\n<p>2008.- Yma S\u00famac, soprano peruana.<\/p>\n\n\n\n<p>2009.- Alda Merini, poeta italiana.<\/p>\n\n\n\n<p>2012.- Agust\u00edn Garc\u00eda Calvo, escritor y traductor espa\u00f1ol.<\/p>\n\n\n\n<p>2017.- Pablo Cedr\u00f3n, actor y guionista argentino.<\/p>\n\n\n\n<p>2021.- Nelson Freire, pianista brasile\u00f1o.<\/p>\n","protected":false},"excerpt":{"rendered":"<p>Un d\u00eda 1 de noviembre como hoy, pero de 1922, un golpe de Estado en Turqu\u00eda, dirigido por Mustaf\u00e1 Kemal Ataturk pone fin al imperio otomano. Otras efem\u00e9rides 1700.- Muere en Madrid, sin sucesi\u00f3n, el rey Carlos II y finaliza la dinast\u00eda de los Austrias en Espa\u00f1a. 1755.- Tiene lugar el gran terremoto de Lisboa [&hellip;]<\/p>\n","protected":false},"author":6,"featured_media":46020,"comment_status":"open","ping_status":"open","sticky":false,"template":"","format":"standard","meta":{"_acf_changed":false,"_monsterinsights_skip_tracking":false,"_monsterinsights_sitenote_active":false,"_monsterinsights_sitenote_note":"","_monsterinsights_sitenote_category":0,"slim_seo":{"title":"Efem\u00e9rides 1 de noviembre - Opini\u00f3n P\u00fablica","description":"Un d\u00eda 1 de noviembre como hoy, pero de 1922, un golpe de Estado en Turqu\u00eda, dirigido por Mustaf\u00e1 Kemal Ataturk pone fin al imperio otomano. Otras efem\u00e9rides 17"},"footnotes":""},"categories":[27],"tags":[],"class_list":["post-46019","post","type-post","status-publish","format-standard","has-post-thumbnail","hentry","category-un-dia-como-hoy"],"acf":[],"_links":{"self":[{"href":"https:\/\/www.opinionpublica.tv\/portada\/wp-json\/wp\/v2\/posts\/46019","targetHints":{"allow":["GET"]}}],"collection":[{"href":"https:\/\/www.opinionpublica.tv\/portada\/wp-json\/wp\/v2\/posts"}],"about":[{"href":"https:\/\/www.opinionpublica.tv\/portada\/wp-json\/wp\/v2\/types\/post"}],"author":[{"embeddable":true,"href":"https:\/\/www.opinionpublica.tv\/portada\/wp-json\/wp\/v2\/users\/6"}],"replies":[{"embeddable":true,"href":"https:\/\/www.opinionpublica.tv\/portada\/wp-json\/wp\/v2\/comments?post=46019"}],"version-history":[{"count":2,"href":"https:\/\/www.opinionpublica.tv\/portada\/wp-json\/wp\/v2\/posts\/46019\/revisions"}],"predecessor-version":[{"id":46022,"href":"https:\/\/www.opinionpublica.tv\/portada\/wp-json\/wp\/v2\/posts\/46019\/revisions\/46022"}],"wp:featuredmedia":[{"embeddable":true,"href":"https:\/\/www.opinionpublica.tv\/portada\/wp-json\/wp\/v2\/media\/46020"}],"wp:attachment":[{"href":"https:\/\/www.opinionpublica.tv\/portada\/wp-json\/wp\/v2\/media?parent=46019"}],"wp:term":[{"taxonomy":"category","embeddable":true,"href":"https:\/\/www.opinionpublica.tv\/portada\/wp-json\/wp\/v2\/categories?post=46019"},{"taxonomy":"post_tag","embeddable":true,"href":"https:\/\/www.opinionpublica.tv\/portada\/wp-json\/wp\/v2\/tags?post=46019"}],"curies":[{"name":"wp","href":"https:\/\/api.w.org\/{rel}","templated":true}]}}