{"id":46015,"date":"2024-10-31T00:01:00","date_gmt":"2024-10-31T06:01:00","guid":{"rendered":"https:\/\/www.opinionpublica.tv\/portada\/?p=46015"},"modified":"2024-10-30T18:33:49","modified_gmt":"2024-10-31T00:33:49","slug":"efemerides-31-de-octubre-8","status":"publish","type":"post","link":"https:\/\/www.opinionpublica.tv\/portada\/efemerides-31-de-octubre-8\/","title":{"rendered":"Efem\u00e9rides 31 de octubre"},"content":{"rendered":"\n<p class=\"wp-block-paragraph\"><em>Un d\u00eda 31 de octubre como hoy, pero de 1517, Mart\u00edn Lutero clava en la iglesia del Palacio de Wittenberg, Alemania, las 95 tesis contra la venta de indulgencias por parte de la Iglesia de Roma. Es el inicio de la Reforma protestante.<\/em><\/p>\n\n\n\n<figure class=\"wp-block-image size-large\"><img fetchpriority=\"high\" decoding=\"async\" width=\"1024\" height=\"654\" src=\"https:\/\/www.opinionpublica.tv\/portada\/wp-content\/uploads\/2024\/10\/Martin-Lutero-clava-en-la-iglesia-del-Palacio-de-Wittenberg-Alemania-las-95-tesis-contra-la-venta-de-indulgencias-1024x654.webp\" alt=\"Marti\u0301n Lutero Clava En La Iglesia Del Palacio De Wittenberg, Alemania, Las 95 Tesis Contra La Venta De Indulgencias\" class=\"wp-image-46016\" srcset=\"https:\/\/www.opinionpublica.tv\/portada\/wp-content\/uploads\/2024\/10\/Martin-Lutero-clava-en-la-iglesia-del-Palacio-de-Wittenberg-Alemania-las-95-tesis-contra-la-venta-de-indulgencias-1024x654.webp 1024w, https:\/\/www.opinionpublica.tv\/portada\/wp-content\/uploads\/2024\/10\/Martin-Lutero-clava-en-la-iglesia-del-Palacio-de-Wittenberg-Alemania-las-95-tesis-contra-la-venta-de-indulgencias-300x192.webp 300w, https:\/\/www.opinionpublica.tv\/portada\/wp-content\/uploads\/2024\/10\/Martin-Lutero-clava-en-la-iglesia-del-Palacio-de-Wittenberg-Alemania-las-95-tesis-contra-la-venta-de-indulgencias-768x490.webp 768w, https:\/\/www.opinionpublica.tv\/portada\/wp-content\/uploads\/2024\/10\/Martin-Lutero-clava-en-la-iglesia-del-Palacio-de-Wittenberg-Alemania-las-95-tesis-contra-la-venta-de-indulgencias.webp 1300w\" sizes=\"(max-width: 1024px) 100vw, 1024px\" \/><\/figure>\n\n\n\n<p class=\"wp-block-paragraph\"><strong>Otras efem\u00e9rides<\/strong><\/p>\n\n\n\n<p class=\"wp-block-paragraph\">1541.- En Roma, es descubierto oficialmente el mural \u00abEl Juicio Final\u00bb realizado al fresco por Miguel \u00c1ngel para decorar el \u00e1bside de la Capilla Sixtina.<\/p>\n\n\n\n<p class=\"wp-block-paragraph\">1794.- El f\u00edsico brit\u00e1nico John Dalton descubre la enfermedad de la vista conocida popularmente como daltonismo o ceguera de los colores.<\/p>\n\n\n\n<p class=\"wp-block-paragraph\">1873.- Es apresado en aguas de Santiago de Cuba el vapor estadounidense \u00abVirginus\u00bb con un cargamento de armas para los insurrectos de la isla caribe\u00f1a lo que estuvo a punto de provocar una guerra entre Espa\u00f1a y Estados Unidos.<\/p>\n\n\n\n<p class=\"wp-block-paragraph\">1918.- Se disuelve el imperio Austro-h\u00fangaro, tras la revoluci\u00f3n y Carlos I, emperador de Austria y rey de Hungr\u00eda abdica de la Corona.<\/p>\n\n\n\n<p class=\"wp-block-paragraph\">1950.- Una comisi\u00f3n de Naciones Unidas revoca el acuerdo de 1946 que recomendaba la retirada de embajadores de Madrid y la exclusi\u00f3n de Espa\u00f1a de los organismos t\u00e9cnicos internacionales.<\/p>\n\n\n\n<p class=\"wp-block-paragraph\">1975.- El grupo brit\u00e1nico Queen publica la canci\u00f3n \u00abBohemian Rhapsody\u00bb para su \u00e1lbum \u00abA night at the Opera\u00bb.<\/p>\n\n\n\n<p class=\"wp-block-paragraph\">1978.- Es aprobada en Espa\u00f1a la Constituci\u00f3n en sesiones plenarias del Congreso de los Diputados y del Senado. La nueva Carta Magna ser\u00eda refrendada el 6 de diciembre siguiente en refer\u00e9ndum.<\/p>\n\n\n\n<p class=\"wp-block-paragraph\">1984.- La primera ministra india, Indira Gandhi, es asesinada por dos guardias \u00absijs\u00bb de su seguridad personal.<\/p>\n\n\n\n<p class=\"wp-block-paragraph\">1988.- La C\u00e1mara Federal de Buenos Aires confirma la condena a doce a\u00f1os de c\u00e1rcel a los tres militares que dirigieron la guerra de las Malvinas contra Gran Breta\u00f1a: Leopoldo Galtieri, Jorge Anaya y Basilio Lami.<\/p>\n\n\n\n<p class=\"wp-block-paragraph\">1989.- En Turqu\u00eda, el primer ministro Turgut Ozal es elegido presidente del pa\u00eds.<\/p>\n\n\n\n<p class=\"wp-block-paragraph\">1992.- El papa Juan Pablo II rehabilita solemnemente, 350 a\u00f1os despu\u00e9s de su muerte, al astr\u00f3nomo Galileo Galilei condenado por el Santo Oficio.<\/p>\n\n\n\n<p class=\"wp-block-paragraph\">1993.- Los peruanos aprueban en refer\u00e9ndum la nueva Constituci\u00f3n propuesta por Fujimori.<\/p>\n\n\n\n<p class=\"wp-block-paragraph\">1994.- El Gobierno de Angola y la guerrilla Uni\u00f3n Nacional para la Independencia Total de Angola (UNITA) firman en Lusaka, capital de Zambia, el texto de un acuerdo de paz para poner fin a la guerra civil en la ex colonia de Portugal.<\/p>\n\n\n\n<p class=\"wp-block-paragraph\">1997.- El general de divisi\u00f3n cubano, \u00c1lvaro L\u00f3pez Miera, hijo y nieto de militares espa\u00f1oles, es nombrado jefe del Estado Mayor del Ej\u00e9rcito de su pa\u00eds.<\/p>\n\n\n\n<p class=\"wp-block-paragraph\">1999.- La Iglesia cat\u00f3lica y la evang\u00e9lica firman en Berl\u00edn la \u00abDeclaraci\u00f3n conjunta de la gracia divina\u00bb para poner fin a 500 a\u00f1os de diferencias entre las dos corrientes del cristianismo.<\/p>\n\n\n\n<p class=\"wp-block-paragraph\">2007.- La Audiencia Nacional de Espa\u00f1a condena a los responsables de los atentados del 11-M en Madrid y atribuye la autor\u00eda a grupos terroristas de tipo yihadista.<\/p>\n\n\n\n<p class=\"wp-block-paragraph\">2008.- Se clausura la XVIII Cumbre Iberoamericana tras la firma de la Declaraci\u00f3n de San Salvador.<\/p>\n\n\n\n<p class=\"wp-block-paragraph\">2010.- Dilma Rousseff, del Partido de los Trabajadores, se convierte en la primera mujer jefa de Estado de Brasil.<\/p>\n\n\n\n<p class=\"wp-block-paragraph\">2010.- Se estrena en Estados Unidos la serie \u00abThe Walking Dead\u00bb.<\/p>\n\n\n\n<p class=\"wp-block-paragraph\">2011.- La UNESCO reconoce a Palestina como Estado miembro de pleno derecho.<\/p>\n\n\n\n<p class=\"wp-block-paragraph\">2013.- Siria completa el proceso de destrucci\u00f3n de sus plantas de producci\u00f3n y equipamiento de su arsenal qu\u00edmico.<\/p>\n\n\n\n<p class=\"wp-block-paragraph\">2015.- Mueren los 224 pasajeros de un avi\u00f3n ruso que se estrella en la pen\u00ednsula del Sina\u00ed (Egipto) en un atentado reivindicado por el Estado Isl\u00e1mico.<\/p>\n\n\n\n<p class=\"wp-block-paragraph\">2017.- Se celebra en Alemania el 500 aniversario de la Reforma Protestante.<\/p>\n\n\n\n<p class=\"wp-block-paragraph\">2021.- Argelia cierra por razones pol\u00edticas el Gasoducto Magreb Europa, construido hace 25 a\u00f1os.<\/p>\n\n\n\n<p class=\"wp-block-paragraph\"><strong>Nacimientos<\/strong><\/p>\n\n\n\n<p class=\"wp-block-paragraph\">1922.- Norodom Sihanuk, rey de Camboya.<\/p>\n\n\n\n<p class=\"wp-block-paragraph\">1930.- Michal Collins, astronauta estadounidense.<\/p>\n\n\n\n<p class=\"wp-block-paragraph\">1950.- Nora Isabel de Liechtenstein, princesa de Liechtenstein.<\/p>\n\n\n\n<p class=\"wp-block-paragraph\">1960.- Ciro Reza Pahlevi, heredero del trono de Ir\u00e1n, hijo del derrocado sha Mohamed Reza Pahlevi.<\/p>\n\n\n\n<p class=\"wp-block-paragraph\">1964.- Marco Van Basten, futbolista holand\u00e9s.<\/p>\n\n\n\n<p class=\"wp-block-paragraph\"><strong>Defunciones<\/strong><\/p>\n\n\n\n<p class=\"wp-block-paragraph\">1926.- Harry Houdini, ilusionista de origen austroh\u00fangaro.<\/p>\n\n\n\n<p class=\"wp-block-paragraph\">1969.- Lola Membrives, actriz espa\u00f1ola nacida en Argentina.<\/p>\n\n\n\n<p class=\"wp-block-paragraph\">1984.- Indira Gandhi, exprimera ministra de la India.<\/p>\n\n\n\n<p class=\"wp-block-paragraph\">1993.- Federico Fellini, cineasta italiano.<\/p>\n\n\n\n<p class=\"wp-block-paragraph\">1993.- River Phoenix, actor.<\/p>\n\n\n\n<p class=\"wp-block-paragraph\">2006.- Pieter Willem Botha, expresidente sudafricano.<\/p>\n\n\n\n<p class=\"wp-block-paragraph\">2017.- Mario Das Neves, pol\u00edtico argentino.<\/p>\n\n\n\n<p class=\"wp-block-paragraph\">2020.- Sean Connery, actor y productor brit\u00e1nico.<\/p>\n","protected":false},"excerpt":{"rendered":"<p>Un d\u00eda 31 de octubre como hoy, pero de 1517, Mart\u00edn Lutero clava en la iglesia del Palacio de Wittenberg, Alemania, las 95 tesis contra la venta de indulgencias por parte de la Iglesia de Roma. Es el inicio de la Reforma protestante. Otras efem\u00e9rides 1541.- En Roma, es descubierto oficialmente el mural \u00abEl Juicio [&hellip;]<\/p>\n","protected":false},"author":6,"featured_media":46016,"comment_status":"open","ping_status":"open","sticky":false,"template":"","format":"standard","meta":{"_acf_changed":false,"_monsterinsights_skip_tracking":false,"slim_seo":{"title":"Efem\u00e9rides 31 de octubre - Opini\u00f3n P\u00fablica","description":"Un d\u00eda 31 de octubre como hoy, pero de 1517, Mart\u00edn Lutero clava en la iglesia del Palacio de Wittenberg, Alemania, las 95 tesis contra la venta de indulgencias"},"footnotes":""},"categories":[27],"tags":[],"class_list":["post-46015","post","type-post","status-publish","format-standard","has-post-thumbnail","hentry","category-un-dia-como-hoy"],"acf":[],"_links":{"self":[{"href":"https:\/\/www.opinionpublica.tv\/portada\/wp-json\/wp\/v2\/posts\/46015","targetHints":{"allow":["GET"]}}],"collection":[{"href":"https:\/\/www.opinionpublica.tv\/portada\/wp-json\/wp\/v2\/posts"}],"about":[{"href":"https:\/\/www.opinionpublica.tv\/portada\/wp-json\/wp\/v2\/types\/post"}],"author":[{"embeddable":true,"href":"https:\/\/www.opinionpublica.tv\/portada\/wp-json\/wp\/v2\/users\/6"}],"replies":[{"embeddable":true,"href":"https:\/\/www.opinionpublica.tv\/portada\/wp-json\/wp\/v2\/comments?post=46015"}],"version-history":[{"count":1,"href":"https:\/\/www.opinionpublica.tv\/portada\/wp-json\/wp\/v2\/posts\/46015\/revisions"}],"predecessor-version":[{"id":46017,"href":"https:\/\/www.opinionpublica.tv\/portada\/wp-json\/wp\/v2\/posts\/46015\/revisions\/46017"}],"wp:featuredmedia":[{"embeddable":true,"href":"https:\/\/www.opinionpublica.tv\/portada\/wp-json\/wp\/v2\/media\/46016"}],"wp:attachment":[{"href":"https:\/\/www.opinionpublica.tv\/portada\/wp-json\/wp\/v2\/media?parent=46015"}],"wp:term":[{"taxonomy":"category","embeddable":true,"href":"https:\/\/www.opinionpublica.tv\/portada\/wp-json\/wp\/v2\/categories?post=46015"},{"taxonomy":"post_tag","embeddable":true,"href":"https:\/\/www.opinionpublica.tv\/portada\/wp-json\/wp\/v2\/tags?post=46015"}],"curies":[{"name":"wp","href":"https:\/\/api.w.org\/{rel}","templated":true}]}}