{"id":45853,"date":"2024-10-31T00:01:00","date_gmt":"2024-10-31T06:01:00","guid":{"rendered":"https:\/\/www.opinionpublica.tv\/portada\/?p=45853"},"modified":"2024-10-28T19:53:35","modified_gmt":"2024-10-29T01:53:35","slug":"las-senales-de-sheinbaum","status":"publish","type":"post","link":"https:\/\/www.opinionpublica.tv\/portada\/las-senales-de-sheinbaum\/","title":{"rendered":"Las se\u00f1ales de Sheinbaum"},"content":{"rendered":"\n<h4 class=\"wp-block-heading\"><strong><em>Carlos Angulo<\/em><\/strong><\/h4>\n\n\n\n<p class=\"wp-block-paragraph\">___________________________<\/p>\n\n\n\n<p class=\"wp-block-paragraph\">Cuando tom\u00f3 posesi\u00f3n nuestra presidente, Claudia Sheinbaum, hubo muchas especulaciones respecto a que si se independizar\u00eda de inmediato del expresidente L\u00f3pez y que, tomando el poder, ella iba a dar un giro muy importante respecto de las pol\u00edticas planteadas por el expresidente.<\/p>\n\n\n\n<p class=\"wp-block-paragraph\">Temo decirles, que la conducta de nuestra presidente ha manifestado lo contrario. Aparte de seguir fielmente a los dictados del expresidente, Sheinbaum ha hecho todo lo posible por radicalizar a\u00fan m\u00e1s sus posturas.<\/p>\n\n\n\n<p class=\"wp-block-paragraph\">As\u00ed tenemos, por ejemplo, en el ataque y destrucci\u00f3n hacia el Poder Judicial, una fuerte se\u00f1al de que ello es mandato del pueblo dado a ella por lo que contin\u00faa apoy\u00e1ndola a su conveniencia y vehementemente la promueve en sus giras de fines de semana.<\/p>\n\n\n\n<p class=\"wp-block-paragraph\">Tambi\u00e9n la presidente ha dado muestras de un desprecio, por dem\u00e1s inexplicable, a la iniciativa privada, al no acudir a la junta anual en Monterrey de CONCAMIN, organismo empresarial de m\u00e1xima importancia en el pa\u00eds.<\/p>\n\n\n\n<p class=\"wp-block-paragraph\">As\u00ed como ejemplo de autoritarismo al apoyar la llamada reforma a la \u201csupremac\u00eda constitucional\u201d, que elimina de cuajo los recursos que se puedan intentar los ciudadanos y organismos en contra de reformas constitucionales, aun cuando sean en violaci\u00f3n a los derechos humanos.<\/p>\n\n\n\n<p class=\"wp-block-paragraph\">En materia de seguridad p\u00fablica, la presidente sigue con su discurso de que \u201chay que atender las causas\u201d, ignorando que las verdaderas causas de la violencia son la impunidad, la colusi\u00f3n de los criminales con el gobierno y la tolerancia del gobierno a las actividades delictivas del crimen organizado.<\/p>\n\n\n\n<p class=\"wp-block-paragraph\">As\u00ed, la se\u00f1ales que Claudia Sheinbaum est\u00e1 mandando a los mexicanos son muy claras: ella representa al pueblo y el pueblo le dice que tiene ella todo el poder sobre la Constituci\u00f3n y sobre el Poder Judicial, por lo que lo que ella determine ser\u00e1 \u201cley suprema de la naci\u00f3n\u201d.<\/p>\n\n\n\n<p class=\"wp-block-paragraph\">Por el otro lado, el mensaje que le manda a la comunidad financiera y de negocios internacionales. Es algo as\u00ed, como que \u201cyo tengo un ca\u00f1\u00f3n apuntado a los inversionistas y a sus propiedades, pero -no se preocupen- nunca lo voy a usar en contra de ustedes, porque yo los necesito para que contin\u00faen invirtiendo en el pa\u00eds, generando empleos para darle prosperidad a m\u00ed pueblo, para que yo contin\u00fae gobern\u00e1ndolo como se merecen\u201d.<\/p>\n\n\n\n<p class=\"wp-block-paragraph\">Yo le preguntar\u00eda a los inversionistas, \u00bfustedes invertir\u00edan en un pa\u00eds en esas condiciones?<\/p>\n\n\n\n<p class=\"wp-block-paragraph\">Indudablemente que hay empresas y personas que responden: \u201chay muchos inversionistas que invirtieron en China, con circunstancias similares y no hubo ning\u00fan problema\u201d.<\/p>\n\n\n\n<p class=\"wp-block-paragraph\">Nada m\u00e1s que, hay que aclarar, M\u00e9xico, no es China y nos encontramos en un contexto geopol\u00edtico e hist\u00f3rico, distinto, en donde M\u00e9xico se hizo socio de Estados Unidos y Canad\u00e1, a partir de un tratado, que, con los cambios constitucionales y de leyes que se han estado haciendo en M\u00e9xico, o se planean realizar, no se est\u00e1 respetando los compromisos hechos, por lo que ya M\u00e9xico se encuentra en violaci\u00f3n de sus obligaciones. Entonces, \u00bfpor qu\u00e9 habr\u00eda que creerle ahora a Claudia?<\/p>\n\n\n\n<p class=\"wp-block-paragraph\">Al tener un Poder Judicial en el cual, todos sus jueces, magistrados y ministros, que para haber llegado a sus cargos, su inmensa mayor\u00eda requirieron muchos a\u00f1os de \u201cpicar piedra\u201d en los juzgados y tribunales, y llevaron a cabo amplios estudios, no solo de licenciatura, maestr\u00edas y doctorados, someti\u00e9ndose a arduos y competidos ex\u00e1menes de oposici\u00f3n, ahora van a ser despedidos de sus cargos, a trav\u00e9s de t\u00f3mbolas, para ser sustituidos por abogados con 5 a\u00f1os de experiencia y 5 cartas de recomendaci\u00f3n de sus vecinos, cuyos requisitos causa riza burlona a los juristas de Harvard e indigna ello a nuestra presidente, con ello, vamos a decaer en la calidad de la impartici\u00f3n de justicia de una manera exponencial.<\/p>\n\n\n\n<p class=\"wp-block-paragraph\">A\u00fan m\u00e1s decaimiento en el desempe\u00f1o de los jugadores ser\u00e1 causado por la f\u00e9rrea supervisi\u00f3n a la que quedar\u00e1n sujetos al estar sometidos a un tribunal inquisitorial del propio Poder Judicial, que tendr\u00e1 facultades de revisar sus resoluciones y si no se conforman a las conveniencias del r\u00e9gimen hasta la c\u00e1rcel pueden parar o perder sus cargos.<\/p>\n\n\n\n<p class=\"wp-block-paragraph\">Y aunado a lo anterior, ahora se acotan las suspensiones en los amparos y las facultades de la Corte de declarar la nulidad de las reformas que se hagan a la Constituci\u00f3n, aunque violen derechos humanos y tratados internacionales.<\/p>\n\n\n\n<p class=\"wp-block-paragraph\">Entonces nos quedan claras las se\u00f1ales que nos manda nuestra presidente Sheinbaum, ella representa al pueblo y lo que ordene al Congreso o al Poder Reformador de la Constituci\u00f3n se har\u00e1 porque dimana del pueblo mismo.<\/p>\n\n\n\n<p class=\"wp-block-paragraph\">Con esto, esperamos repercusiones graves en detrimento del pueblo.<\/p>\n","protected":false},"excerpt":{"rendered":"<p>Carlos Angulo ___________________________ Cuando tom\u00f3 posesi\u00f3n nuestra presidente, Claudia Sheinbaum, hubo muchas especulaciones respecto a que si se independizar\u00eda de inmediato del expresidente L\u00f3pez y que, tomando el poder, ella iba a dar un giro muy importante respecto de las pol\u00edticas planteadas por el expresidente. Temo decirles, que la conducta de nuestra presidente ha manifestado [&hellip;]<\/p>\n","protected":false},"author":6,"featured_media":45394,"comment_status":"open","ping_status":"open","sticky":false,"template":"","format":"standard","meta":{"_acf_changed":false,"_monsterinsights_skip_tracking":false,"slim_seo":{"title":"Las se\u00f1ales de Sheinbaum - Opini\u00f3n P\u00fablica","description":"Carlos Angulo ___________________________ Cuando tom\u00f3 posesi\u00f3n nuestra presidente, Claudia Sheinbaum, hubo muchas especulaciones respecto a que si se independiz"},"footnotes":""},"categories":[17],"tags":[825],"class_list":["post-45853","post","type-post","status-publish","format-standard","has-post-thumbnail","hentry","category-ultima-instancia","tag-carlos-angulo"],"acf":[],"_links":{"self":[{"href":"https:\/\/www.opinionpublica.tv\/portada\/wp-json\/wp\/v2\/posts\/45853","targetHints":{"allow":["GET"]}}],"collection":[{"href":"https:\/\/www.opinionpublica.tv\/portada\/wp-json\/wp\/v2\/posts"}],"about":[{"href":"https:\/\/www.opinionpublica.tv\/portada\/wp-json\/wp\/v2\/types\/post"}],"author":[{"embeddable":true,"href":"https:\/\/www.opinionpublica.tv\/portada\/wp-json\/wp\/v2\/users\/6"}],"replies":[{"embeddable":true,"href":"https:\/\/www.opinionpublica.tv\/portada\/wp-json\/wp\/v2\/comments?post=45853"}],"version-history":[{"count":3,"href":"https:\/\/www.opinionpublica.tv\/portada\/wp-json\/wp\/v2\/posts\/45853\/revisions"}],"predecessor-version":[{"id":45856,"href":"https:\/\/www.opinionpublica.tv\/portada\/wp-json\/wp\/v2\/posts\/45853\/revisions\/45856"}],"wp:featuredmedia":[{"embeddable":true,"href":"https:\/\/www.opinionpublica.tv\/portada\/wp-json\/wp\/v2\/media\/45394"}],"wp:attachment":[{"href":"https:\/\/www.opinionpublica.tv\/portada\/wp-json\/wp\/v2\/media?parent=45853"}],"wp:term":[{"taxonomy":"category","embeddable":true,"href":"https:\/\/www.opinionpublica.tv\/portada\/wp-json\/wp\/v2\/categories?post=45853"},{"taxonomy":"post_tag","embeddable":true,"href":"https:\/\/www.opinionpublica.tv\/portada\/wp-json\/wp\/v2\/tags?post=45853"}],"curies":[{"name":"wp","href":"https:\/\/api.w.org\/{rel}","templated":true}]}}