{"id":45740,"date":"2024-10-28T00:01:00","date_gmt":"2024-10-28T06:01:00","guid":{"rendered":"https:\/\/www.opinionpublica.tv\/portada\/?p=45740"},"modified":"2024-10-27T12:48:13","modified_gmt":"2024-10-27T18:48:13","slug":"efemerides-28-de-octubre-9","status":"publish","type":"post","link":"https:\/\/www.opinionpublica.tv\/portada\/efemerides-28-de-octubre-9\/","title":{"rendered":"Efem\u00e9rides 28 de octubre"},"content":{"rendered":"\n<p class=\"wp-block-paragraph\"><em>Un d\u00eda 28 de octubre como hoy, pero de 1962, la Uni\u00f3n Sovi\u00e9tica retira los misiles instalados en Cuba y Estados Unidos se compromete a no invadir la isla, con lo que se pone fin a la conocida como \u00abcrisis de los misiles\u00bb.<\/em><\/p>\n\n\n\n<figure class=\"wp-block-image size-full\"><img fetchpriority=\"high\" decoding=\"async\" width=\"640\" height=\"356\" src=\"https:\/\/www.opinionpublica.tv\/portada\/wp-content\/uploads\/2024\/10\/crisis-de-los-misiles-en-Cuba.webp\" alt=\"Crisis De Los Misiles En Cuba\" class=\"wp-image-45741\" srcset=\"https:\/\/www.opinionpublica.tv\/portada\/wp-content\/uploads\/2024\/10\/crisis-de-los-misiles-en-Cuba.webp 640w, https:\/\/www.opinionpublica.tv\/portada\/wp-content\/uploads\/2024\/10\/crisis-de-los-misiles-en-Cuba-300x167.webp 300w\" sizes=\"(max-width: 640px) 100vw, 640px\" \/><\/figure>\n\n\n\n<p class=\"wp-block-paragraph\"><strong>Otras efem\u00e9rides<\/strong><\/p>\n\n\n\n<p class=\"wp-block-paragraph\">1746.- Un terremoto y un maremoto en la costa de Per\u00fa destruye casi por completo la capital del pa\u00eds, Lima.<\/p>\n\n\n\n<p class=\"wp-block-paragraph\">1790.- Se acuerda en El Escorial (Madrid) la convenci\u00f3n por la que Espa\u00f1a renuncia, en favor de Inglaterra, a sus derechos sobre la costa occidental de Am\u00e9rica del Norte a partir de los 48 grados de latitud.<\/p>\n\n\n\n<p class=\"wp-block-paragraph\">1836.- El general Andr\u00e9s Santa Cruz proclama la Confederaci\u00f3n de Bolivia y Per\u00fa, al objeto de crear un estado confederado que uniera los territorios de ambos pa\u00edses.<\/p>\n\n\n\n<p class=\"wp-block-paragraph\">1886.- En Estados Unidos, el presidente Grover Cleveland, inaugura la estatua de la Libertad en la isla Bedloe de Nueva York, actualmente conocida como Isla de la Libertad.<\/p>\n\n\n\n<p class=\"wp-block-paragraph\">1892.- Charles-Emile Reynaud, inventor y pionero del cine, presenta en el museo Grevin de Par\u00eds sus \u00abPantomimas luminosas\u00bb, consideradas las primeras pel\u00edculas de dibujos.<\/p>\n\n\n\n<p class=\"wp-block-paragraph\">1918.- Se proclama en Praga la independencia de Checoslovaquia, tras la disoluci\u00f3n del imperio Austro-h\u00fangaro despu\u00e9s al final de la I Guerra Mundial.<\/p>\n\n\n\n<p class=\"wp-block-paragraph\">1924.- Francia reconoce al gobierno de la Uni\u00f3n Sovi\u00e9tica.<\/p>\n\n\n\n<p class=\"wp-block-paragraph\">1937.- Se proclama del estado independiente de Mongolia Interior, una de las cinco regiones aut\u00f3nomas que conforman la Rep\u00fablica Popular de China.<\/p>\n\n\n\n<p class=\"wp-block-paragraph\">1958.- Es elegido papa, en el cuarto d\u00eda de c\u00f3nclave, el cardenal Angelo Giuseppe Roncalli, que toma el nombre de Juan XXIII. Conocido como \u00abel Papa bueno\u00bb abri\u00f3 la Iglesia al mundo con el Concilio Vaticano II. Fue canonizado junto con Juan Pablo II el 27 de abril de 2014.<\/p>\n\n\n\n<p class=\"wp-block-paragraph\">1977.- Se lanza al mercado el \u00e1lbum de Queen llamado \u00abNews of the World\u00bb.<\/p>\n\n\n\n<p class=\"wp-block-paragraph\">1991.- Los presidentes de El Salvador, Honduras y Guatemala inauguran en Ciudad de Guatemala el Parlamento Centroamericano (Parlacen).<\/p>\n\n\n\n<p class=\"wp-block-paragraph\">1998.- El Tribunal Superior de Inglaterra y Gales determina que Pinochet, detenido de forma preventiva en una cl\u00ednica londinense, goza de inmunidad en su condici\u00f3n de antiguo jefe de Estado.<\/p>\n\n\n\n<p class=\"wp-block-paragraph\">1999.- El Parlamento de Montenegro emite una ley que establece la existencia de una nacionalidad montenegrina y no una ciudadan\u00eda yugoslava, como hasta el momento.<\/p>\n\n\n\n<p class=\"wp-block-paragraph\">2007.- En Argentina, Cristina Fern\u00e1ndez Kirchner gana las elecciones presidenciales.<\/p>\n\n\n\n<p class=\"wp-block-paragraph\">2011.- La agencia espacial estadounidense, Nasa, lanza el sat\u00e9lite NPP de observaci\u00f3n meteorol\u00f3gica, la primera misi\u00f3n que recabar\u00e1 informaci\u00f3n del tiempo y del cambio clim\u00e1tico a largo plazo.<\/p>\n\n\n\n<p class=\"wp-block-paragraph\">2013.- El Banco de Desarrollo de Am\u00e9rica Latina (CAF) y el gobierno de Colombia acuerdan convertir el puerto colombiano de Buenaventura en \u00abcapital\u00bb de la Alianza del Pac\u00edfico.<\/p>\n\n\n\n<p class=\"wp-block-paragraph\">2014.- La Asamblea General de la ONU exige, por vig\u00e9simo tercer a\u00f1o consecutivo, el fin del embargo a Cuba.<\/p>\n\n\n\n<p class=\"wp-block-paragraph\">2016.- Se decide en Australia la creaci\u00f3n de un \u00e1rea protegida de 1.55 millones de kil\u00f3metros en el mar de Ross (Ant\u00e1rtico), la mayor reserva marina del mundo.<\/p>\n\n\n\n<p class=\"wp-block-paragraph\">2018.- En Brasil, el ultraderechista Jair Bolsonaro gana las elecciones presidenciales con un 55,54 % de los votos.<\/p>\n\n\n\n<p class=\"wp-block-paragraph\">2019.- En Argentina, el peronista Alberto Fern\u00e1ndez se proclama vencedor de las elecciones presidenciales.<\/p>\n\n\n\n<p class=\"wp-block-paragraph\"><strong>Nacimientos<\/strong><\/p>\n\n\n\n<p class=\"wp-block-paragraph\">1466.- Erasmo de Rotterdam, escritor humanista holand\u00e9s.<\/p>\n\n\n\n<p class=\"wp-block-paragraph\">1866.- Ram\u00f3n Mar\u00eda del Valle Incl\u00e1n, escritor espa\u00f1ol.<\/p>\n\n\n\n<p class=\"wp-block-paragraph\">1926.- Jorge Siles Salinas, escritor y acad\u00e9mico boliviano.<\/p>\n\n\n\n<p class=\"wp-block-paragraph\">1930.- Bernard Charles Ecclestone, patr\u00f3n de f\u00f3rmula 1 ingl\u00e9s.<\/p>\n\n\n\n<p class=\"wp-block-paragraph\">1931.- Anal\u00eda Gad\u00e9, actriz argentina.<\/p>\n\n\n\n<p class=\"wp-block-paragraph\">1943.- Charo L\u00f3pez, actriz espa\u00f1ola.<\/p>\n\n\n\n<p class=\"wp-block-paragraph\">1955.- Bill Gates, inform\u00e1tico, empresario estadounidense.<\/p>\n\n\n\n<p class=\"wp-block-paragraph\">1957.- Stephen Paul David Morris, \u00abStephen Morris\u00bb, m\u00fasico brit\u00e1nico.<\/p>\n\n\n\n<p class=\"wp-block-paragraph\">1963.- Eros Ramazzotti, cantante italiano.<\/p>\n\n\n\n<p class=\"wp-block-paragraph\">1967.- Julia Roberts, actriz estadounidense<\/p>\n\n\n\n<p class=\"wp-block-paragraph\">1974.- Joaqu\u00edn Phoenix, actor puertorrique\u00f1o.<\/p>\n\n\n\n<p class=\"wp-block-paragraph\">1987.- Frank Ocean, \u00abFrank\u00bb, cantante de rap y compositor estadounidense.<\/p>\n\n\n\n<p class=\"wp-block-paragraph\"><strong>Defunciones<\/strong><\/p>\n\n\n\n<p class=\"wp-block-paragraph\">1704.- John Locke, fil\u00f3sofo ingl\u00e9s.<\/p>\n\n\n\n<p class=\"wp-block-paragraph\">1977.- Miguel Mihura, escritor, dibujante y humorista espa\u00f1ol.<\/p>\n\n\n\n<p class=\"wp-block-paragraph\">1999.- Rafael Alberti, poeta espa\u00f1ol.<\/p>\n\n\n\n<p class=\"wp-block-paragraph\">2007.- Bao Zunxin, cient\u00edfico y l\u00edder opositor chino.<\/p>\n\n\n\n<p class=\"wp-block-paragraph\">2014.- Jos\u00e9 Mar\u00eda Manzanares, torero espa\u00f1ol.<\/p>\n\n\n\n<p class=\"wp-block-paragraph\">2018.- Luis Miguel Enciso Recio, pol\u00edtico, historiador, escritor y profesor espa\u00f1ol.<\/p>\n\n\n\n<p class=\"wp-block-paragraph\">2020.- Alain Rey, ling\u00fcista franc\u00e9s.<\/p>\n","protected":false},"excerpt":{"rendered":"<p>Un d\u00eda 28 de octubre como hoy, pero de 1962, la Uni\u00f3n Sovi\u00e9tica retira los misiles instalados en Cuba y Estados Unidos se compromete a no invadir la isla, con lo que se pone fin a la conocida como \u00abcrisis de los misiles\u00bb. Otras efem\u00e9rides 1746.- Un terremoto y un maremoto en la costa de [&hellip;]<\/p>\n","protected":false},"author":6,"featured_media":45741,"comment_status":"open","ping_status":"open","sticky":false,"template":"","format":"standard","meta":{"_acf_changed":false,"_monsterinsights_skip_tracking":false,"slim_seo":{"title":"Efem\u00e9rides 28 de octubre - Opini\u00f3n P\u00fablica","description":"Un d\u00eda 28 de octubre como hoy, pero de 1962, la Uni\u00f3n Sovi\u00e9tica retira los misiles instalados en Cuba y Estados Unidos se compromete a no invadir la isla, con l"},"footnotes":""},"categories":[1,27],"tags":[],"class_list":["post-45740","post","type-post","status-publish","format-standard","has-post-thumbnail","hentry","category-sin-categoria","category-un-dia-como-hoy"],"acf":[],"_links":{"self":[{"href":"https:\/\/www.opinionpublica.tv\/portada\/wp-json\/wp\/v2\/posts\/45740","targetHints":{"allow":["GET"]}}],"collection":[{"href":"https:\/\/www.opinionpublica.tv\/portada\/wp-json\/wp\/v2\/posts"}],"about":[{"href":"https:\/\/www.opinionpublica.tv\/portada\/wp-json\/wp\/v2\/types\/post"}],"author":[{"embeddable":true,"href":"https:\/\/www.opinionpublica.tv\/portada\/wp-json\/wp\/v2\/users\/6"}],"replies":[{"embeddable":true,"href":"https:\/\/www.opinionpublica.tv\/portada\/wp-json\/wp\/v2\/comments?post=45740"}],"version-history":[{"count":2,"href":"https:\/\/www.opinionpublica.tv\/portada\/wp-json\/wp\/v2\/posts\/45740\/revisions"}],"predecessor-version":[{"id":45743,"href":"https:\/\/www.opinionpublica.tv\/portada\/wp-json\/wp\/v2\/posts\/45740\/revisions\/45743"}],"wp:featuredmedia":[{"embeddable":true,"href":"https:\/\/www.opinionpublica.tv\/portada\/wp-json\/wp\/v2\/media\/45741"}],"wp:attachment":[{"href":"https:\/\/www.opinionpublica.tv\/portada\/wp-json\/wp\/v2\/media?parent=45740"}],"wp:term":[{"taxonomy":"category","embeddable":true,"href":"https:\/\/www.opinionpublica.tv\/portada\/wp-json\/wp\/v2\/categories?post=45740"},{"taxonomy":"post_tag","embeddable":true,"href":"https:\/\/www.opinionpublica.tv\/portada\/wp-json\/wp\/v2\/tags?post=45740"}],"curies":[{"name":"wp","href":"https:\/\/api.w.org\/{rel}","templated":true}]}}