{"id":45705,"date":"2024-10-26T00:01:00","date_gmt":"2024-10-26T06:01:00","guid":{"rendered":"https:\/\/www.opinionpublica.tv\/portada\/?p=45705"},"modified":"2024-10-25T22:33:50","modified_gmt":"2024-10-26T04:33:50","slug":"funcionarios-municipales-promueven-cuidado-preventivo-contra-el-cancer-de-mama","status":"publish","type":"post","link":"https:\/\/www.opinionpublica.tv\/portada\/funcionarios-municipales-promueven-cuidado-preventivo-contra-el-cancer-de-mama\/","title":{"rendered":"Funcionarios promueven cuidado preventivo contra el c\u00e1ncer de mama"},"content":{"rendered":"\n<figure class=\"wp-block-image size-large\"><img fetchpriority=\"high\" decoding=\"async\" width=\"1024\" height=\"682\" src=\"https:\/\/www.opinionpublica.tv\/portada\/wp-content\/uploads\/2024\/10\/Funcionarios-promueven-cuidado-preventivo-contra-el-cancer-de-mama-1024x682.jpeg\" alt=\"Funcionarios Promueven Cuidado Preventivo Contra El Ca\u0301ncer De Mama\" class=\"wp-image-45709\" srcset=\"https:\/\/www.opinionpublica.tv\/portada\/wp-content\/uploads\/2024\/10\/Funcionarios-promueven-cuidado-preventivo-contra-el-cancer-de-mama-1024x682.jpeg 1024w, https:\/\/www.opinionpublica.tv\/portada\/wp-content\/uploads\/2024\/10\/Funcionarios-promueven-cuidado-preventivo-contra-el-cancer-de-mama-300x200.jpeg 300w, https:\/\/www.opinionpublica.tv\/portada\/wp-content\/uploads\/2024\/10\/Funcionarios-promueven-cuidado-preventivo-contra-el-cancer-de-mama-768x512.jpeg 768w, https:\/\/www.opinionpublica.tv\/portada\/wp-content\/uploads\/2024\/10\/Funcionarios-promueven-cuidado-preventivo-contra-el-cancer-de-mama-1536x1023.jpeg 1536w, https:\/\/www.opinionpublica.tv\/portada\/wp-content\/uploads\/2024\/10\/Funcionarios-promueven-cuidado-preventivo-contra-el-cancer-de-mama.jpeg 1600w\" sizes=\"(max-width: 1024px) 100vw, 1024px\" \/><\/figure>\n\n\n\n<p class=\"wp-block-paragraph\"><em>Ciudad Ju\u00e1rez, Chih<\/em>.- A fin de crear conciencia en la poblaci\u00f3n y buscar que cada vez m\u00e1s mujeres realicen cuidados preventivos para detectar el c\u00e1ncer de mama, la tarde de este viernes empleadas, directoras y regidores del Gobierno Municipal 2024-2027 acudieron al Puente Rotario a entregar informaci\u00f3n sobre este padecimiento.<\/p>\n\n\n\n<p class=\"wp-block-paragraph\">Personal del municipio acudi\u00f3 al llamado \u201cpuente al rev\u00e9s\u201d para hacer la entrega de volantes donde se informa sobre la importancia de poder detectar a tiempo este c\u00e1ncer y as\u00ed poder salvar vidas.<\/p>\n\n\n\n<p class=\"wp-block-paragraph\">La coordinadora de la Comisi\u00f3n de la Mujer y Equidad de G\u00e9nero, regidora Martha Patricia Mendoza Rodr\u00edguez, coment\u00f3 que es necesario que ni\u00f1as, adolescentes, mujeres, incluso los hombres, conozcan sobre este padecimiento.<\/p>\n\n\n\n<p class=\"wp-block-paragraph\">Se decidi\u00f3 hacer la entrega de volantes en el punto tambi\u00e9n conocido como \u201cpuente al rev\u00e9s\u201d porque es un lugar estrat\u00e9gico donde concurren personas que viven en todos los puntos cardinales de la ciudad.<\/p>\n\n\n\n<p class=\"wp-block-paragraph\">Asegur\u00f3 que la administraci\u00f3n que encabeza el Presidente Municipal, Cruz P\u00e9rez Cu\u00e9llar, est\u00e1 haciendo todo lo posible para que la comunidad y en este caso especial las mujeres tengan una mejor calidad de vida, por ello su campa\u00f1a contra el c\u00e1ncer es permanente.<\/p>\n\n\n\n<p class=\"wp-block-paragraph\">Por esta raz\u00f3n la Direcci\u00f3n General de Centros Comunitarios realiza mastograf\u00edas gratuitas a toda la comunidad.<\/p>\n\n\n\n<p class=\"wp-block-paragraph\">En Ciudad Ju\u00e1rez est\u00e1 el Centro Comunitario del Kil\u00f3metro 27, el de Palo Chino, Olivia Espinoza y Granjas de Chapultepec.<\/p>\n\n\n\n<p class=\"wp-block-paragraph\">El encargado del despacho de la Direcci\u00f3n General de Centros Comunitarios, Jes\u00fas Manuel Garc\u00eda Reyes, inform\u00f3 que la atenci\u00f3n es de lunes a viernes, de 08:00 a 15:00 horas.<\/p>\n\n\n\n<p class=\"wp-block-paragraph\">Estos servicios no tienen ning\u00fan costo, s\u00f3lo hay que acudir, sin necesidad de cita previa, mencion\u00f3.<\/p>\n\n\n\n<p class=\"wp-block-paragraph\">Solamente se requiere que sean mujeres mayores de 40 a\u00f1os, aseadas, depiladas, sin cremas o desodorantes el d\u00eda que acudan a su valoraci\u00f3n, as\u00ed como haber pasado diez d\u00edas despu\u00e9s de su periodo menstrual.<\/p>\n\n\n\n<p class=\"wp-block-paragraph\">Pero en algunos casos se ha atendido a mujeres menores de los 40, ya que algunos m\u00e9dicos les piden que se hagan esos ex\u00e1menes, coment\u00f3.<\/p>\n\n\n\n<p class=\"wp-block-paragraph\">En diversas ocasiones, Daphne Santana Fern\u00e1ndez, encargada del despacho de la Direcci\u00f3n General de Salud Municipal, dijo que es importante que las mujeres mayores de 40 a\u00f1os acudan a realizarse una mastograf\u00eda peri\u00f3dicamente.<\/p>\n\n\n\n<p class=\"wp-block-paragraph\">Adem\u00e1s, es bueno una autoexploraci\u00f3n y as\u00ed detectar oportunamente este padecimiento, pues recibir el tratamiento a tiempo mejora la probabilidad de supervivencia.<\/p>\n\n\n\n<p class=\"wp-block-paragraph\">Tambi\u00e9n es importante conocer los factores de riesgo que hacen factible el c\u00e1ncer, entre ellos est\u00e1n los no modificables, como lo es que alguna madre o hermana haya tenido este mal y presentar mutaciones gen\u00e9ticas.<\/p>\n\n\n\n<p class=\"wp-block-paragraph\">Otras posibilidades de riesgo son la edad de comienzo de menstruaci\u00f3n y cuando inici\u00f3 la menopausia, agreg\u00f3.<\/p>\n\n\n\n<p class=\"wp-block-paragraph\">Las cuestiones modificables son el consumo de alcohol, tabaco, la dieta que se lleva, es decir, aspectos que se pueden modificar y evitar este mal.<\/p>\n","protected":false},"excerpt":{"rendered":"<p>Ciudad Ju\u00e1rez, Chih.- A fin de crear conciencia en la poblaci\u00f3n y buscar que cada vez m\u00e1s mujeres realicen cuidados preventivos para detectar el c\u00e1ncer de mama, la tarde de este viernes empleadas, directoras y regidores del Gobierno Municipal 2024-2027 acudieron al Puente Rotario a entregar informaci\u00f3n sobre este padecimiento. Personal del municipio acudi\u00f3 al [&hellip;]<\/p>\n","protected":false},"author":6,"featured_media":45709,"comment_status":"open","ping_status":"open","sticky":false,"template":"","format":"standard","meta":{"_acf_changed":false,"_monsterinsights_skip_tracking":false,"slim_seo":{"title":"Funcionarios promueven cuidado preventivo contra el c\u00e1ncer de mama - Opini\u00f3n P\u00fablica","description":"Ciudad Ju\u00e1rez, Chih .- A fin de crear conciencia en la poblaci\u00f3n y buscar que cada vez m\u00e1s mujeres realicen cuidados preventivos para detectar el c\u00e1ncer de mama"},"footnotes":""},"categories":[41],"tags":[],"class_list":["post-45705","post","type-post","status-publish","format-standard","has-post-thumbnail","hentry","category-juarez"],"acf":[],"_links":{"self":[{"href":"https:\/\/www.opinionpublica.tv\/portada\/wp-json\/wp\/v2\/posts\/45705","targetHints":{"allow":["GET"]}}],"collection":[{"href":"https:\/\/www.opinionpublica.tv\/portada\/wp-json\/wp\/v2\/posts"}],"about":[{"href":"https:\/\/www.opinionpublica.tv\/portada\/wp-json\/wp\/v2\/types\/post"}],"author":[{"embeddable":true,"href":"https:\/\/www.opinionpublica.tv\/portada\/wp-json\/wp\/v2\/users\/6"}],"replies":[{"embeddable":true,"href":"https:\/\/www.opinionpublica.tv\/portada\/wp-json\/wp\/v2\/comments?post=45705"}],"version-history":[{"count":3,"href":"https:\/\/www.opinionpublica.tv\/portada\/wp-json\/wp\/v2\/posts\/45705\/revisions"}],"predecessor-version":[{"id":45710,"href":"https:\/\/www.opinionpublica.tv\/portada\/wp-json\/wp\/v2\/posts\/45705\/revisions\/45710"}],"wp:featuredmedia":[{"embeddable":true,"href":"https:\/\/www.opinionpublica.tv\/portada\/wp-json\/wp\/v2\/media\/45709"}],"wp:attachment":[{"href":"https:\/\/www.opinionpublica.tv\/portada\/wp-json\/wp\/v2\/media?parent=45705"}],"wp:term":[{"taxonomy":"category","embeddable":true,"href":"https:\/\/www.opinionpublica.tv\/portada\/wp-json\/wp\/v2\/categories?post=45705"},{"taxonomy":"post_tag","embeddable":true,"href":"https:\/\/www.opinionpublica.tv\/portada\/wp-json\/wp\/v2\/tags?post=45705"}],"curies":[{"name":"wp","href":"https:\/\/api.w.org\/{rel}","templated":true}]}}