{"id":45667,"date":"2024-10-26T00:01:00","date_gmt":"2024-10-26T06:01:00","guid":{"rendered":"https:\/\/www.opinionpublica.tv\/portada\/?p=45667"},"modified":"2024-10-25T21:35:05","modified_gmt":"2024-10-26T03:35:05","slug":"efemerides-26-de-octubre-9","status":"publish","type":"post","link":"https:\/\/www.opinionpublica.tv\/portada\/efemerides-26-de-octubre-9\/","title":{"rendered":"Efem\u00e9rides 26 de octubre"},"content":{"rendered":"\n<p class=\"wp-block-paragraph\"><em>Un d\u00eda 26 de octubre como hoy, pero de 1885, Louis Pasteur expone sus trabajos sobre inmunizaci\u00f3n contra la rabia en la Academia de Ciencias de Par\u00eds.<\/em><\/p>\n\n\n\n<figure class=\"wp-block-image size-full\"><img fetchpriority=\"high\" decoding=\"async\" width=\"271\" height=\"186\" src=\"https:\/\/www.opinionpublica.tv\/portada\/wp-content\/uploads\/2024\/10\/Louis-Pasteur-expone-sus-trabajos-sobre-inmunizacion-contra-la-rabia-en-la-Academia-de-Ciencias-de-Paris.jpeg\" alt=\"Louis Pasteur Expone Sus Trabajos Sobre Inmunizacio\u0301n Contra La Rabia En La Academia De Ciencias De Pari\u0301s\" class=\"wp-image-45668\"\/><\/figure>\n\n\n\n<p class=\"wp-block-paragraph\"><strong>Otras efem\u00e9rides<\/strong><\/p>\n\n\n\n<p class=\"wp-block-paragraph\">1547.- Batalla de Huarina (Per\u00fa): las fuerzas de Gonzalo Pizarro derrotan a las enviadas por Carlos I de Espa\u00f1a.<\/p>\n\n\n\n<p class=\"wp-block-paragraph\">1838.- Traslado de los restos mortales del que fue \u00abemperador\u00bb de M\u00e9xico, Agust\u00edn It\u00farbide, a la catedral de la capital de M\u00e9xico.<\/p>\n\n\n\n<p class=\"wp-block-paragraph\">1896.- Firma del Tratado de Addis Abeba por el que Italia reconoce la independencia de Abisinia, actual Rep\u00fablica Democr\u00e1tica Federal de Etiop\u00eda.<\/p>\n\n\n\n<p class=\"wp-block-paragraph\">1905.- Suecia reconoce a Noruega como Estado independiente.<\/p>\n\n\n\n<p class=\"wp-block-paragraph\">1955.- El general Ngo Dinh Diem proclama en Saig\u00f3n la Rep\u00fablica de Vietnam, conocida como Vietnam del Sur, y \u00e9l se convierte en el primer presidente de la misma.<\/p>\n\n\n\n<p class=\"wp-block-paragraph\">1958.- Vuelo inaugural del Boeing 707 Clipper Am\u00e9rica, de Pan Am, entre Nueva York y Par\u00eds.<\/p>\n\n\n\n<p class=\"wp-block-paragraph\">1965.- \u00abThe Beatles\u00bb reciben en Londres la Orden del Imperio Brit\u00e1nico.<\/p>\n\n\n\n<p class=\"wp-block-paragraph\">1984.- Estreno de la pel\u00edcula \u00abTerminator\u00bb (James Cameron), protagonizada por Arnold Schwarzenegger.<\/p>\n\n\n\n<p class=\"wp-block-paragraph\">1994.- Jordania e Israel, en presencia de EEUU, firman un tratado de paz, precedido de la declaraci\u00f3n de Washington del 25 de julio de ese a\u00f1o y que termin\u00f3 con 46 a\u00f1os de beligerancia entre ambos pa\u00edses.<\/p>\n\n\n\n<p class=\"wp-block-paragraph\">1997.- Elecciones legislativas en Argentina. Los justicialistas pierden la mayor\u00eda absoluta.<\/p>\n\n\n\n<p class=\"wp-block-paragraph\">1998.- Los presidentes de Ecuador, Jamil Mahuad, y de Per\u00fa, Alberto Fujimori, firman en Brasilia un acuerdo de paz que pone fin a 170 a\u00f1os de divergencias fronterizas.<\/p>\n\n\n\n<p class=\"wp-block-paragraph\">1999.- La C\u00e1mara de los Lores del Reino Unido aprueba el proyecto de ley que propugna terminar con el derecho a los esca\u00f1os y votos hereditarios de los nobles en esa C\u00e1mara Alta.<\/p>\n\n\n\n<p class=\"wp-block-paragraph\">2001.- El presidente de EEUU, George W. Bush, firma la nueva ley antiterrorista, que permite intervenir las comunicaciones a trav\u00e9s de Internet.<\/p>\n\n\n\n<p class=\"wp-block-paragraph\">2002.- Un comando checheno retiene a m\u00e1s de 800 personas en el Teatro Dubrovka de Mosc\u00fa. La crisis se cerr\u00f3 con la intervenci\u00f3n militar rusa y 169 muertos.<\/p>\n\n\n\n<p class=\"wp-block-paragraph\">2004.- La Corte Suprema de Argentina convalida la conversi\u00f3n obligatoria a pesos de los dep\u00f3sitos en d\u00f3lares aplicada en 2002.<\/p>\n\n\n\n<p class=\"wp-block-paragraph\">2006.- El presidente estadounidense George W. Bush firma la ley para levantar un muro en la frontera de M\u00e9xico.<\/p>\n\n\n\n<p class=\"wp-block-paragraph\">2008.- El excongresista colombiano \u00d3scar Tulio Lizcano es rescatado por el Ej\u00e9rcito, tras m\u00e1s de ocho a\u00f1os en el poder de la guerrilla de las FARC.<\/p>\n\n\n\n<p class=\"wp-block-paragraph\">2010.- Mueren 454 personas y cerca de 90 desaparecen tras el terremoto de 7,5 escala Richter y posterior tsunami que sacudi\u00f3 la isla indonesia de Sumatra.<\/p>\n\n\n\n<p class=\"wp-block-paragraph\">2011.- Las autoridades de M\u00e9xico anuncian la detenci\u00f3n de Adri\u00e1n Ram\u00edrez Soria, presunto l\u00edder del cartel del Centro.<\/p>\n\n\n\n<p class=\"wp-block-paragraph\">2012.- Microsoft lanza su sistema operativo Windows 8.<\/p>\n\n\n\n<p class=\"wp-block-paragraph\">2012.- El exprimer ministro italiano Silvio Berlusconi, condenado a 4 a\u00f1os de prisi\u00f3n por el Tribunal Penal de Mil\u00e1n por un delito de fraude fiscal en el \u00abCaso Mediaset\u00bb.<\/p>\n\n\n\n<p class=\"wp-block-paragraph\">2014.- Dilma Rousseff es reelegida presidenta de Brasil.<\/p>\n\n\n\n<p class=\"wp-block-paragraph\">2017.- El presidente estadounidense Donald Trump permite la publicaci\u00f3n de m\u00e1s de 2 mil 800 documentos clasificados sobre el asesinato de John F. Kennedy.<\/p>\n\n\n\n<p class=\"wp-block-paragraph\">2019.- En el Vaticano, el S\u00ednodo sobre la Amazon\u00eda aprueba la propuesta de poder ordenar sacerdotes a hombres casados en las zonas m\u00e1s aisladas de esa regi\u00f3n.<\/p>\n\n\n\n<p class=\"wp-block-paragraph\">2020.- Cient\u00edficos estadounidenses de la Nasa hallan datos inequ\u00edvocos de detecci\u00f3n de agua en la Luna y bolsas que pueden albergarla.<\/p>\n\n\n\n<p class=\"wp-block-paragraph\">2021.- La princesa Mako de Jap\u00f3n contrae matrimonio con el plebeyo Kei Komuro y abandona la familia imperial nipona, perdiendo su estatus.<\/p>\n\n\n\n<p class=\"wp-block-paragraph\">2022.- Un estudio con luz l\u00e1ser revela la existencia de un asentamiento urbano en las ruinas de Calakmul (Campeche): Se trata de templos, palacios, complejos habitacionales y transformaciones al paisaje, como terrazas y canales, que est\u00e1n ocultos por la selva. (Instituto Nacional de Antropolog\u00eda e Historia (INAH) de M\u00e9xico).<\/p>\n\n\n\n<p class=\"wp-block-paragraph\"><strong>Nacimientos<\/strong><\/p>\n\n\n\n<p class=\"wp-block-paragraph\">1912.- Don Siegel, director y productor de cine estadounidense.<\/p>\n\n\n\n<p class=\"wp-block-paragraph\">1916.- Francois Mitterrand, expresidente de Francia.<\/p>\n\n\n\n<p class=\"wp-block-paragraph\">1919.- Mohamed Reza Pahlevi, sha de Ir\u00e1n.<\/p>\n\n\n\n<p class=\"wp-block-paragraph\">1942.- Milton Nascimento, compositor y cantante brasile\u00f1o.<\/p>\n\n\n\n<p class=\"wp-block-paragraph\">1947.- Hillary Clinton, secretaria de EE.UU.<\/p>\n\n\n\n<p class=\"wp-block-paragraph\">1951.- Julian Schnabel, pintor estadounidense.<\/p>\n\n\n\n<p class=\"wp-block-paragraph\">1959.- Evo Morales Ayma, presidente de Bolivia.<\/p>\n\n\n\n<p class=\"wp-block-paragraph\"><strong>Defunciones<\/strong><\/p>\n\n\n\n<p class=\"wp-block-paragraph\">1608.- Pantoja de la Cruz, pintor espa\u00f1ol.<\/p>\n\n\n\n<p class=\"wp-block-paragraph\">1998.- Jos\u00e9 Augusto Cardoso Pires, escritor portugu\u00e9s.<\/p>\n\n\n\n<p class=\"wp-block-paragraph\">2006.- Rog\u00e9rio Duprat, m\u00fasico brasile\u00f1o.<\/p>\n\n\n\n<p class=\"wp-block-paragraph\">2007.- Arthur Kornberg, estadounidense, premio Nobel de Medicina 1959.<\/p>\n\n\n\n<p class=\"wp-block-paragraph\">2018.- Ana Gonz\u00e1lez de Recabarren, activista chilena.<\/p>\n\n\n\n<p class=\"wp-block-paragraph\">2021.- Walter Smith, legendario entrenador de f\u00fatbol del Rangers de Glasgow.<\/p>\n","protected":false},"excerpt":{"rendered":"<p>Un d\u00eda 26 de octubre como hoy, pero de 1885, Louis Pasteur expone sus trabajos sobre inmunizaci\u00f3n contra la rabia en la Academia de Ciencias de Par\u00eds. Otras efem\u00e9rides 1547.- Batalla de Huarina (Per\u00fa): las fuerzas de Gonzalo Pizarro derrotan a las enviadas por Carlos I de Espa\u00f1a. 1838.- Traslado de los restos mortales del [&hellip;]<\/p>\n","protected":false},"author":6,"featured_media":45668,"comment_status":"open","ping_status":"open","sticky":false,"template":"","format":"standard","meta":{"_acf_changed":false,"_monsterinsights_skip_tracking":false,"slim_seo":{"title":"Efem\u00e9rides 26 de octubre - Opini\u00f3n P\u00fablica","description":"Un d\u00eda 26 de octubre como hoy, pero de 1885, Louis Pasteur expone sus trabajos sobre inmunizaci\u00f3n contra la rabia en la Academia de Ciencias de Par\u00eds. Otras efe"},"footnotes":""},"categories":[27],"tags":[],"class_list":["post-45667","post","type-post","status-publish","format-standard","has-post-thumbnail","hentry","category-un-dia-como-hoy"],"acf":[],"_links":{"self":[{"href":"https:\/\/www.opinionpublica.tv\/portada\/wp-json\/wp\/v2\/posts\/45667","targetHints":{"allow":["GET"]}}],"collection":[{"href":"https:\/\/www.opinionpublica.tv\/portada\/wp-json\/wp\/v2\/posts"}],"about":[{"href":"https:\/\/www.opinionpublica.tv\/portada\/wp-json\/wp\/v2\/types\/post"}],"author":[{"embeddable":true,"href":"https:\/\/www.opinionpublica.tv\/portada\/wp-json\/wp\/v2\/users\/6"}],"replies":[{"embeddable":true,"href":"https:\/\/www.opinionpublica.tv\/portada\/wp-json\/wp\/v2\/comments?post=45667"}],"version-history":[{"count":2,"href":"https:\/\/www.opinionpublica.tv\/portada\/wp-json\/wp\/v2\/posts\/45667\/revisions"}],"predecessor-version":[{"id":45670,"href":"https:\/\/www.opinionpublica.tv\/portada\/wp-json\/wp\/v2\/posts\/45667\/revisions\/45670"}],"wp:featuredmedia":[{"embeddable":true,"href":"https:\/\/www.opinionpublica.tv\/portada\/wp-json\/wp\/v2\/media\/45668"}],"wp:attachment":[{"href":"https:\/\/www.opinionpublica.tv\/portada\/wp-json\/wp\/v2\/media?parent=45667"}],"wp:term":[{"taxonomy":"category","embeddable":true,"href":"https:\/\/www.opinionpublica.tv\/portada\/wp-json\/wp\/v2\/categories?post=45667"},{"taxonomy":"post_tag","embeddable":true,"href":"https:\/\/www.opinionpublica.tv\/portada\/wp-json\/wp\/v2\/tags?post=45667"}],"curies":[{"name":"wp","href":"https:\/\/api.w.org\/{rel}","templated":true}]}}