{"id":45651,"date":"2024-10-25T00:13:43","date_gmt":"2024-10-25T06:13:43","guid":{"rendered":"https:\/\/www.opinionpublica.tv\/portada\/?p=45651"},"modified":"2024-10-25T00:15:57","modified_gmt":"2024-10-25T06:15:57","slug":"trabajadores-del-pjf-desacatan-orden-del-cjf-de-regresar-a-laborar","status":"publish","type":"post","link":"https:\/\/www.opinionpublica.tv\/portada\/trabajadores-del-pjf-desacatan-orden-del-cjf-de-regresar-a-laborar\/","title":{"rendered":"Trabajadores del PJF desacatan orden del CJF de regresar a laborar"},"content":{"rendered":"\n<figure class=\"wp-block-image size-large\"><img fetchpriority=\"high\" decoding=\"async\" width=\"1024\" height=\"685\" src=\"https:\/\/www.opinionpublica.tv\/portada\/wp-content\/uploads\/2024\/10\/Trabajadores-del-PJF-desacatan-orden-del-CJF-de-regresar-a-laborar-1024x685.png\" alt=\"Trabajadores Del Pjf Desacatan Orden Del Cjf De Regresar A Laborar\" class=\"wp-image-45655\" srcset=\"https:\/\/www.opinionpublica.tv\/portada\/wp-content\/uploads\/2024\/10\/Trabajadores-del-PJF-desacatan-orden-del-CJF-de-regresar-a-laborar-1024x685.png 1024w, https:\/\/www.opinionpublica.tv\/portada\/wp-content\/uploads\/2024\/10\/Trabajadores-del-PJF-desacatan-orden-del-CJF-de-regresar-a-laborar-300x201.png 300w, https:\/\/www.opinionpublica.tv\/portada\/wp-content\/uploads\/2024\/10\/Trabajadores-del-PJF-desacatan-orden-del-CJF-de-regresar-a-laborar-768x514.png 768w, https:\/\/www.opinionpublica.tv\/portada\/wp-content\/uploads\/2024\/10\/Trabajadores-del-PJF-desacatan-orden-del-CJF-de-regresar-a-laborar-1536x1027.png 1536w, https:\/\/www.opinionpublica.tv\/portada\/wp-content\/uploads\/2024\/10\/Trabajadores-del-PJF-desacatan-orden-del-CJF-de-regresar-a-laborar.png 1594w\" sizes=\"(max-width: 1024px) 100vw, 1024px\" \/><\/figure>\n\n\n\n<p class=\"wp-block-paragraph\"><em>Ciudad de M\u00e9xico<\/em>.- Trabajadores del Poder Judicial de la Federaci\u00f3n (PJF) de San L\u00e1zaro, desacataron la Circular 23\/2024 emitida por el Consejo de la Judicatura Federal (CJF), quien ayer orden\u00f3 que a partir de este jueves todos trabajadores deben reiniciar labores.<\/p>\n\n\n\n<p class=\"wp-block-paragraph\">Este jueves, Magistrados titulares de los 63 \u00f3rganos jurisdiccionales de esta sede acordaron con la base trabajadora&nbsp; continuar con el paro de actividades y asumir las consecuencias, al argumentar que no hay condiciones para regresar&nbsp; a laborar, entre ellas respeto a la carrera judicial.<\/p>\n\n\n\n<p class=\"wp-block-paragraph\">H\u00e9ctor Ordu\u00f1a Sosa, magistrado de circuito, se\u00f1al\u00f3 que en atenci\u00f3n a dicha circular y despu\u00e9s de una ardua reuni\u00f3n de trabajo donde se escucharon los puntos de vista de trabajadores \u00abllegamos a la conclusi\u00f3n de que a\u00fan no hay condiciones para regresar a trabajar en el edificio de San L\u00e1zaro. Esta decisi\u00f3n s\u00f3lo es el edificio de San L\u00e1zaro.<\/p>\n\n\n\n<p class=\"wp-block-paragraph\">Quiero aclarar que hemos estado luchando por la independencia judicial y algo que caracteriza a los titulares jueces y magistrados es su independencia y su libertad, por eso es que nos hemos reunido y s\u00f3lo podemos hablar por lo que discutimos ahora y hemos advertido que no hay condiciones para que nosotros ingresemos y se obligue al personal a trabajar\u00bb, reiter\u00f3.<\/p>\n\n\n\n<p class=\"wp-block-paragraph\">En conferencia, dijo que tambi\u00e9n se discuti\u00f3 que por tal decisi\u00f3n&nbsp; puede haber sanciones, \u00abestamos conscientes, toda medida, todo paro, todo paro, toda protesta, toda manifestaci\u00f3n social tiene consecuencias, precisamente el derecho est\u00e1 para proteger que esas consecuencias no sean avasalladoras, pero todo protesta tiene ese riesgo, puede haber consecuencias, se discutieron y la conclusi\u00f3n por ahora es que no hay condiciones para elaborar en este edificio hasta este momento. No puedo pronunciarme por otros edificios, disculpen, no tengo esa informaci\u00f3n, aqu\u00ed son 63 \u00f3rganos jurisdiccionales, entre ellos juzgados de distrito y tribunales colegiados y s\u00f3lo hablamos por este edificio, asumiremos las consecuencias\u00bb.<\/p>\n\n\n\n<p class=\"wp-block-paragraph\">Apunt\u00f3 que el mensaje que hay para los consejeros de la Judicatura Federal que emitieron la circular es que&nbsp; \u00abintentamos cumplir con su acuerdo, nos reunimos, nos sentamos a dialogar, escuchamos a los trabajadores, nos escuchamos entre nosotros y la conclusi\u00f3n es que, se\u00f1ores consejeros, no tenemos condiciones para trabajar en este momento.<\/p>\n\n\n\n<p class=\"wp-block-paragraph\">\u00abLas condiciones es que debemos tener libertad para regresar a trabajar, no s\u00f3lo que est\u00e9n libres los accesos, pero no es que se liberen los accesos de la noche a la ma\u00f1ana, el punto es que se pueda regresar a laborar y que la base trabajadora tenga certeza de que puede regresar a su lugar de trabajo y desempe\u00f1arlo de manera libre, ese es el punto, lo mejor es que el ingreso sea dialogado y consensado y no que sea mediante una medida unilateral en la que se abra de un d\u00eda para otro, porque eso se puede lograr de muchas formas, pero lo m\u00e1s importante es que se logre con el di\u00e1logo y con un consenso, si precisamente lo que estamos pidiendo es un di\u00e1logo y el consenso del grupo mayoritario, no podemos actuar de manera avasalladora y unilateral con nuestra propia base trabajadora\u00bb. (La Jornada)<\/p>\n","protected":false},"excerpt":{"rendered":"<p>Ciudad de M\u00e9xico.- Trabajadores del Poder Judicial de la Federaci\u00f3n (PJF) de San L\u00e1zaro, desacataron la Circular 23\/2024 emitida por el Consejo de la Judicatura Federal (CJF), quien ayer orden\u00f3 que a partir de este jueves todos trabajadores deben reiniciar labores. Este jueves, Magistrados titulares de los 63 \u00f3rganos jurisdiccionales de esta sede acordaron con [&hellip;]<\/p>\n","protected":false},"author":6,"featured_media":45655,"comment_status":"open","ping_status":"open","sticky":false,"template":"","format":"standard","meta":{"_acf_changed":false,"_monsterinsights_skip_tracking":false,"slim_seo":{"title":"Trabajadores del PJF desacatan orden del CJF de regresar a laborar - Opini\u00f3n P\u00fablica","description":"Ciudad de M\u00e9xico .- Trabajadores del Poder Judicial de la Federaci\u00f3n (PJF) de San L\u00e1zaro, desacataron la Circular 23\/2024 emitida por el Consejo de la Judicatur"},"footnotes":""},"categories":[4],"tags":[],"class_list":["post-45651","post","type-post","status-publish","format-standard","has-post-thumbnail","hentry","category-pulsopolitico"],"acf":[],"_links":{"self":[{"href":"https:\/\/www.opinionpublica.tv\/portada\/wp-json\/wp\/v2\/posts\/45651","targetHints":{"allow":["GET"]}}],"collection":[{"href":"https:\/\/www.opinionpublica.tv\/portada\/wp-json\/wp\/v2\/posts"}],"about":[{"href":"https:\/\/www.opinionpublica.tv\/portada\/wp-json\/wp\/v2\/types\/post"}],"author":[{"embeddable":true,"href":"https:\/\/www.opinionpublica.tv\/portada\/wp-json\/wp\/v2\/users\/6"}],"replies":[{"embeddable":true,"href":"https:\/\/www.opinionpublica.tv\/portada\/wp-json\/wp\/v2\/comments?post=45651"}],"version-history":[{"count":2,"href":"https:\/\/www.opinionpublica.tv\/portada\/wp-json\/wp\/v2\/posts\/45651\/revisions"}],"predecessor-version":[{"id":45656,"href":"https:\/\/www.opinionpublica.tv\/portada\/wp-json\/wp\/v2\/posts\/45651\/revisions\/45656"}],"wp:featuredmedia":[{"embeddable":true,"href":"https:\/\/www.opinionpublica.tv\/portada\/wp-json\/wp\/v2\/media\/45655"}],"wp:attachment":[{"href":"https:\/\/www.opinionpublica.tv\/portada\/wp-json\/wp\/v2\/media?parent=45651"}],"wp:term":[{"taxonomy":"category","embeddable":true,"href":"https:\/\/www.opinionpublica.tv\/portada\/wp-json\/wp\/v2\/categories?post=45651"},{"taxonomy":"post_tag","embeddable":true,"href":"https:\/\/www.opinionpublica.tv\/portada\/wp-json\/wp\/v2\/tags?post=45651"}],"curies":[{"name":"wp","href":"https:\/\/api.w.org\/{rel}","templated":true}]}}