{"id":45646,"date":"2024-10-25T00:01:00","date_gmt":"2024-10-25T06:01:00","guid":{"rendered":"https:\/\/www.opinionpublica.tv\/portada\/?p=45646"},"modified":"2024-10-24T23:57:55","modified_gmt":"2024-10-25T05:57:55","slug":"todavia-es-mexico-un-estado-de-derecho","status":"publish","type":"post","link":"https:\/\/www.opinionpublica.tv\/portada\/todavia-es-mexico-un-estado-de-derecho\/","title":{"rendered":"\u00bfTodav\u00eda es M\u00e9xico un Estado de derecho?"},"content":{"rendered":"\n<h4 class=\"wp-block-heading\">Luis Villegas Montes<\/h4>\n\n\n\n<p class=\"wp-block-paragraph\">___________________________<\/p>\n\n\n\n<p class=\"wp-block-paragraph\">Se trata, quer\u00e1moslo o no, de un asunto de definiciones. Carlos Ruiz del Castillo, en su Manual de Derecho Pol\u00edtico, citado por Porr\u00faa P\u00e9rez, indica cu\u00e1les son las caracter\u00edsticas del Estado de derecho; en su opini\u00f3n, la primera de ellas es que el Estado est\u00e9 dotado de una Constituci\u00f3n que ordene simult\u00e1neamente el poder y la libertad, \u201cse\u00f1alando una \u00f3rbita estricta a las facultades de los gobernantes en su relaci\u00f3n con los gobernados\u201d.<\/p>\n\n\n\n<p class=\"wp-block-paragraph\">En segundo lugar, el mismo autor se\u00f1ala&nbsp; que la segunda caracter\u00edstica del Estado de derecho es: \u201cUna repartici\u00f3n y un equilibrio fundamental de poderes,&nbsp; [\u2026] en cuanto significa el reparto de las atribuciones del poder p\u00fablico en la serie de estructuras definidas por la Constituci\u00f3n para su ejercicio\u201d; y agrega en ese mismo sentido: \u201cLos argumentos expuestos por Montesquieu en su c\u00e9lebre doctrina de la divisi\u00f3n de poderes, con las modificaciones necesarias que la doctrina y la vida pol\u00edtica posterior le hicieron perfeccion\u00e1ndola, proporciona un sistema magn\u00edfico para llevar a cabo con mayor soltura y eficacia las funciones cada vez m\u00e1s complejas del Estado moderno\u201d.<\/p>\n\n\n\n<p class=\"wp-block-paragraph\">Por lo que hace a los partidos pol\u00edticos, apunta Porr\u00faa que los partidos pol\u00edticos, para cumplir su cometido democr\u00e1tico, deben quedar sujetos a una reglamentaci\u00f3n que establezca, entre otras cosas: \u201cLa necesidad igualmente que los estatutos constitutivos de esos partidos, no contengan principios destructores de las instituciones democr\u00e1ticas y, en consecuencia, del Estado de Derecho caracter\u00edstico de la civilizaci\u00f3n occidental, con las estructuras b\u00e1sicas del mismo\u201d.<\/p>\n\n\n\n<p class=\"wp-block-paragraph\">Finalmente, en trat\u00e1ndose de libertad de expresi\u00f3n y garant\u00edas individuales, el Estado de derecho debe garantizar una opini\u00f3n p\u00fablica cuya virtualidad no se agota en la constituci\u00f3n de \u00f3rganos legales y en las facultades de elegir representantes, \u201csino que act\u00faa como ambiente y se manifiesta espont\u00e1neamente a trav\u00e9s de conductos que la Constituci\u00f3n mantiene en vigor y protege, en garant\u00eda de los ciudadanos, prensa, etc., es decir, r\u00e9gimen de derechos o garant\u00edas individuales en general\u201d.<\/p>\n\n\n\n<p class=\"wp-block-paragraph\">En resumen y como ya se vio, en un sentido general, el Estado de Derecho puede definirse como el sistema pol\u00edtico en que se hallan definidos los l\u00edmites formales para el ejercicio del poder, s\u00ed, pero no basta una descripci\u00f3n meramente formal en la Constituci\u00f3n para que el Estado de derecho exista, pues es necesario&nbsp; tambi\u00e9n:<\/p>\n\n\n\n<p class=\"wp-block-paragraph\">Un equilibrio fundamental (enti\u00e9ndase real) de poderes que proporcione un sistema para llevar a cabo con mayor soltura y eficacia las funciones cada vez m\u00e1s complejas del Estado moderno;<\/p>\n\n\n\n<p class=\"wp-block-paragraph\">Que los actores pol\u00edticos, en sus postulados o con su quehacer no erosionen ese marco de seguridad y libertades mediante la adopci\u00f3n de principios destructores de las instituciones democr\u00e1ticas, y<\/p>\n\n\n\n<p class=\"wp-block-paragraph\">Que como marco refrandatario de ese estatus,&nbsp; se garantice la libertad de expresi\u00f3n y, en general, se refuerce el marco protector de todos los derechos individuales.<\/p>\n\n\n\n<p class=\"wp-block-paragraph\">Establecidas las premisas anteriores, podemos afirmar categ\u00f3ricamente que no, M\u00e9xico no es ya, un Estado de Derecho, \u00bflas razones? Las razones, aunque saltan a la vista, la examinaremos en la siguiente entrega.<\/p>\n\n\n\n<p class=\"wp-block-paragraph\">Cont\u00e1cteme a trav\u00e9s de mi correo electr\u00f3nico o s\u00edgame en los medios que gentilmente me publican, en Facebook o tambi\u00e9n en mi blog: https:\/\/unareflexionpersonal.wordpress.com\/<\/p>\n\n\n\n<p class=\"wp-block-paragraph\">Luis Villegas Montes.<\/p>\n\n\n\n<p class=\"wp-block-paragraph\">luvimo6608@gmail.com, luvimo6614@hotmail.com<\/p>\n","protected":false},"excerpt":{"rendered":"<p>Luis Villegas Montes ___________________________ Se trata, quer\u00e1moslo o no, de un asunto de definiciones. Carlos Ruiz del Castillo, en su Manual de Derecho Pol\u00edtico, citado por Porr\u00faa P\u00e9rez, indica cu\u00e1les son las caracter\u00edsticas del Estado de derecho; en su opini\u00f3n, la primera de ellas es que el Estado est\u00e9 dotado de una Constituci\u00f3n que ordene [&hellip;]<\/p>\n","protected":false},"author":6,"featured_media":45647,"comment_status":"open","ping_status":"open","sticky":false,"template":"","format":"standard","meta":{"_acf_changed":false,"_monsterinsights_skip_tracking":false,"slim_seo":{"title":"\u00bfTodav\u00eda es M\u00e9xico un Estado de derecho? - Opini\u00f3n P\u00fablica","description":"Luis Villegas Montes ___________________________ Se trata, quer\u00e1moslo o no, de un asunto de definiciones. Carlos Ruiz del Castillo, en su Manual de Derecho Pol\u00ed"},"footnotes":""},"categories":[19],"tags":[],"class_list":["post-45646","post","type-post","status-publish","format-standard","has-post-thumbnail","hentry","category-principal-columnas"],"acf":[],"_links":{"self":[{"href":"https:\/\/www.opinionpublica.tv\/portada\/wp-json\/wp\/v2\/posts\/45646","targetHints":{"allow":["GET"]}}],"collection":[{"href":"https:\/\/www.opinionpublica.tv\/portada\/wp-json\/wp\/v2\/posts"}],"about":[{"href":"https:\/\/www.opinionpublica.tv\/portada\/wp-json\/wp\/v2\/types\/post"}],"author":[{"embeddable":true,"href":"https:\/\/www.opinionpublica.tv\/portada\/wp-json\/wp\/v2\/users\/6"}],"replies":[{"embeddable":true,"href":"https:\/\/www.opinionpublica.tv\/portada\/wp-json\/wp\/v2\/comments?post=45646"}],"version-history":[{"count":3,"href":"https:\/\/www.opinionpublica.tv\/portada\/wp-json\/wp\/v2\/posts\/45646\/revisions"}],"predecessor-version":[{"id":45650,"href":"https:\/\/www.opinionpublica.tv\/portada\/wp-json\/wp\/v2\/posts\/45646\/revisions\/45650"}],"wp:featuredmedia":[{"embeddable":true,"href":"https:\/\/www.opinionpublica.tv\/portada\/wp-json\/wp\/v2\/media\/45647"}],"wp:attachment":[{"href":"https:\/\/www.opinionpublica.tv\/portada\/wp-json\/wp\/v2\/media?parent=45646"}],"wp:term":[{"taxonomy":"category","embeddable":true,"href":"https:\/\/www.opinionpublica.tv\/portada\/wp-json\/wp\/v2\/categories?post=45646"},{"taxonomy":"post_tag","embeddable":true,"href":"https:\/\/www.opinionpublica.tv\/portada\/wp-json\/wp\/v2\/tags?post=45646"}],"curies":[{"name":"wp","href":"https:\/\/api.w.org\/{rel}","templated":true}]}}