{"id":45631,"date":"2024-10-25T00:01:00","date_gmt":"2024-10-25T06:01:00","guid":{"rendered":"https:\/\/www.opinionpublica.tv\/portada\/?p=45631"},"modified":"2024-10-24T23:43:28","modified_gmt":"2024-10-25T05:43:28","slug":"presidenta-del-dif-municipal-de-juarez-rindio-su-tercer-informe-de-actividades","status":"publish","type":"post","link":"https:\/\/www.opinionpublica.tv\/portada\/presidenta-del-dif-municipal-de-juarez-rindio-su-tercer-informe-de-actividades\/","title":{"rendered":"Presidenta del DIF Municipal Ju\u00e1rez rinde su tercer Informe de trabajo"},"content":{"rendered":"\n<figure class=\"wp-block-image size-large\"><img fetchpriority=\"high\" decoding=\"async\" width=\"1024\" height=\"682\" src=\"https:\/\/www.opinionpublica.tv\/portada\/wp-content\/uploads\/2024\/10\/Presidenta-del-DIF-Municipal-Juarez-rinde-su-tercer-Informe-de-trabajo-1024x682.jpeg\" alt=\"Presidenta Del Dif Municipal Jua\u0301rez Rinde Su Tercer Informe De Trabajo\" class=\"wp-image-45637\" srcset=\"https:\/\/www.opinionpublica.tv\/portada\/wp-content\/uploads\/2024\/10\/Presidenta-del-DIF-Municipal-Juarez-rinde-su-tercer-Informe-de-trabajo-1024x682.jpeg 1024w, https:\/\/www.opinionpublica.tv\/portada\/wp-content\/uploads\/2024\/10\/Presidenta-del-DIF-Municipal-Juarez-rinde-su-tercer-Informe-de-trabajo-300x200.jpeg 300w, https:\/\/www.opinionpublica.tv\/portada\/wp-content\/uploads\/2024\/10\/Presidenta-del-DIF-Municipal-Juarez-rinde-su-tercer-Informe-de-trabajo-768x512.jpeg 768w, https:\/\/www.opinionpublica.tv\/portada\/wp-content\/uploads\/2024\/10\/Presidenta-del-DIF-Municipal-Juarez-rinde-su-tercer-Informe-de-trabajo-1536x1023.jpeg 1536w, https:\/\/www.opinionpublica.tv\/portada\/wp-content\/uploads\/2024\/10\/Presidenta-del-DIF-Municipal-Juarez-rinde-su-tercer-Informe-de-trabajo.jpeg 1600w\" sizes=\"(max-width: 1024px) 100vw, 1024px\" \/><\/figure>\n\n\n\n<p class=\"wp-block-paragraph\"><em>Ciudad Ju\u00e1rez, Chih<\/em>.- Rub\u00ed Enr\u00edquez Parada, present\u00f3 su tercer informe de actividades como presidenta del Sistema para el Desarrollo Integral de la Familia (DIF), en el que manifest\u00f3 que la instituci\u00f3n trabaja desde la empat\u00eda y respeto irrestricto hacia las personas y su dignidad.<\/p>\n\n\n\n<p class=\"wp-block-paragraph\">En el evento, estuvo presente el alcalde de Ciudad Ju\u00e1rez, Cruz P\u00e9rez Cu\u00e9llar, quien luego de felicitar a la presidenta del DIF, dijo estar muy orgulloso por la entrega sin reserva que ella ha tenido con la comunidad.<\/p>\n\n\n\n<p class=\"wp-block-paragraph\">\u201cVerla cuando est\u00e1 con los adultos mayores o en alguna escuela; y escucharla en la casa con esa pasi\u00f3n, entusiasmo, as\u00ed como el amor con el que se expresa de todas y todos me llena de orgullo\u00bb, expres\u00f3 el edil.<\/p>\n\n\n\n<p class=\"wp-block-paragraph\">Asegur\u00f3 que quienes lo conocen saben del amor que le tiene a Ju\u00e1rez, \u201cy en la presidenta del DIF -mi esposa- tenemos una mujer que ama y se entrega completamente a esta ciudad, lo cual, me hace sentir muy contento por esfuerzo que hacemos juntos, siempre de la mano\u00bb.<\/p>\n\n\n\n<p class=\"wp-block-paragraph\">Asimismo, el alcalde agradeci\u00f3 el honor de que Ju\u00e1rez sea la ciudad en donde se va a dar el arranque del programa denominado \u201cSistema Nacional de Cuidados\u201d, tal y como lo ha comentado en reiteradas ocasiones la mandataria federal Claudia Sheinbaum Pardo.<\/p>\n\n\n\n<p class=\"wp-block-paragraph\">Lo anterior, dijo, debido a la deuda hist\u00f3rica que se tiene especialmente con las mujeres juarenses, qui\u00e9nes han impulsado de una manera importante la econom\u00eda de la regi\u00f3n; \u00abestamos listos y tenemos toda la disposici\u00f3n, las ganas y el amor para trabajar en conjunto con este nuevo sistema y todo lo que venga\u00bb, indic\u00f3 el alcalde.<\/p>\n\n\n\n<p class=\"wp-block-paragraph\">Rub\u00ed Enr\u00edquez Parada, habl\u00f3 de la visi\u00f3n de un Ju\u00e1rez justo, equitativo e incluyente, la cual permiti\u00f3 crear nuevas y mejores l\u00edneas de trabajo a favor de la poblaci\u00f3n; adem\u00e1s, asegur\u00f3 que seguir\u00e1 honrando el legado de las personas mayores y evaluando los programas para modificarlos en aras de lograr un mayor bienestar para ellas y ellos.<\/p>\n\n\n\n<p class=\"wp-block-paragraph\">Hizo hincapi\u00e9 en el tema de ser el municipio que a sus ni\u00f1as, ni\u00f1os y adolescentes; \u00aben esta ciudad se les debe de respetar \u00edntegramente, ya que todas las l\u00edneas de acci\u00f3n que tienen como objetivo brindar cuidados, esparcimiento, educaci\u00f3n, salud y asistencia alimentaria dirigidos a la poblaci\u00f3n infantil, se armonizan para crear un frente amplio de cuidados y protecci\u00f3n que involucre a todas las \u00e1reas de la administraci\u00f3n\u00bb, subray\u00f3.<\/p>\n\n\n\n<p class=\"wp-block-paragraph\">En tanto, se realizar\u00e1 una campa\u00f1a intensiva y permanente de difusi\u00f3n, empezando por llevar el mensaje de aliento para las madres y padres de familia, pues de esta manera podr\u00e1n estar enterados de los espacios profesionales a d\u00f3nde acudir de ser necesario, se\u00f1al\u00f3 la presidenta de la descentralizada.<\/p>\n\n\n\n<p class=\"wp-block-paragraph\">\u201cEl cuidado infantil es tarea colectiva de todas las personas adultas, ya que cada vez que se guarda silencio ante la vulneraci\u00f3n de alguno de sus derechos, nos convertimos c\u00f3mplices\u00bb, destac\u00f3 Rub\u00ed Enr\u00edquez.<\/p>\n\n\n\n<p class=\"wp-block-paragraph\">Por su parte, la presidenta nacional del Sistema para el Desarrollo Integral de la Familia, Mar\u00eda del Roc\u00edo Garc\u00eda P\u00e9rez, dijo sentirse congratulada por el trabajo que se ha realizado en Ju\u00e1rez.<\/p>\n\n\n\n<p class=\"wp-block-paragraph\">\u201cEsta ciudad es s\u00edmbolo de la tenacidad y esfuerzo, pues siendo una ciudad din\u00e1mica y compleja, es innegable el papel crucial de las mujeres tanto en la industria maquiladora, as\u00ed como en el sost\u00e9n de sus hogares. Ellas han sido el impulso econ\u00f3mico de la ciudad, as\u00ed como del pa\u00eds\u00bb.<\/p>\n\n\n\n<p class=\"wp-block-paragraph\">Garc\u00eda P\u00e9rez extendi\u00f3 su felicitaci\u00f3n por las acciones y programas que ha puesto en marcha la instituci\u00f3n municipal para brindar atenci\u00f3n de calidad a las personas en situaci\u00f3n de vulnerabilidad.<\/p>\n\n\n\n<p class=\"wp-block-paragraph\">\u201cTu labor Rub\u00ed, no solo ha impactado a cientos de familias, sino que se ha convertido en un ejemplo de c\u00f3mo la pol\u00edtica social puede y debe cambiar la vida de qui\u00e9n m\u00e1s lo necesita\u00bb expres\u00f3.<\/p>\n\n\n\n<p class=\"wp-block-paragraph\">Fue en el sal\u00f3n de eventos Cibeles, en donde se dieron cita funcionarios, medios de comunicaci\u00f3n y colaboradores de la descentralizada, as\u00ed como p\u00fablico en general, con motivo de presenciar la rendici\u00f3n de cuentas de Enr\u00edquez Parada.<\/p>\n","protected":false},"excerpt":{"rendered":"<p>Ciudad Ju\u00e1rez, Chih.- Rub\u00ed Enr\u00edquez Parada, present\u00f3 su tercer informe de actividades como presidenta del Sistema para el Desarrollo Integral de la Familia (DIF), en el que manifest\u00f3 que la instituci\u00f3n trabaja desde la empat\u00eda y respeto irrestricto hacia las personas y su dignidad. En el evento, estuvo presente el alcalde de Ciudad Ju\u00e1rez, Cruz [&hellip;]<\/p>\n","protected":false},"author":6,"featured_media":45637,"comment_status":"open","ping_status":"open","sticky":false,"template":"","format":"standard","meta":{"_acf_changed":false,"_monsterinsights_skip_tracking":false,"slim_seo":{"title":"Presidenta del DIF Municipal Ju\u00e1rez rinde su tercer Informe de trabajo - Opini\u00f3n P\u00fablica","description":"Ciudad Ju\u00e1rez, Chih .- Rub\u00ed Enr\u00edquez Parada, present\u00f3 su tercer informe de actividades como presidenta del Sistema para el Desarrollo Integral de la Familia (DI"},"footnotes":""},"categories":[11],"tags":[],"class_list":["post-45631","post","type-post","status-publish","format-standard","has-post-thumbnail","hentry","category-tendencias"],"acf":[],"_links":{"self":[{"href":"https:\/\/www.opinionpublica.tv\/portada\/wp-json\/wp\/v2\/posts\/45631","targetHints":{"allow":["GET"]}}],"collection":[{"href":"https:\/\/www.opinionpublica.tv\/portada\/wp-json\/wp\/v2\/posts"}],"about":[{"href":"https:\/\/www.opinionpublica.tv\/portada\/wp-json\/wp\/v2\/types\/post"}],"author":[{"embeddable":true,"href":"https:\/\/www.opinionpublica.tv\/portada\/wp-json\/wp\/v2\/users\/6"}],"replies":[{"embeddable":true,"href":"https:\/\/www.opinionpublica.tv\/portada\/wp-json\/wp\/v2\/comments?post=45631"}],"version-history":[{"count":4,"href":"https:\/\/www.opinionpublica.tv\/portada\/wp-json\/wp\/v2\/posts\/45631\/revisions"}],"predecessor-version":[{"id":45638,"href":"https:\/\/www.opinionpublica.tv\/portada\/wp-json\/wp\/v2\/posts\/45631\/revisions\/45638"}],"wp:featuredmedia":[{"embeddable":true,"href":"https:\/\/www.opinionpublica.tv\/portada\/wp-json\/wp\/v2\/media\/45637"}],"wp:attachment":[{"href":"https:\/\/www.opinionpublica.tv\/portada\/wp-json\/wp\/v2\/media?parent=45631"}],"wp:term":[{"taxonomy":"category","embeddable":true,"href":"https:\/\/www.opinionpublica.tv\/portada\/wp-json\/wp\/v2\/categories?post=45631"},{"taxonomy":"post_tag","embeddable":true,"href":"https:\/\/www.opinionpublica.tv\/portada\/wp-json\/wp\/v2\/tags?post=45631"}],"curies":[{"name":"wp","href":"https:\/\/api.w.org\/{rel}","templated":true}]}}