{"id":45621,"date":"2024-10-25T00:01:00","date_gmt":"2024-10-25T06:01:00","guid":{"rendered":"https:\/\/www.opinionpublica.tv\/portada\/?p=45621"},"modified":"2024-10-24T12:22:36","modified_gmt":"2024-10-24T18:22:36","slug":"ipacult-invita-al-festival-cultural-cruzando-el-suroriente-este-sabado","status":"publish","type":"post","link":"https:\/\/www.opinionpublica.tv\/portada\/ipacult-invita-al-festival-cultural-cruzando-el-suroriente-este-sabado\/","title":{"rendered":"IPACULT invita al Festival Cultural &#8216;Cruzando el Suroriente&#8217; este s\u00e1bado"},"content":{"rendered":"\n<figure class=\"wp-block-image size-full\"><img fetchpriority=\"high\" decoding=\"async\" width=\"1002\" height=\"740\" src=\"https:\/\/www.opinionpublica.tv\/portada\/wp-content\/uploads\/2024\/10\/IPACULT-invita-al-Festival-Cultural-Cruzando-el-Suroriente-este-sabado.png\" alt=\"Ipacult Invita Al Festival Cultural 'cruzando El Suroriente' Este Sa\u0301bado\" class=\"wp-image-45624\" srcset=\"https:\/\/www.opinionpublica.tv\/portada\/wp-content\/uploads\/2024\/10\/IPACULT-invita-al-Festival-Cultural-Cruzando-el-Suroriente-este-sabado.png 1002w, https:\/\/www.opinionpublica.tv\/portada\/wp-content\/uploads\/2024\/10\/IPACULT-invita-al-Festival-Cultural-Cruzando-el-Suroriente-este-sabado-300x222.png 300w, https:\/\/www.opinionpublica.tv\/portada\/wp-content\/uploads\/2024\/10\/IPACULT-invita-al-Festival-Cultural-Cruzando-el-Suroriente-este-sabado-768x567.png 768w\" sizes=\"(max-width: 1002px) 100vw, 1002px\" \/><\/figure>\n\n\n\n<p class=\"wp-block-paragraph\"><em>Ciudad Ju\u00e1rez, Chih<\/em>.- El Instituto para la Cultura del Municipio de Ju\u00e1rez (IPACULT) extiende una invitaci\u00f3n a la ciudadan\u00eda para participar en el Festival Cultural \u00abCruzando el Suroriente\u00bb, que se llevar\u00e1 a cabo el pr\u00f3ximo s\u00e1bado 26 de octubre en el Parque del Comedor del Consejo del Adulto Mayor de Loma Blanca.<\/p>\n\n\n\n<p class=\"wp-block-paragraph\">El evento dar\u00e1 inicio a las 5:00 de la tarde y ofrecer\u00e1 una variada programaci\u00f3n musical para disfrute de todas las familias y asistentes.<\/p>\n\n\n\n<p class=\"wp-block-paragraph\">Entre las agrupaciones que se presentar\u00e1n en el festival destacan Elegancia Prohibida, Latitud Norte, La M\u00e1xima Banda, Southline Country Band y La Skandalosa Sonora Xtrema, quienes brindar\u00e1n su talento en este encuentro cultural.<\/p>\n\n\n\n<p class=\"wp-block-paragraph\">Este festival es de acceso gratuito, lo que lo convierte en una oportunidad excelente para que las familias se re\u00fanan y disfruten de la m\u00fasica y la cultura en un ambiente seguro y recreativo.<\/p>\n\n\n\n<p class=\"wp-block-paragraph\">La directora del IPACULT, Myrna Judith Barajas Mart\u00ednez, subray\u00f3 que uno de los objetivos fundamentales de este festival es fomentar la uni\u00f3n familiar y crear espacios de convivencia que promuevan una sociedad m\u00e1s emp\u00e1tica y solidaria.<\/p>\n\n\n\n<p class=\"wp-block-paragraph\">Barajas Mart\u00ednez destac\u00f3 que el festival busca \u201ccausar un impacto positivo en la comunidad a trav\u00e9s de la m\u00fasica\u201d, as\u00ed como ofrecer un espacio de recreaci\u00f3n sano que acerque el arte y la cultura a todos los rincones de la ciudad.<\/p>\n\n\n\n<p class=\"wp-block-paragraph\">El festival tambi\u00e9n tiene como prop\u00f3sito promover el talento local, brindando un escenario digno para los artistas de la regi\u00f3n y ofreciendo espect\u00e1culos de calidad para el p\u00fablico en general.<\/p>\n\n\n\n<p class=\"wp-block-paragraph\">El evento es parte del esfuerzo continuo del Gobierno Municipal y del IPACULT por difundir el arte y la cultura en Ciudad Ju\u00e1rez, promoviendo actividades que no solo entretienen, sino que tambi\u00e9n fortalecen el tejido social.<\/p>\n\n\n\n<p class=\"wp-block-paragraph\">Adem\u00e1s de reafirmar el compromiso de acercar la cultura a toda la comunidad, generando espacios que favorezcan la interacci\u00f3n social y la apreciaci\u00f3n art\u00edstica.<\/p>\n","protected":false},"excerpt":{"rendered":"<p>Ciudad Ju\u00e1rez, Chih.- El Instituto para la Cultura del Municipio de Ju\u00e1rez (IPACULT) extiende una invitaci\u00f3n a la ciudadan\u00eda para participar en el Festival Cultural \u00abCruzando el Suroriente\u00bb, que se llevar\u00e1 a cabo el pr\u00f3ximo s\u00e1bado 26 de octubre en el Parque del Comedor del Consejo del Adulto Mayor de Loma Blanca. El evento dar\u00e1 [&hellip;]<\/p>\n","protected":false},"author":6,"featured_media":45624,"comment_status":"open","ping_status":"open","sticky":false,"template":"","format":"standard","meta":{"_acf_changed":false,"_monsterinsights_skip_tracking":false,"slim_seo":{"title":"IPACULT invita al Festival Cultural 'Cruzando el Suroriente' este s\u00e1bado - Opini\u00f3n P\u00fablica","description":"Ciudad Ju\u00e1rez, Chih .- El Instituto para la Cultura del Municipio de Ju\u00e1rez (IPACULT) extiende una invitaci\u00f3n a la ciudadan\u00eda para participar en el Festival Cul"},"footnotes":""},"categories":[41],"tags":[],"class_list":["post-45621","post","type-post","status-publish","format-standard","has-post-thumbnail","hentry","category-juarez"],"acf":[],"_links":{"self":[{"href":"https:\/\/www.opinionpublica.tv\/portada\/wp-json\/wp\/v2\/posts\/45621","targetHints":{"allow":["GET"]}}],"collection":[{"href":"https:\/\/www.opinionpublica.tv\/portada\/wp-json\/wp\/v2\/posts"}],"about":[{"href":"https:\/\/www.opinionpublica.tv\/portada\/wp-json\/wp\/v2\/types\/post"}],"author":[{"embeddable":true,"href":"https:\/\/www.opinionpublica.tv\/portada\/wp-json\/wp\/v2\/users\/6"}],"replies":[{"embeddable":true,"href":"https:\/\/www.opinionpublica.tv\/portada\/wp-json\/wp\/v2\/comments?post=45621"}],"version-history":[{"count":2,"href":"https:\/\/www.opinionpublica.tv\/portada\/wp-json\/wp\/v2\/posts\/45621\/revisions"}],"predecessor-version":[{"id":45625,"href":"https:\/\/www.opinionpublica.tv\/portada\/wp-json\/wp\/v2\/posts\/45621\/revisions\/45625"}],"wp:featuredmedia":[{"embeddable":true,"href":"https:\/\/www.opinionpublica.tv\/portada\/wp-json\/wp\/v2\/media\/45624"}],"wp:attachment":[{"href":"https:\/\/www.opinionpublica.tv\/portada\/wp-json\/wp\/v2\/media?parent=45621"}],"wp:term":[{"taxonomy":"category","embeddable":true,"href":"https:\/\/www.opinionpublica.tv\/portada\/wp-json\/wp\/v2\/categories?post=45621"},{"taxonomy":"post_tag","embeddable":true,"href":"https:\/\/www.opinionpublica.tv\/portada\/wp-json\/wp\/v2\/tags?post=45621"}],"curies":[{"name":"wp","href":"https:\/\/api.w.org\/{rel}","templated":true}]}}