{"id":45591,"date":"2024-10-24T00:01:00","date_gmt":"2024-10-24T06:01:00","guid":{"rendered":"https:\/\/www.opinionpublica.tv\/portada\/?p=45591"},"modified":"2024-10-23T22:28:03","modified_gmt":"2024-10-24T04:28:03","slug":"transporte-publico-es-atendido-por-el-estado-tras-40-anos-en-abandono-santiago-de-la-pena","status":"publish","type":"post","link":"https:\/\/www.opinionpublica.tv\/portada\/transporte-publico-es-atendido-por-el-estado-tras-40-anos-en-abandono-santiago-de-la-pena\/","title":{"rendered":"Transporte p\u00fablico ya es atendido tras 40 a\u00f1os en abandono: De la Pe\u00f1a"},"content":{"rendered":"\n<figure class=\"wp-block-image size-large\"><img fetchpriority=\"high\" decoding=\"async\" width=\"1024\" height=\"682\" src=\"https:\/\/www.opinionpublica.tv\/portada\/wp-content\/uploads\/2024\/10\/Transporte-publico-ya-es-atendido-tras-40-anos-en-abandono-De-la-Pena-1024x682.jpeg\" alt=\"Transporte Pu\u0301blico Ya Es Atendido Tras 40 An\u0303os En Abandono De La Pen\u0303a\" class=\"wp-image-45596\" srcset=\"https:\/\/www.opinionpublica.tv\/portada\/wp-content\/uploads\/2024\/10\/Transporte-publico-ya-es-atendido-tras-40-anos-en-abandono-De-la-Pena-1024x682.jpeg 1024w, https:\/\/www.opinionpublica.tv\/portada\/wp-content\/uploads\/2024\/10\/Transporte-publico-ya-es-atendido-tras-40-anos-en-abandono-De-la-Pena-300x200.jpeg 300w, https:\/\/www.opinionpublica.tv\/portada\/wp-content\/uploads\/2024\/10\/Transporte-publico-ya-es-atendido-tras-40-anos-en-abandono-De-la-Pena-768x512.jpeg 768w, https:\/\/www.opinionpublica.tv\/portada\/wp-content\/uploads\/2024\/10\/Transporte-publico-ya-es-atendido-tras-40-anos-en-abandono-De-la-Pena-1536x1023.jpeg 1536w, https:\/\/www.opinionpublica.tv\/portada\/wp-content\/uploads\/2024\/10\/Transporte-publico-ya-es-atendido-tras-40-anos-en-abandono-De-la-Pena.jpeg 1600w\" sizes=\"(max-width: 1024px) 100vw, 1024px\" \/><\/figure>\n\n\n\n<p class=\"wp-block-paragraph\"><em>Chihuahua, Chih<\/em>.- El secretario General de Gobierno, Santiago De la Pe\u00f1a Grajeda destac\u00f3 que el transporte p\u00fablico en la entidad es atendido por el Gobierno del Estado despu\u00e9s de 40 a\u00f1os en abandono.<\/p>\n\n\n\n<p class=\"wp-block-paragraph\">\u201cHoy la Gobernadora del Estado Maru Campos ha implementado acciones con el fin de que se brinde un servicio de transporte de calidad, donde se est\u00e1 avanzando con pasos firmes\u201d, agreg\u00f3.<\/p>\n\n\n\n<p class=\"wp-block-paragraph\">Asimismo, manifest\u00f3 que acud\u00eda al Poder Legislativo para informar respecto a la solicitud de&nbsp; brindar apoyo en cuanto a difusi\u00f3n de publicidad de la l\u00ednea 1-B circuito UNTRAC, as\u00ed como el apoyo con combustible de Diesel.<\/p>\n\n\n\n<p class=\"wp-block-paragraph\">\u201cDebemos puntualizar lo siguiente esta ruta que hacen menci\u00f3n no existe, no se ha solicitado ante la autoridad de transporte, por lo cual no se puede brindar el apoyo solicitado\u201d, puntualiz\u00f3.<\/p>\n\n\n\n<p class=\"wp-block-paragraph\">Lo anterior, lo dio a conocer durante comparecencia ante la Comisi\u00f3n de Obras, Servicios P\u00fablicos, y Desarrollo y Movilidad Urbana del Congreso del Estado, la cual est\u00e1 conformada de la siguiente manera: Presidenta, Joceline Vega Vargas; Secretaria, Magdalena Renter\u00eda P\u00e9rez; Vocal, Ismael P\u00e9rez Pav\u00eda; Vocal, \u00d3scar Daniel Avitia Arellanes y Vocal Guillermo Patricio Ram\u00edrez Guti\u00e9rrez.<\/p>\n\n\n\n<p class=\"wp-block-paragraph\">\u201cEl Ju\u00e1rez Bus realiza en promedio 35 mil viajes de manera diaria, por lo que podemos decir que en 165 d\u00edas que tiene de operaci\u00f3n se han realizado 5 millones 775 mil viajes; las unidades tienen una frecuencia de paso de 7 minutos y al d\u00eda de hoy se han entregado un total de 134,179 tarjetas\u201d, agreg\u00f3.<\/p>\n\n\n\n<p class=\"wp-block-paragraph\">El funcionario estatal se\u00f1al\u00f3 que en lo que respecta al sistema Bowi de la capital se realiz\u00f3 una re estructura Organizacional con nuevo organigrama con visi\u00f3n corporativa; se activaron el 100% de los camiones que se encontraban fuera de servicio; se dio inicio a la Ruta Terminal Norte \u2013 UACH Campus II: m\u00e1s de 1200 usuarios diarios. (sin presupuesto adicional), se dignificaron las estaciones y autobuses y se logr\u00f3 la mejora en la frecuencia, reduciendo de 5 a 3 minutos 51 segundos, con 30,000 pasajeros diarios en promedio.<\/p>\n\n\n\n<p class=\"wp-block-paragraph\">En lo que respecta a las acciones en Transporte P\u00fablico de Ruta se inform\u00f3:<\/p>\n\n\n\n<p class=\"wp-block-paragraph\">Ciudad Ju\u00e1rez ha representado un reto m\u00e1s complejo de lo esperado. Por primera vez en la historia se incorporaron 90 camiones nuevos (2024) a tres de las principales rutas sustituyendo unidades de hasta 30 a\u00f1os de antig\u00fcedad.<\/p>\n\n\n\n<p class=\"wp-block-paragraph\">1A-Express con 35 unidades<\/p>\n\n\n\n<p class=\"wp-block-paragraph\">Universitaria con 25 unidades<\/p>\n\n\n\n<p class=\"wp-block-paragraph\">Oriente \u2013 Poniente con 30 unidades<\/p>\n\n\n\n<p class=\"wp-block-paragraph\">Estas rutas brindan el servicio en promedio entre&nbsp; 35 mil y 40 mil usuarios por d\u00eda.<\/p>\n\n\n\n<p class=\"wp-block-paragraph\">Para finalizar, Santiago De la Pe\u00f1a recalc\u00f3 que la administraci\u00f3n estatal que encabeza la Gobernadora Maru Campos est\u00e1 entregando resultados positivos en materia de transporte y donde los esfuerzos se redoblar\u00e1n para tener un sistema de transporte a la altura de lo que las y los chihuahuenses se merecen.<\/p>\n","protected":false},"excerpt":{"rendered":"<p>Chihuahua, Chih.- El secretario General de Gobierno, Santiago De la Pe\u00f1a Grajeda destac\u00f3 que el transporte p\u00fablico en la entidad es atendido por el Gobierno del Estado despu\u00e9s de 40 a\u00f1os en abandono. \u201cHoy la Gobernadora del Estado Maru Campos ha implementado acciones con el fin de que se brinde un servicio de transporte de [&hellip;]<\/p>\n","protected":false},"author":6,"featured_media":45596,"comment_status":"open","ping_status":"open","sticky":false,"template":"","format":"standard","meta":{"_acf_changed":false,"_monsterinsights_skip_tracking":false,"slim_seo":{"title":"Transporte p\u00fablico ya es atendido tras 40 a\u00f1os en abandono: De la Pe\u00f1a - Opini\u00f3n P\u00fablica","description":"Chihuahua, Chih .- El secretario General de Gobierno, Santiago De la Pe\u00f1a Grajeda destac\u00f3 que el transporte p\u00fablico en la entidad es atendido por el Gobierno de"},"footnotes":""},"categories":[11],"tags":[],"class_list":["post-45591","post","type-post","status-publish","format-standard","has-post-thumbnail","hentry","category-tendencias"],"acf":[],"_links":{"self":[{"href":"https:\/\/www.opinionpublica.tv\/portada\/wp-json\/wp\/v2\/posts\/45591","targetHints":{"allow":["GET"]}}],"collection":[{"href":"https:\/\/www.opinionpublica.tv\/portada\/wp-json\/wp\/v2\/posts"}],"about":[{"href":"https:\/\/www.opinionpublica.tv\/portada\/wp-json\/wp\/v2\/types\/post"}],"author":[{"embeddable":true,"href":"https:\/\/www.opinionpublica.tv\/portada\/wp-json\/wp\/v2\/users\/6"}],"replies":[{"embeddable":true,"href":"https:\/\/www.opinionpublica.tv\/portada\/wp-json\/wp\/v2\/comments?post=45591"}],"version-history":[{"count":5,"href":"https:\/\/www.opinionpublica.tv\/portada\/wp-json\/wp\/v2\/posts\/45591\/revisions"}],"predecessor-version":[{"id":45597,"href":"https:\/\/www.opinionpublica.tv\/portada\/wp-json\/wp\/v2\/posts\/45591\/revisions\/45597"}],"wp:featuredmedia":[{"embeddable":true,"href":"https:\/\/www.opinionpublica.tv\/portada\/wp-json\/wp\/v2\/media\/45596"}],"wp:attachment":[{"href":"https:\/\/www.opinionpublica.tv\/portada\/wp-json\/wp\/v2\/media?parent=45591"}],"wp:term":[{"taxonomy":"category","embeddable":true,"href":"https:\/\/www.opinionpublica.tv\/portada\/wp-json\/wp\/v2\/categories?post=45591"},{"taxonomy":"post_tag","embeddable":true,"href":"https:\/\/www.opinionpublica.tv\/portada\/wp-json\/wp\/v2\/tags?post=45591"}],"curies":[{"name":"wp","href":"https:\/\/api.w.org\/{rel}","templated":true}]}}