{"id":45571,"date":"2024-10-24T00:01:00","date_gmt":"2024-10-24T06:01:00","guid":{"rendered":"https:\/\/www.opinionpublica.tv\/portada\/?p=45571"},"modified":"2024-10-23T22:14:27","modified_gmt":"2024-10-24T04:14:27","slug":"en-cabildo-se-aprueba-crear-la-direccion-de-atencion-y-bienestar-animal","status":"publish","type":"post","link":"https:\/\/www.opinionpublica.tv\/portada\/en-cabildo-se-aprueba-crear-la-direccion-de-atencion-y-bienestar-animal\/","title":{"rendered":"Cabildo aprueba crear la Direcci\u00f3n de Atenci\u00f3n y Bienestar Animal"},"content":{"rendered":"\n<figure class=\"wp-block-image size-large\"><img fetchpriority=\"high\" decoding=\"async\" width=\"1024\" height=\"682\" src=\"https:\/\/www.opinionpublica.tv\/portada\/wp-content\/uploads\/2024\/10\/Cabildo-aprueba-crear-la-Direccion-de-Atencion-y-Bienestar-Animal-1024x682.jpeg\" alt=\"Cabildo Aprueba Crear La Direccio\u0301n De Atencio\u0301n Y Bienestar Animal\" class=\"wp-image-45575\" srcset=\"https:\/\/www.opinionpublica.tv\/portada\/wp-content\/uploads\/2024\/10\/Cabildo-aprueba-crear-la-Direccion-de-Atencion-y-Bienestar-Animal-1024x682.jpeg 1024w, https:\/\/www.opinionpublica.tv\/portada\/wp-content\/uploads\/2024\/10\/Cabildo-aprueba-crear-la-Direccion-de-Atencion-y-Bienestar-Animal-300x200.jpeg 300w, https:\/\/www.opinionpublica.tv\/portada\/wp-content\/uploads\/2024\/10\/Cabildo-aprueba-crear-la-Direccion-de-Atencion-y-Bienestar-Animal-768x512.jpeg 768w, https:\/\/www.opinionpublica.tv\/portada\/wp-content\/uploads\/2024\/10\/Cabildo-aprueba-crear-la-Direccion-de-Atencion-y-Bienestar-Animal-1536x1023.jpeg 1536w, https:\/\/www.opinionpublica.tv\/portada\/wp-content\/uploads\/2024\/10\/Cabildo-aprueba-crear-la-Direccion-de-Atencion-y-Bienestar-Animal.jpeg 1600w\" sizes=\"(max-width: 1024px) 100vw, 1024px\" \/><\/figure>\n\n\n\n<p class=\"wp-block-paragraph\"><em>Ciudad Ju\u00e1rez, Chih<\/em>.- Durante la Sesi\u00f3n Ordinaria de Cabildo n\u00famero 3 se aprob\u00f3 la creaci\u00f3n de la Direcci\u00f3n de Atenci\u00f3n y Bienestar Animal, que entre otros objetivos, tendr\u00e1 el de salvaguardar principalmente a perros y gatos, as\u00ed como tratar de frenar el aumento de los mismos en las calles, promoviendo la adopci\u00f3n responsable.<\/p>\n\n\n\n<p class=\"wp-block-paragraph\">El secretario del Ayuntamiento, H\u00e9ctor Rafael Ortiz Orpinel, dio a conocer que se reform\u00f3 el Reglamento Org\u00e1nico de la Administraci\u00f3n P\u00fablica y de esta manera se autoriza a la Tesorer\u00eda Municipal para que se lleve a cabo el estudio necesario, para que la nueva direcci\u00f3n cuente con los recursos necesarios para su operaci\u00f3n.<\/p>\n\n\n\n<p class=\"wp-block-paragraph\">Indic\u00f3 que esta reforma entrar\u00e1 en vigor al d\u00eda siguiente que se publique en la Gaceta Municipal; la titular de esta nueva direcci\u00f3n es Alma Edith Arredondo Salinas.<\/p>\n\n\n\n<p class=\"wp-block-paragraph\">La regidora y coordinadora de la Comisi\u00f3n de Ecolog\u00eda, Laura Fernanda \u00c1valos Medina, coment\u00f3 que su importancia ser\u00e1 de gran impacto para todos los animales que est\u00e1n en la calle.<\/p>\n\n\n\n<p class=\"wp-block-paragraph\">La regidora Martha Patricia Mendoza Rodr\u00edguez dijo que esta nueva direcci\u00f3n ayudar\u00e1 a tener un Ju\u00e1rez m\u00e1s compasivo y el bienestar animal ser\u00e1 prioridad.<\/p>\n\n\n\n<p class=\"wp-block-paragraph\">En esta tercera sesi\u00f3n del Ayuntamiento, presidida por el alcalde Cruz P\u00e9rez Cu\u00e9llar, la Comisi\u00f3n de la Familia y Asistencia Social present\u00f3 un acuerdo para analizar la creaci\u00f3n del Instituto Municipal de la Familia.<\/p>\n\n\n\n<p class=\"wp-block-paragraph\">La regidora y coordinadora de la Comisi\u00f3n, Sandra Garc\u00eda Ramos, coment\u00f3 que es importante fortalecer la familia, ya que es el elemento natural y fundamental de la sociedad y tiene derecho a la protecci\u00f3n de la sociedad y el estado.<\/p>\n\n\n\n<p class=\"wp-block-paragraph\">Dijo que es necesario cuidar el n\u00facleo familiar para formar mejores seres humanos, con valores, lo cual ayudar\u00e1 a construir una sociedad pacifica e inclusiva y as\u00ed lograr un desarrollo sostenible.<\/p>\n\n\n\n<p class=\"wp-block-paragraph\">En esta reuni\u00f3n, la s\u00edndica municipal, Ana Carmen Estrada Garc\u00eda, present\u00f3 un acuerdo para que sea la Comisi\u00f3n de Gobernaci\u00f3n la que analice enviar al Congreso del Estado la propuesta para modificar el art\u00edculo 36 B del C\u00f3digo Municipal para el Estado de Chihuahua y de esta manera esa figura pueda tener voto en las decisiones de Cabildo.<\/p>\n\n\n\n<p class=\"wp-block-paragraph\">Estrada Garc\u00eda dijo que esto no forma parte de un capricho u ocurrencia, sino que varias ciudades ya han votado a favor para que el titular de esta entidad pueda dar su sufragio en las decisiones que afectan a la comunidad.<\/p>\n\n\n\n<p class=\"wp-block-paragraph\">El secretario del Ayuntamiento dijo que esta propuesta ser\u00e1 enviada a la Comisi\u00f3n de Gobernaci\u00f3n y los regidores que la integran ser\u00e1n quienes determinen si se env\u00eda o no al Congreso el Estado.<\/p>\n","protected":false},"excerpt":{"rendered":"<p>Ciudad Ju\u00e1rez, Chih.- Durante la Sesi\u00f3n Ordinaria de Cabildo n\u00famero 3 se aprob\u00f3 la creaci\u00f3n de la Direcci\u00f3n de Atenci\u00f3n y Bienestar Animal, que entre otros objetivos, tendr\u00e1 el de salvaguardar principalmente a perros y gatos, as\u00ed como tratar de frenar el aumento de los mismos en las calles, promoviendo la adopci\u00f3n responsable. El secretario [&hellip;]<\/p>\n","protected":false},"author":6,"featured_media":45575,"comment_status":"open","ping_status":"open","sticky":false,"template":"","format":"standard","meta":{"_acf_changed":false,"_monsterinsights_skip_tracking":false,"slim_seo":{"title":"Cabildo aprueba crear la Direcci\u00f3n de Atenci\u00f3n y Bienestar Animal - Opini\u00f3n P\u00fablica","description":"Ciudad Ju\u00e1rez, Chih .- Durante la Sesi\u00f3n Ordinaria de Cabildo n\u00famero 3 se aprob\u00f3 la creaci\u00f3n de la Direcci\u00f3n de Atenci\u00f3n y Bienestar Animal, que entre otros obj"},"footnotes":""},"categories":[41],"tags":[],"class_list":["post-45571","post","type-post","status-publish","format-standard","has-post-thumbnail","hentry","category-juarez"],"acf":[],"_links":{"self":[{"href":"https:\/\/www.opinionpublica.tv\/portada\/wp-json\/wp\/v2\/posts\/45571","targetHints":{"allow":["GET"]}}],"collection":[{"href":"https:\/\/www.opinionpublica.tv\/portada\/wp-json\/wp\/v2\/posts"}],"about":[{"href":"https:\/\/www.opinionpublica.tv\/portada\/wp-json\/wp\/v2\/types\/post"}],"author":[{"embeddable":true,"href":"https:\/\/www.opinionpublica.tv\/portada\/wp-json\/wp\/v2\/users\/6"}],"replies":[{"embeddable":true,"href":"https:\/\/www.opinionpublica.tv\/portada\/wp-json\/wp\/v2\/comments?post=45571"}],"version-history":[{"count":3,"href":"https:\/\/www.opinionpublica.tv\/portada\/wp-json\/wp\/v2\/posts\/45571\/revisions"}],"predecessor-version":[{"id":45576,"href":"https:\/\/www.opinionpublica.tv\/portada\/wp-json\/wp\/v2\/posts\/45571\/revisions\/45576"}],"wp:featuredmedia":[{"embeddable":true,"href":"https:\/\/www.opinionpublica.tv\/portada\/wp-json\/wp\/v2\/media\/45575"}],"wp:attachment":[{"href":"https:\/\/www.opinionpublica.tv\/portada\/wp-json\/wp\/v2\/media?parent=45571"}],"wp:term":[{"taxonomy":"category","embeddable":true,"href":"https:\/\/www.opinionpublica.tv\/portada\/wp-json\/wp\/v2\/categories?post=45571"},{"taxonomy":"post_tag","embeddable":true,"href":"https:\/\/www.opinionpublica.tv\/portada\/wp-json\/wp\/v2\/tags?post=45571"}],"curies":[{"name":"wp","href":"https:\/\/api.w.org\/{rel}","templated":true}]}}