{"id":45534,"date":"2024-10-24T00:01:00","date_gmt":"2024-10-24T06:01:00","guid":{"rendered":"https:\/\/www.opinionpublica.tv\/portada\/?p=45534"},"modified":"2024-10-23T20:06:43","modified_gmt":"2024-10-24T02:06:43","slug":"que-sucede-en-cuba","status":"publish","type":"post","link":"https:\/\/www.opinionpublica.tv\/portada\/que-sucede-en-cuba\/","title":{"rendered":"\u00bfQu\u00e9 sucede en Cuba?"},"content":{"rendered":"\n<h4 class=\"wp-block-heading\"><strong><em>Jorge G. Casta\u00f1eda<\/em><\/strong><\/h4>\n\n\n\n<p class=\"wp-block-paragraph\">___________________________<\/p>\n\n\n\n<p class=\"wp-block-paragraph\">A nadie debe extra\u00f1ar que la dictadura cubana culpe al \u201cbloqueo\u201d estadounidense por el apag\u00f3n generalizado que dur\u00f3 casi cuatro d\u00edas en la isla y que no ha terminado. Tampoco puede sorprendernos que el \u00f3rgano oficial de la 4T, es decir, La Jornada, haga lo mismo.<\/p>\n\n\n\n<p class=\"wp-block-paragraph\">Y si uno de estos d\u00edas alg\u00fan vocero del gobierno mexicano tambi\u00e9n responsabiliza a Washington del naufragio de la econom\u00eda y sociedad cubanas, no habr\u00e1 por qu\u00e9 asombrarse ante tales aberraciones. Pero nada de eso explica lo que sucede en Cuba.<\/p>\n\n\n\n<p class=\"wp-block-paragraph\">Todos los que quieren saberlo entienden que no hay tal \u201cbloqueo\u201d. Desde 1961, Estados Unidos ha prohibido el comercio de bienes, servicios y financiamiento entre ese pa\u00eds y Cuba. En los a\u00f1os \u201890 dicho embargo, originalmente un decreto presidencial, se transform\u00f3 en un acto del Congreso, que solo puede ser derogado por el poder legislativo. No obstante, la ley permite compras cubanas de m\u00faltiples productos norteamericanos, sobre todo alimentos y medicinas, al grado que, como lo se\u00f1ala Rub\u00e9n Cort\u00e9s, el comercio isle\u00f1o con Estados Unidos supera el de La Habana con M\u00e9xico.<\/p>\n\n\n\n<p class=\"wp-block-paragraph\">Asimismo, Cuba puede comerciar con el resto del mundo, entre pa\u00edses ricos \u2014Europa, Canad\u00e1, Jap\u00f3n\u2014 y amigos \u2014Brasil, Venezuela, Rusia y China. Hay tanto intercambio con Estados Unidos, que los cubanos de la nomenklatura compran huevos org\u00e1nicos por internet a empresas estadounidenses en Miami que los entregan dos d\u00edas despu\u00e9s. Huelga decir que en Cuba, junto con las dem\u00e1s escaseces de todo, no hay huevos.<\/p>\n\n\n\n<p class=\"wp-block-paragraph\">Se sabe tambi\u00e9n que el apag\u00f3n total, a la par de todos los apagones parciales casi cotidianos, se debe en buena medida a la obsolescencia de las centrales generadoras cubanas, a la falta de mantenimiento, al crudo cubano que consumen en parte, pesado y con alto contenido de azufre, y al exceso de demanda en ciertos momentos, a pesar de la salida de casi dos millones de cubanos de la isla desde 2022, una sangr\u00eda de m\u00e1s de veinte por ciento de la poblaci\u00f3n.<\/p>\n\n\n\n<p class=\"wp-block-paragraph\">Pero la explicaci\u00f3n de fondo del apag\u00f3n, seg\u00fan todos los relatos de los medios internacionales y de los expertos fuera de Cuba, radica en la falta de combustible, es decir de petr\u00f3leo. Y aqu\u00ed es donde se complica la cosa. Cuba consume unos 120 mil barriles diarios de crudo, y produce unos 40 mil. Los 80 mil barriles diarios restantes proven\u00edan, a partir del a\u00f1o 2000, de la Venezuela de Hugo Ch\u00e1vez y de Nicol\u00e1s Maduro, a cambio de m\u00e9dicos, instructores de educaci\u00f3n f\u00edsica y agentes de seguridad e inteligencia cubanos.<\/p>\n\n\n\n<p class=\"wp-block-paragraph\">S\u00f3lo que en los \u00faltimos tiempos, por razones a\u00fan desconocidas, el suministro venezolano se redujo casi a la mitad. M\u00e9xico y Rusia absorbieron el d\u00e9ficit, en ambos casos, probablemente, gratis.<\/p>\n\n\n\n<p class=\"wp-block-paragraph\">Pero tambi\u00e9n por razones indescifrables con informaci\u00f3n p\u00fablica, tanto M\u00e9xico \u2014que surt\u00eda unos 20 mil barriles diarios\u2014 como Rusia \u2014otros 30 mil\u2014 dejaron de hacerlo, o redujeron su aporte en tiempos recientes. Lo cual abre varias interrogantes.<\/p>\n\n\n\n<p class=\"wp-block-paragraph\">En primer lugar, \u00bfpor qu\u00e9 Cuba no adquiere crudo con sus amigos exportadores, como Brasil, Colombia, Angola, o Ir\u00e1n, o con proveedores neutros, como los dem\u00e1s del Golfo P\u00e9rsico? Petr\u00f3leo sobra en el mundo hoy, a precios elevados, ciertamente, pero menores que en otros momentos. La respuesta es muy sencilla: La Habana no tiene con qu\u00e9 pagar sus compras, y nadie les vende a cr\u00e9dito, porque nunca pagan sus deudas (son peores que los argentinos).<\/p>\n\n\n\n<p class=\"wp-block-paragraph\">De all\u00ed una segunda pregunta: \u00bfPor qu\u00e9 no pueden pagar su combustible para generar electricidad? Por una sencilla raz\u00f3n: no tienen dinero, porque no producen nada exportable, el turismo se desplom\u00f3 desde la pandemia, las remesas de Miami han disminuido, y el env\u00edo de \u201cm\u00e9dicos\u201d a otros pa\u00edses \u2014antes la principal fuente de divisas\u2014 tambi\u00e9n ha ca\u00eddo.<\/p>\n\n\n\n<p class=\"wp-block-paragraph\">Para dar un ejemplo, la zafra de az\u00facar este a\u00f1o fue de apenas 850 mil toneladas, la d\u00e9cima parte de la famosa y fracasada zafra de los diez millones de 1970 de Fidel Castro. Obvio en ese a\u00f1o, tambi\u00e9n hab\u00eda embargo estadounidense, y se disloc\u00f3 por completo la econom\u00eda cubana, pero \u201cs\u00ed se pudo\u201d. Cuba hoy no tiene divisas porque no tiene con qu\u00e9 conseguirlas.<\/p>\n\n\n\n<p class=\"wp-block-paragraph\">La siguiente pregunta es m\u00e1s enigm\u00e1tica. \u00bfA qu\u00e9 se debe que los amigos petroleros de Cuba ya no le env\u00eden petr\u00f3leo gratuito? Rusia, M\u00e9xico, Brasil y Colombia, sin hablar de Venezuela, son todos exportadores de crudo, y todos son gobernados por reg\u00edmenes afines a la dictadura castrista. \u00bfA poco se agot\u00f3 la generosidad solidaria, o el internacionalismo proletario?&nbsp; No hay necesariamente la misma respuesta para cada uno de los pa\u00edses.<\/p>\n\n\n\n<p class=\"wp-block-paragraph\">Es posible que unos, por razones que tienen que ver con mercados internacionales o con Estados Unidos \u2014por ejemplo, Petrobras se cotiza en la bolsa de Nueva York\u2014 no pueden regalarle petr\u00f3leo a Cuba; otros quiz\u00e1 enfrenten dificultades internas, como Colombia, que impiden el abastecimiento gratuito a Cuba. Algunos, probablemente como M\u00e9xico, podr\u00edan ofrecer financiamiento, para que con ello los cubanos pagaran y no apareciera un regalo en las cuentas de Pemex, que se tienen que presentar a la SEC, en vista de la deuda de Pemex con bancos norteamericanos.<\/p>\n\n\n\n<p class=\"wp-block-paragraph\">Pero no todas las explicaciones se aplican a todos al mismo tiempo. Lo que resulta a estas alturas evidente es que a D\u00edaz-Canel se le acab\u00f3 el veinte. No parece haber nadie en el mundo que siga queriendo cargar con el paquete cubano de gorra. Y no habr\u00e1, sino dentro de mucho tiempo, bienes o servicios que Cuba pueda vender que le permitan comprar por su cuenta el combustible que necesita. De la misma manera, todos los planes, anuncios y programas de transici\u00f3n energ\u00e9tica a e\u00f3lica o solar en Cuba tardar\u00e1n a\u00f1os, al igual que cualquier aumento en la producci\u00f3n nacional de crudo. Parece que la solidaridad, en efecto, s\u00ed se agot\u00f3.<\/p>\n\n\n\n<p class=\"wp-block-paragraph\">La \u00faltima pregunta, esa s\u00ed la de los 64 mil barriles de petr\u00f3leo, es si este apag\u00f3n, o los que sigan, van a generar protestas que ya no pueda controlar la dictadura. Se sabe que ha habido caceroleo nocturno en muchas zonas de la isla, incluyendo La Habana, y que alguna gente sale a la calle a manifestarse en la noche tambi\u00e9n. Pero todo parece indicar que no va a producirse un nuevo estallido como el 11 de julio.<\/p>\n\n\n\n<p class=\"wp-block-paragraph\">Aunque, en efecto, nunca se sabe. Lo m\u00e1s probable es que la \u00fanica soluci\u00f3n que encuentren los cubanos de a pie para vivir en ese infierno sea irse, de preferencia a Estados Unidos, si no a Espa\u00f1a. Y uno que otro a M\u00e9xico, donde podr\u00edan tratar de ir a ver a los altos funcionarios del gobierno de la 4T para pedir explicaciones de por qu\u00e9 ya no les regalan petr\u00f3leo, ya no impiden los apagones, ya no les permiten seguir viviendo de prestado toda la vida. Pero probablemente los altos funcionarios de la 4T s\u00f3lo les contesten con lugares comunes y ret\u00f3rica rimbombante.<\/p>\n","protected":false},"excerpt":{"rendered":"<p>Jorge G. Casta\u00f1eda ___________________________ A nadie debe extra\u00f1ar que la dictadura cubana culpe al \u201cbloqueo\u201d estadounidense por el apag\u00f3n generalizado que dur\u00f3 casi cuatro d\u00edas en la isla y que no ha terminado. Tampoco puede sorprendernos que el \u00f3rgano oficial de la 4T, es decir, La Jornada, haga lo mismo. Y si uno de estos [&hellip;]<\/p>\n","protected":false},"author":6,"featured_media":43385,"comment_status":"open","ping_status":"open","sticky":false,"template":"","format":"standard","meta":{"_acf_changed":false,"_monsterinsights_skip_tracking":false,"slim_seo":{"title":"\u00bfQu\u00e9 sucede en Cuba? - Opini\u00f3n P\u00fablica","description":"Jorge G. Casta\u00f1eda ___________________________ A nadie debe extra\u00f1ar que la dictadura cubana culpe al \u201cbloqueo\u201d estadounidense por el apag\u00f3n generalizado que du"},"footnotes":""},"categories":[18],"tags":[82],"class_list":["post-45534","post","type-post","status-publish","format-standard","has-post-thumbnail","hentry","category-castaneda-opina","tag-jorge-castaneda"],"acf":[],"_links":{"self":[{"href":"https:\/\/www.opinionpublica.tv\/portada\/wp-json\/wp\/v2\/posts\/45534","targetHints":{"allow":["GET"]}}],"collection":[{"href":"https:\/\/www.opinionpublica.tv\/portada\/wp-json\/wp\/v2\/posts"}],"about":[{"href":"https:\/\/www.opinionpublica.tv\/portada\/wp-json\/wp\/v2\/types\/post"}],"author":[{"embeddable":true,"href":"https:\/\/www.opinionpublica.tv\/portada\/wp-json\/wp\/v2\/users\/6"}],"replies":[{"embeddable":true,"href":"https:\/\/www.opinionpublica.tv\/portada\/wp-json\/wp\/v2\/comments?post=45534"}],"version-history":[{"count":2,"href":"https:\/\/www.opinionpublica.tv\/portada\/wp-json\/wp\/v2\/posts\/45534\/revisions"}],"predecessor-version":[{"id":45537,"href":"https:\/\/www.opinionpublica.tv\/portada\/wp-json\/wp\/v2\/posts\/45534\/revisions\/45537"}],"wp:featuredmedia":[{"embeddable":true,"href":"https:\/\/www.opinionpublica.tv\/portada\/wp-json\/wp\/v2\/media\/43385"}],"wp:attachment":[{"href":"https:\/\/www.opinionpublica.tv\/portada\/wp-json\/wp\/v2\/media?parent=45534"}],"wp:term":[{"taxonomy":"category","embeddable":true,"href":"https:\/\/www.opinionpublica.tv\/portada\/wp-json\/wp\/v2\/categories?post=45534"},{"taxonomy":"post_tag","embeddable":true,"href":"https:\/\/www.opinionpublica.tv\/portada\/wp-json\/wp\/v2\/tags?post=45534"}],"curies":[{"name":"wp","href":"https:\/\/api.w.org\/{rel}","templated":true}]}}