{"id":45259,"date":"2024-10-20T12:13:20","date_gmt":"2024-10-20T18:13:20","guid":{"rendered":"https:\/\/www.opinionpublica.tv\/portada\/?p=45259"},"modified":"2024-10-20T12:15:08","modified_gmt":"2024-10-20T18:15:08","slug":"efemerides-20-de-octubre-8","status":"publish","type":"post","link":"https:\/\/www.opinionpublica.tv\/portada\/efemerides-20-de-octubre-8\/","title":{"rendered":"Efem\u00e9rides 20 de octubre"},"content":{"rendered":"\n<p class=\"wp-block-paragraph\"><em>Un d\u00eda 20 de octubre como hoy, pero de 2011, el dictador libio Muamar el Gadafi es asesinado por los rebeldes en Sirte apoyados por Estados Unidos.<\/em><\/p>\n\n\n\n<figure class=\"wp-block-image size-full\"><img fetchpriority=\"high\" decoding=\"async\" width=\"990\" height=\"556\" src=\"https:\/\/www.opinionpublica.tv\/portada\/wp-content\/uploads\/2024\/10\/el-dictador-libio-Muamar-el-Gadafi-fue-asesinado-por-los-rebeldes-en-Sirte-apoyados-por-EU.webp\" alt=\"El Dictador Libio Muamar El Gadafi Fue Asesinado Por Los Rebeldes En Sirte Apoyados Por Eu\" class=\"wp-image-45260\" srcset=\"https:\/\/www.opinionpublica.tv\/portada\/wp-content\/uploads\/2024\/10\/el-dictador-libio-Muamar-el-Gadafi-fue-asesinado-por-los-rebeldes-en-Sirte-apoyados-por-EU.webp 990w, https:\/\/www.opinionpublica.tv\/portada\/wp-content\/uploads\/2024\/10\/el-dictador-libio-Muamar-el-Gadafi-fue-asesinado-por-los-rebeldes-en-Sirte-apoyados-por-EU-300x168.webp 300w, https:\/\/www.opinionpublica.tv\/portada\/wp-content\/uploads\/2024\/10\/el-dictador-libio-Muamar-el-Gadafi-fue-asesinado-por-los-rebeldes-en-Sirte-apoyados-por-EU-768x431.webp 768w\" sizes=\"(max-width: 990px) 100vw, 990px\" \/><\/figure>\n\n\n\n<p class=\"wp-block-paragraph\"><strong>Otras efem\u00e9rides<\/strong><\/p>\n\n\n\n<p class=\"wp-block-paragraph\">1548.- El capit\u00e1n Alonso de Mendoza funda la ciudad de Nuestra Se\u00f1ora de La Paz, actual capital boliviana.<\/p>\n\n\n\n<p class=\"wp-block-paragraph\">1811.- Montevideo y Buenos Aires firman un armisticio tras el sitio de la primera desde el mes de mayo por tropas de las Provincias Unidas del R\u00edo de la Plata.<\/p>\n\n\n\n<p class=\"wp-block-paragraph\">1864.- El presidente estadounidense, Abraham Lincoln, proclama la festividad del Thanksgiving Day.<\/p>\n\n\n\n<p class=\"wp-block-paragraph\">1868.- D\u00eda de la Cultura Nacional de Cuba en conmemoraci\u00f3n del canto por primera vez del himno de la patria en Bayamo.<\/p>\n\n\n\n<p class=\"wp-block-paragraph\">1883.- Se firma el Tratado de Anc\u00f3n, cerca de Lima, que pone fin a la participaci\u00f3n de Per\u00fa en la Guerra del Pac\u00edfico o del Salitre, en la que tiene como aliada a Bolivia en su lucha contra Chile, quien se hace con Tarapac\u00e1, hoy Iquique, y reparten el departamento de Arica (Arica para Chile y Tacna para Per\u00fa).<\/p>\n\n\n\n<p class=\"wp-block-paragraph\">1904.- Tratado de Paz y Amistad entre Chile y Bolivia, que pone fin a las antiguas diferencias de l\u00edmites territoriales entre ambos.<\/p>\n\n\n\n<p class=\"wp-block-paragraph\">1924.- La Conferencia de Embajadores aprueba un texto de la Sociedad de Naciones por el que se fijan las fronteras entre Polonia y Rusia.<\/p>\n\n\n\n<p class=\"wp-block-paragraph\">1926.- Cuba sufre uno de los ciclones m\u00e1s catastr\u00f3ficos de su historia, conocido como el hurac\u00e1n del \u00ab26\u00bb, que causa unos 600 muertos y azota La Habana y la isla de la Juventud.<\/p>\n\n\n\n<p class=\"wp-block-paragraph\">1939.- Decreto del presidente Anastasio Somoza Garc\u00eda que establece el himno nacional de Nicaragua.<\/p>\n\n\n\n<p class=\"wp-block-paragraph\">1944.- Segunda Guerra Mundial: tropas estadounidenses conquistan Aquisgr\u00e1n (Alemania).<\/p>\n\n\n\n<p class=\"wp-block-paragraph\">1968.- Boda de Jacqueline Kennedy con Arist\u00f3teles Onassis.<\/p>\n\n\n\n<p class=\"wp-block-paragraph\">1973.- Isabel II inaugura la \u00d3pera de Sydney (Australia), obra del arquitecto dan\u00e9s J\u00f8rn Utzon.<\/p>\n\n\n\n<p class=\"wp-block-paragraph\">1987.- Helmut Kohl y Francois Mitterrand acuerdan en Bonn acelerar el eje Bonn-Par\u00eds, firmando nuevos acuerdos de cooperaci\u00f3n.<\/p>\n\n\n\n<p class=\"wp-block-paragraph\">1991.- Las elecciones en Turqu\u00eda dan 178 esca\u00f1os al centroderechista Partido de la Recta V\u00eda, de Suleyman Demirel, que se convierte en primer ministro al mes siguiente.<\/p>\n\n\n\n<p class=\"wp-block-paragraph\">1996.- Victoria del liberal Arnoldo Alem\u00e1n en las presidenciales de Nicaragua sobre el sandinista Daniel Ortega.<\/p>\n\n\n\n<p class=\"wp-block-paragraph\">2002.- Unos setenta y ocho guerrilleros de las FARC mueren en un bombardeo tras intentar tomar Belalcazar, en Cauca (Colombia).<\/p>\n\n\n\n<p class=\"wp-block-paragraph\">2002.- El IRA aut\u00e9ntico anuncia su disoluci\u00f3n y el fin de sus actividades terroristas.<\/p>\n\n\n\n<p class=\"wp-block-paragraph\">2003.- La Confederaci\u00f3n Sindical de Trabajadores Campesinos de Bolivia anuncia una tregua de noventa d\u00edas para abrir negociaciones con el nuevo presidente del pa\u00eds, Carlos Mesa.<\/p>\n\n\n\n<p class=\"wp-block-paragraph\">2004.- El presidente cubano, Fidel Castro, se fractura la rodilla izquierda y sufre una fisura en el brazo derecho al caerse tras un acto en el Mausoleo del \u00abChe\u00bb, en Santa Clara.<\/p>\n\n\n\n<p class=\"wp-block-paragraph\">2005.- La Unesco aprueba el Convenio sobre Diversidad Cultural, con el voto en contra de EEUU e Israel.<\/p>\n\n\n\n<p class=\"wp-block-paragraph\">2009.- Cuba libera a dos presos pol\u00edticos y un empresario espa\u00f1ol tras la visita a la isla del ministro de Asuntos Exteriores de Espa\u00f1a, Miguel \u00c1ngel Moratinos.<\/p>\n\n\n\n<p class=\"wp-block-paragraph\">2010.- El Gobierno brit\u00e1nico de David Cameron presenta el mayor programa de recortes en d\u00e9cadas para reducir el d\u00e9ficit, que implica suprimir medio mill\u00f3n de empleados p\u00fablicos.<\/p>\n\n\n\n<p class=\"wp-block-paragraph\">2011.- ETA anuncia el cese definitivo de la actividad armada en un v\u00eddeo enviado al diario \u00abGara\u00bb.<\/p>\n\n\n\n<p class=\"wp-block-paragraph\">2018.- Multitudinaria manifestaci\u00f3n en Londres para pedir un segundo refer\u00e9ndum sobre la salida del Reino Unido de la UE.<\/p>\n\n\n\n<p class=\"wp-block-paragraph\">2019.- Elecciones en Bolivia con Evo Morales como aspirante a la reelecci\u00f3n, pero al d\u00eda siguiente surgen sospechas de fraude y se desatan protestas que acaban con la renuncia de Morales.<\/p>\n\n\n\n<p class=\"wp-block-paragraph\">2020.- La justicia de EEUU presenta una demanda antimonopolio contra Google por abuso de posici\u00f3n dominante en los mercados de las b\u00fasquedas y la publicidad.<\/p>\n\n\n\n<p class=\"wp-block-paragraph\">2022.- Dimite Liz Truss como primera ministra brit\u00e1nica tras mes y medio en el cargo.<\/p>\n\n\n\n<p class=\"wp-block-paragraph\"><strong>Nacimientos<\/strong><\/p>\n\n\n\n<p class=\"wp-block-paragraph\">1854.- Jean-Arthur Rimbaud, poeta franc\u00e9s.<\/p>\n\n\n\n<p class=\"wp-block-paragraph\">1882.- Bela Lugosi, actor estadounidense de origen austro-h\u00fangaro.<\/p>\n\n\n\n<p class=\"wp-block-paragraph\">1917.- Stephane Hessel, diplom\u00e1tico, pol\u00edtico, fil\u00f3sofo y escritor franc\u00e9s, corredactor de la \u00abDeclaraci\u00f3n Universal de los Derechos Humanos\u00bb.<\/p>\n\n\n\n<p class=\"wp-block-paragraph\">1925.- Art Buchwald, periodista y escritor estadounidense.<\/p>\n\n\n\n<p class=\"wp-block-paragraph\">1931.- Joan Salvat Dalmau, empresario y editor espa\u00f1ol.<\/p>\n\n\n\n<p class=\"wp-block-paragraph\">1934.- Michiko, emperatriz em\u00e9rita de Jap\u00f3n.<\/p>\n\n\n\n<p class=\"wp-block-paragraph\">1937.- Juan Antonio Marichal S\u00e1nchez, exjugador de b\u00e9isbol dominicano en las Grandes Ligas estadounidenses y exministro de Deportes.<\/p>\n\n\n\n<p class=\"wp-block-paragraph\">1938.- Antonio Gim\u00e9nez-Rico, director de cine espa\u00f1ol.<\/p>\n\n\n\n<p class=\"wp-block-paragraph\">1942.- Christiane Nusslein-Volhard, bioqu\u00edmica alemana y Nobel de Medicina 1995.<\/p>\n\n\n\n<p class=\"wp-block-paragraph\">1946.- Elfriede Jelinek, escritora austr\u00edaca, premio Nobel 2004.<\/p>\n\n\n\n<p class=\"wp-block-paragraph\">1956.- Danny Boyle, director y productor brit\u00e1nico.<\/p>\n\n\n\n<p class=\"wp-block-paragraph\">1958.- Viggo Mortensen, actor estadounidense.<\/p>\n\n\n\n<p class=\"wp-block-paragraph\">1964.- Kamala Harris, vicepresidenta de Estados Unidos.<\/p>\n\n\n\n<p class=\"wp-block-paragraph\"><strong>Defunciones<\/strong><\/p>\n\n\n\n<p class=\"wp-block-paragraph\">1929.- Jos\u00e9 Batlle Ord\u00f3\u00f1ez, expresidente uruguayo.<\/p>\n\n\n\n<p class=\"wp-block-paragraph\">1949.- Jacques Copeau, dramaturgo franc\u00e9s.<\/p>\n\n\n\n<p class=\"wp-block-paragraph\">1994.- Burt Lancaster, actor estadounidense.<\/p>\n\n\n\n<p class=\"wp-block-paragraph\">2014.- Oscar de la Renta, modisto y dise\u00f1ador dominicano.<\/p>\n\n\n\n<p class=\"wp-block-paragraph\">2016.- Junko Tabei, monta\u00f1era japonesa y primera mujer en escalar el Everest en 1975.<\/p>\n\n\n\n<p class=\"wp-block-paragraph\">2017.- Federico Luppi, cineasta argentino.<\/p>\n\n\n\n<p class=\"wp-block-paragraph\">2018.- Wim Kok, ex primer ministro holand\u00e9s.<\/p>\n","protected":false},"excerpt":{"rendered":"<p>Un d\u00eda 20 de octubre como hoy, pero de 2011, el dictador libio Muamar el Gadafi es asesinado por los rebeldes en Sirte apoyados por Estados Unidos. Otras efem\u00e9rides 1548.- El capit\u00e1n Alonso de Mendoza funda la ciudad de Nuestra Se\u00f1ora de La Paz, actual capital boliviana. 1811.- Montevideo y Buenos Aires firman un armisticio [&hellip;]<\/p>\n","protected":false},"author":6,"featured_media":45260,"comment_status":"open","ping_status":"open","sticky":false,"template":"","format":"standard","meta":{"_acf_changed":false,"_monsterinsights_skip_tracking":false,"slim_seo":{"title":"Efem\u00e9rides 20 de octubre - Opini\u00f3n P\u00fablica","description":"Un d\u00eda 20 de octubre como hoy, pero de 2011, el dictador libio Muamar el Gadafi es asesinado por los rebeldes en Sirte apoyados por Estados Unidos. Otras efem\u00e9r"},"footnotes":""},"categories":[27],"tags":[],"class_list":["post-45259","post","type-post","status-publish","format-standard","has-post-thumbnail","hentry","category-un-dia-como-hoy"],"acf":[],"_links":{"self":[{"href":"https:\/\/www.opinionpublica.tv\/portada\/wp-json\/wp\/v2\/posts\/45259","targetHints":{"allow":["GET"]}}],"collection":[{"href":"https:\/\/www.opinionpublica.tv\/portada\/wp-json\/wp\/v2\/posts"}],"about":[{"href":"https:\/\/www.opinionpublica.tv\/portada\/wp-json\/wp\/v2\/types\/post"}],"author":[{"embeddable":true,"href":"https:\/\/www.opinionpublica.tv\/portada\/wp-json\/wp\/v2\/users\/6"}],"replies":[{"embeddable":true,"href":"https:\/\/www.opinionpublica.tv\/portada\/wp-json\/wp\/v2\/comments?post=45259"}],"version-history":[{"count":2,"href":"https:\/\/www.opinionpublica.tv\/portada\/wp-json\/wp\/v2\/posts\/45259\/revisions"}],"predecessor-version":[{"id":45263,"href":"https:\/\/www.opinionpublica.tv\/portada\/wp-json\/wp\/v2\/posts\/45259\/revisions\/45263"}],"wp:featuredmedia":[{"embeddable":true,"href":"https:\/\/www.opinionpublica.tv\/portada\/wp-json\/wp\/v2\/media\/45260"}],"wp:attachment":[{"href":"https:\/\/www.opinionpublica.tv\/portada\/wp-json\/wp\/v2\/media?parent=45259"}],"wp:term":[{"taxonomy":"category","embeddable":true,"href":"https:\/\/www.opinionpublica.tv\/portada\/wp-json\/wp\/v2\/categories?post=45259"},{"taxonomy":"post_tag","embeddable":true,"href":"https:\/\/www.opinionpublica.tv\/portada\/wp-json\/wp\/v2\/tags?post=45259"}],"curies":[{"name":"wp","href":"https:\/\/api.w.org\/{rel}","templated":true}]}}