{"id":45088,"date":"2024-10-18T00:01:00","date_gmt":"2024-10-18T06:01:00","guid":{"rendered":"https:\/\/www.opinionpublica.tv\/portada\/?p=45088"},"modified":"2024-10-19T08:36:09","modified_gmt":"2024-10-19T14:36:09","slug":"duna-la-profecia-trailer-oficial-max","status":"publish","type":"post","link":"https:\/\/www.opinionpublica.tv\/portada\/duna-la-profecia-trailer-oficial-max\/","title":{"rendered":"Video: Duna: La Profec\u00eda | Trailer oficial | Max"},"content":{"rendered":"\n<figure class=\"wp-block-embed is-type-video is-provider-youtube wp-block-embed-youtube wp-embed-aspect-16-9 wp-has-aspect-ratio\"><div class=\"wp-block-embed__wrapper\">\n<iframe title=\"Duna: La Profec\u00eda | Trailer Oficial | Max\" width=\"800\" height=\"450\" src=\"https:\/\/www.youtube.com\/embed\/4wHg6eYptXY?feature=oembed\" frameborder=\"0\" allow=\"accelerometer; autoplay; clipboard-write; encrypted-media; gyroscope; picture-in-picture; web-share\" referrerpolicy=\"strict-origin-when-cross-origin\" allowfullscreen><\/iframe>\n<\/div><\/figure>\n\n\n\n<p class=\"wp-block-paragraph\">La profec\u00eda comienza. La nueva serie original de HBO <a href=\"https:\/\/www.youtube.com\/hashtag\/dunalaprofec%C3%ADa\">#DunaLaProfec\u00eda<\/a> estrena el 17 de noviembre en Max.<a href=\"https:\/\/www.youtube.com\/@StreamMaxLA\"><\/a><\/p>\n","protected":false},"excerpt":{"rendered":"<p>La profec\u00eda comienza. La nueva serie original de HBO #DunaLaProfec\u00eda estrena el 17 de noviembre en Max.<\/p>\n","protected":false},"author":6,"featured_media":45089,"comment_status":"open","ping_status":"open","sticky":false,"template":"","format":"standard","meta":{"_acf_changed":false,"_monsterinsights_skip_tracking":false,"slim_seo":{"title":"Video: Duna: La Profec\u00eda | Trailer oficial | Max - Opini\u00f3n P\u00fablica","description":"https:\/\/youtu.be\/4wHg6eYptXY?si=ihjZSTXKYzzruumr La profec\u00eda comienza. La nueva serie original de HBO #DunaLaProfec\u00eda estrena el 17 de noviembre en Max."},"footnotes":""},"categories":[2,13,8],"tags":[],"class_list":["post-45088","post","type-post","status-publish","format-standard","has-post-thumbnail","hentry","category-videos-destacados","category-videos-destacados-contenido","category-videos"],"acf":[],"_links":{"self":[{"href":"https:\/\/www.opinionpublica.tv\/portada\/wp-json\/wp\/v2\/posts\/45088","targetHints":{"allow":["GET"]}}],"collection":[{"href":"https:\/\/www.opinionpublica.tv\/portada\/wp-json\/wp\/v2\/posts"}],"about":[{"href":"https:\/\/www.opinionpublica.tv\/portada\/wp-json\/wp\/v2\/types\/post"}],"author":[{"embeddable":true,"href":"https:\/\/www.opinionpublica.tv\/portada\/wp-json\/wp\/v2\/users\/6"}],"replies":[{"embeddable":true,"href":"https:\/\/www.opinionpublica.tv\/portada\/wp-json\/wp\/v2\/comments?post=45088"}],"version-history":[{"count":3,"href":"https:\/\/www.opinionpublica.tv\/portada\/wp-json\/wp\/v2\/posts\/45088\/revisions"}],"predecessor-version":[{"id":45209,"href":"https:\/\/www.opinionpublica.tv\/portada\/wp-json\/wp\/v2\/posts\/45088\/revisions\/45209"}],"wp:featuredmedia":[{"embeddable":true,"href":"https:\/\/www.opinionpublica.tv\/portada\/wp-json\/wp\/v2\/media\/45089"}],"wp:attachment":[{"href":"https:\/\/www.opinionpublica.tv\/portada\/wp-json\/wp\/v2\/media?parent=45088"}],"wp:term":[{"taxonomy":"category","embeddable":true,"href":"https:\/\/www.opinionpublica.tv\/portada\/wp-json\/wp\/v2\/categories?post=45088"},{"taxonomy":"post_tag","embeddable":true,"href":"https:\/\/www.opinionpublica.tv\/portada\/wp-json\/wp\/v2\/tags?post=45088"}],"curies":[{"name":"wp","href":"https:\/\/api.w.org\/{rel}","templated":true}]}}