{"id":45033,"date":"2024-10-17T00:01:00","date_gmt":"2024-10-17T06:01:00","guid":{"rendered":"https:\/\/www.opinionpublica.tv\/portada\/?p=45033"},"modified":"2024-10-16T20:38:21","modified_gmt":"2024-10-17T02:38:21","slug":"pedro-paramo-trailer-oficial-estreno-netflix","status":"publish","type":"post","link":"https:\/\/www.opinionpublica.tv\/portada\/pedro-paramo-trailer-oficial-estreno-netflix\/","title":{"rendered":"Pedro P\u00e1ramo | Tr\u00e1iler oficial | Estreno Netflix"},"content":{"rendered":"\n<p class=\"wp-block-paragraph\"><a href=\"https:\/\/www.youtube.com\/@NetflixLATAM\"><\/a><\/p>\n\n\n\n<figure class=\"wp-block-embed is-type-video is-provider-youtube wp-block-embed-youtube wp-embed-aspect-16-9 wp-has-aspect-ratio\"><div class=\"wp-block-embed__wrapper\">\n<iframe title=\"Pedro P\u00e1ramo | Tr\u00e1iler oficial | Netflix\" width=\"800\" height=\"450\" src=\"https:\/\/www.youtube.com\/embed\/ZqtdUc6iev4?feature=oembed\" frameborder=\"0\" allow=\"accelerometer; autoplay; clipboard-write; encrypted-media; gyroscope; picture-in-picture; web-share\" referrerpolicy=\"strict-origin-when-cross-origin\" allowfullscreen><\/iframe>\n<\/div><\/figure>\n\n\n\n<p class=\"wp-block-paragraph\">\u2018Pedro P\u00e1ramo\u2019 no solo le rinde tributo a la obra literaria m\u00e1s importante de M\u00e9xico, es tambi\u00e9n un tributo al amor, uno tan poderoso como macabro, capaz de hundir al pueblo entero de Comala y a todos sus habitantes con \u00e9l. Dirigida por Rodrigo Prieto y basada en la novela cumbre de Juan Rulfo.<\/p>\n","protected":false},"excerpt":{"rendered":"<p>\u2018Pedro P\u00e1ramo\u2019 no solo le rinde tributo a la obra literaria m\u00e1s importante de M\u00e9xico, es tambi\u00e9n un tributo al amor, uno tan poderoso como macabro, capaz de hundir al pueblo entero de Comala y a todos sus habitantes con \u00e9l. Dirigida por Rodrigo Prieto y basada en la novela cumbre de Juan Rulfo.<\/p>\n","protected":false},"author":6,"featured_media":45035,"comment_status":"open","ping_status":"open","sticky":false,"template":"","format":"standard","meta":{"_acf_changed":false,"_monsterinsights_skip_tracking":false,"slim_seo":{"title":"Pedro P\u00e1ramo | Tr\u00e1iler oficial | Estreno Netflix - Opini\u00f3n P\u00fablica","description":"https:\/\/youtu.be\/ZqtdUc6iev4?si=JdZAKa4eSyNV7lEM \u2018Pedro P\u00e1ramo\u2019 no solo le rinde tributo a la obra literaria m\u00e1s importante de M\u00e9xico, es tambi\u00e9n un tributo al"},"footnotes":""},"categories":[2,13,8],"tags":[],"class_list":["post-45033","post","type-post","status-publish","format-standard","has-post-thumbnail","hentry","category-videos-destacados","category-videos-destacados-contenido","category-videos"],"acf":[],"_links":{"self":[{"href":"https:\/\/www.opinionpublica.tv\/portada\/wp-json\/wp\/v2\/posts\/45033","targetHints":{"allow":["GET"]}}],"collection":[{"href":"https:\/\/www.opinionpublica.tv\/portada\/wp-json\/wp\/v2\/posts"}],"about":[{"href":"https:\/\/www.opinionpublica.tv\/portada\/wp-json\/wp\/v2\/types\/post"}],"author":[{"embeddable":true,"href":"https:\/\/www.opinionpublica.tv\/portada\/wp-json\/wp\/v2\/users\/6"}],"replies":[{"embeddable":true,"href":"https:\/\/www.opinionpublica.tv\/portada\/wp-json\/wp\/v2\/comments?post=45033"}],"version-history":[{"count":1,"href":"https:\/\/www.opinionpublica.tv\/portada\/wp-json\/wp\/v2\/posts\/45033\/revisions"}],"predecessor-version":[{"id":45034,"href":"https:\/\/www.opinionpublica.tv\/portada\/wp-json\/wp\/v2\/posts\/45033\/revisions\/45034"}],"wp:featuredmedia":[{"embeddable":true,"href":"https:\/\/www.opinionpublica.tv\/portada\/wp-json\/wp\/v2\/media\/45035"}],"wp:attachment":[{"href":"https:\/\/www.opinionpublica.tv\/portada\/wp-json\/wp\/v2\/media?parent=45033"}],"wp:term":[{"taxonomy":"category","embeddable":true,"href":"https:\/\/www.opinionpublica.tv\/portada\/wp-json\/wp\/v2\/categories?post=45033"},{"taxonomy":"post_tag","embeddable":true,"href":"https:\/\/www.opinionpublica.tv\/portada\/wp-json\/wp\/v2\/tags?post=45033"}],"curies":[{"name":"wp","href":"https:\/\/api.w.org\/{rel}","templated":true}]}}