{"id":45030,"date":"2024-10-17T00:01:00","date_gmt":"2024-10-17T06:01:00","guid":{"rendered":"https:\/\/www.opinionpublica.tv\/portada\/?p=45030"},"modified":"2024-10-16T20:34:56","modified_gmt":"2024-10-17T02:34:56","slug":"efemerides-17-de-octubre-8","status":"publish","type":"post","link":"https:\/\/www.opinionpublica.tv\/portada\/efemerides-17-de-octubre-8\/","title":{"rendered":"Efem\u00e9rides 17 de octubre"},"content":{"rendered":"\n<p class=\"wp-block-paragraph\"><em>Un d\u00eda 17 de octubre como hoy, pero de 1933, Albert Einstein escapa de la Alemania nazi y llega a Estados Unidos como refugiado.<\/em><\/p>\n\n\n\n<figure class=\"wp-block-image size-full\"><img fetchpriority=\"high\" decoding=\"async\" width=\"976\" height=\"549\" src=\"https:\/\/www.opinionpublica.tv\/portada\/wp-content\/uploads\/2024\/10\/Albert-Einstein-escapa-de-la-Alemania-nazi-y-llega-a-Estados-Unidos-como-refugiado.jpg\" alt=\"Albert Einstein Escapa De La Alemania Nazi Y Llega A Estados Unidos Como Refugiado\" class=\"wp-image-45031\" srcset=\"https:\/\/www.opinionpublica.tv\/portada\/wp-content\/uploads\/2024\/10\/Albert-Einstein-escapa-de-la-Alemania-nazi-y-llega-a-Estados-Unidos-como-refugiado.jpg 976w, https:\/\/www.opinionpublica.tv\/portada\/wp-content\/uploads\/2024\/10\/Albert-Einstein-escapa-de-la-Alemania-nazi-y-llega-a-Estados-Unidos-como-refugiado-300x169.jpg 300w, https:\/\/www.opinionpublica.tv\/portada\/wp-content\/uploads\/2024\/10\/Albert-Einstein-escapa-de-la-Alemania-nazi-y-llega-a-Estados-Unidos-como-refugiado-768x432.jpg 768w\" sizes=\"(max-width: 976px) 100vw, 976px\" \/><\/figure>\n\n\n\n<p class=\"wp-block-paragraph\"><strong>Otras efem\u00e9rides<\/strong><\/p>\n\n\n\n<p class=\"wp-block-paragraph\">1815.- Napole\u00f3n llega desterrado a la isla de Santa Helena.<\/p>\n\n\n\n<p class=\"wp-block-paragraph\">1829.- Pedro I, emperador de Brasil, instituye la Orden de caballer\u00eda de la Rosa.<\/p>\n\n\n\n<p class=\"wp-block-paragraph\">1888.- Thomas Edison patenta el fon\u00f3grafo \u00f3ptico (la primera pel\u00edcula).<\/p>\n\n\n\n<p class=\"wp-block-paragraph\">1899.- Comienza en Colombia la guerra civil llamada de los \u00abMil D\u00edas\u00bb, que termina el 21 de noviembre de 1902.<\/p>\n\n\n\n<p class=\"wp-block-paragraph\">1910.- Quinta y \u00faltima jornada del hurac\u00e1n de los Cinco D\u00edas en Cuba, que mata a unas 700 personas y en La Habana rompe el malec\u00f3n.<\/p>\n\n\n\n<p class=\"wp-block-paragraph\">1931.- Al Capone es hallado culpable por un jurado en EEUU y el 24 de octubre es condenado a once a\u00f1os de prisi\u00f3n por evadir impuestos.<\/p>\n\n\n\n<p class=\"wp-block-paragraph\">1951.- Se inician en Buenos Aires las transmisiones del primer canal de televisi\u00f3n de Argentina: Canal 7.<\/p>\n\n\n\n<p class=\"wp-block-paragraph\">1956.- \u00abLa partida del siglo\u00bb de ajedrez entre Donald Byrne y Bobby Fischer.<\/p>\n\n\n\n<p class=\"wp-block-paragraph\">1966.- Un terremoto asola la costa de Per\u00fa y causa 101 muertos, m\u00e1s de 1.500 heridos y graves da\u00f1os materiales.<\/p>\n\n\n\n<p class=\"wp-block-paragraph\">1969.- Bolivia nacionaliza la compa\u00f1\u00eda estadounidense Gulf Oil.<\/p>\n\n\n\n<p class=\"wp-block-paragraph\">1979.- Teresa de Calcuta, Premio Nobel de la Paz.<\/p>\n\n\n\n<p class=\"wp-block-paragraph\">1981.- Primer campeonato mundial para el piloto brasile\u00f1o Nelson Piquet.<\/p>\n\n\n\n<p class=\"wp-block-paragraph\">1989.- Un terremoto de 7,1 en la escala de Richter sacude el norte de California y provoca 70 muertos, 3.000 heridos y da\u00f1os materiales de miles de millones.<\/p>\n\n\n\n<p class=\"wp-block-paragraph\">1994.- Tratado de paz entre Israel y Jordania por disputas territoriales y que fue ratificado el 26 de octubre con la presencia del Bill Clinton.<\/p>\n\n\n\n<p class=\"wp-block-paragraph\">2001.- Rejabam Zehevi, ministro israel\u00ed de Turismo, asesinado por extremistas palestinos.<\/p>\n\n\n\n<p class=\"wp-block-paragraph\">2003.- Gonzalo S\u00e1nchez de Lozada, presidente de Bolivia, dimite tras un mes de protestas en las que mueren m\u00e1s de 70 personas.<\/p>\n\n\n\n<p class=\"wp-block-paragraph\">2004.- Entra en vigor en Brasil la \u00abLey de Tiro de Destrucci\u00f3n\u00bb por la que pueden ser derribados los aviones que vuelen sobre territorio brasile\u00f1o sin identificarse.<\/p>\n\n\n\n<p class=\"wp-block-paragraph\">2014.- Argentina lanza su primer sat\u00e9lite para telecomunicaciones.<\/p>\n\n\n\n<p class=\"wp-block-paragraph\">2016.- Despega la nave china Shenzhou-11 con dos astronautas a bordo para permanecer 33 d\u00edas en el laboratorio espacial Tiangong-2.<\/p>\n\n\n\n<p class=\"wp-block-paragraph\">2017.- Un juez de Hawai bloquea el tercer veto migratorio del presidente estadounidense, Donald Trump, por discriminatorio.<\/p>\n\n\n\n<p class=\"wp-block-paragraph\">2018.- Un estudiante mata a 19 personas en un instituto de Crimea, Rusia y luego se suicida.<\/p>\n\n\n\n<p class=\"wp-block-paragraph\">2019.- La UE y el Reino Unido logran un acuerdo sobre el \u00abbrexit\u00bb.<\/p>\n\n\n\n<p class=\"wp-block-paragraph\">2019.- Fallece la bailarina cubana de danza cl\u00e1sica Alicia Alonso, a los 98 a\u00f1os.<\/p>\n\n\n\n<p class=\"wp-block-paragraph\">2020.- Jacinda Ardern, primera ministra de Nueva Zelanda, revalida el cargo tras ganar las elecciones con mayor\u00eda absoluta.<\/p>\n\n\n\n<p class=\"wp-block-paragraph\">Nacimientos<\/p>\n\n\n\n<p class=\"wp-block-paragraph\">1797.- Juan Lavalle, militar destacado en la guerra de la independencia de Argentina.<\/p>\n\n\n\n<p class=\"wp-block-paragraph\">1878.- Jacobo Fitz-James Stuart y Falc\u00f3, XVII duque de Alba.<\/p>\n\n\n\n<p class=\"wp-block-paragraph\">1909.- Leopoldo Panero, poeta espa\u00f1ol.<\/p>\n\n\n\n<p class=\"wp-block-paragraph\">1912.- Papa Juan Pablo I (Albino Luciani).<\/p>\n\n\n\n<p class=\"wp-block-paragraph\">1915.- Arthur Miller, dramaturgo estadounidense.<\/p>\n\n\n\n<p class=\"wp-block-paragraph\">1916.- Jos\u00e9 L\u00f3pez Rega, pol\u00edtico argentino, cofundador del peronismo.<\/p>\n\n\n\n<p class=\"wp-block-paragraph\">1918.- Rita Hayworth, actriz estadounidense.<\/p>\n\n\n\n<p class=\"wp-block-paragraph\">1920.- Miguel Delibes, escritor y periodista espa\u00f1ol.<\/p>\n\n\n\n<p class=\"wp-block-paragraph\">1920.- Montgomery Clift, actor estadounidense.<\/p>\n\n\n\n<p class=\"wp-block-paragraph\">1944.- \u00c1ngel Cristo, domador y empresario circense.<\/p>\n\n\n\n<p class=\"wp-block-paragraph\">1947.- Manuel P\u00e9rez Barriopedro, fot\u00f3grafo espa\u00f1ol.<\/p>\n\n\n\n<p class=\"wp-block-paragraph\">1968.- Ziggy Marley, m\u00fasico jamaicano, hijo de Bob Marley.<\/p>\n\n\n\n<p class=\"wp-block-paragraph\">1972.- Eminem, cantante de rap estadounidense.<\/p>\n\n\n\n<p class=\"wp-block-paragraph\">1979.- Kimi R\u00e4ikk\u00f6nen, piloto de F-1 finland\u00e9s.<\/p>\n\n\n\n<p class=\"wp-block-paragraph\">1983.- Felicity Jones, actriz brit\u00e1nica.<\/p>\n\n\n\n<p class=\"wp-block-paragraph\">Defunciones<\/p>\n\n\n\n<p class=\"wp-block-paragraph\">1757.- Ren\u00e9 Reaumur, f\u00edsico franc\u00e9s.<\/p>\n\n\n\n<p class=\"wp-block-paragraph\">1849.- Fr\u00e9d\u00e9ric Chopin, compositor polaco.<\/p>\n\n\n\n<p class=\"wp-block-paragraph\">1934.- Santiago Ram\u00f3n y Cajal, m\u00e9dico espa\u00f1ol, premio Nobel.<\/p>\n\n\n\n<p class=\"wp-block-paragraph\">1944.- Pavel Haas, compositor checo.<\/p>\n\n\n\n<p class=\"wp-block-paragraph\">2005.- Ba Jin, escritor chino.<\/p>\n\n\n\n<p class=\"wp-block-paragraph\">2009.- Rosanna Schiaffino, actriz italiana.<\/p>\n\n\n\n<p class=\"wp-block-paragraph\">2016.- Elena Santonja, presentadora, pintora y actriz espa\u00f1ola.<\/p>\n\n\n\n<p class=\"wp-block-paragraph\">2017.- Danielle Darrieux, actriz francesa.<\/p>\n\n\n\n<p class=\"wp-block-paragraph\">2018.- Ara G\u00fcler, fotoperiodista turco.<\/p>\n\n\n\n<p class=\"wp-block-paragraph\">2019.- Alicia Alonso, bailarina y core\u00f3grafa cubana.<\/p>\n\n\n\n<p class=\"wp-block-paragraph\">2020.- Doreen Montalvo, actriz estadounidense.<\/p>\n","protected":false},"excerpt":{"rendered":"<p>Un d\u00eda 17 de octubre como hoy, pero de 1933, Albert Einstein escapa de la Alemania nazi y llega a Estados Unidos como refugiado. Otras efem\u00e9rides 1815.- Napole\u00f3n llega desterrado a la isla de Santa Helena. 1829.- Pedro I, emperador de Brasil, instituye la Orden de caballer\u00eda de la Rosa. 1888.- Thomas Edison patenta el [&hellip;]<\/p>\n","protected":false},"author":6,"featured_media":45031,"comment_status":"open","ping_status":"open","sticky":false,"template":"","format":"standard","meta":{"_acf_changed":false,"_monsterinsights_skip_tracking":false,"slim_seo":{"title":"Efem\u00e9rides 17 de octubre - Opini\u00f3n P\u00fablica","description":"Un d\u00eda 17 de octubre como hoy, pero de 1933, Albert Einstein escapa de la Alemania nazi y llega a Estados Unidos como refugiado. Otras efem\u00e9rides 1815.- Napole\u00f3"},"footnotes":""},"categories":[27],"tags":[],"class_list":["post-45030","post","type-post","status-publish","format-standard","has-post-thumbnail","hentry","category-un-dia-como-hoy"],"acf":[],"_links":{"self":[{"href":"https:\/\/www.opinionpublica.tv\/portada\/wp-json\/wp\/v2\/posts\/45030","targetHints":{"allow":["GET"]}}],"collection":[{"href":"https:\/\/www.opinionpublica.tv\/portada\/wp-json\/wp\/v2\/posts"}],"about":[{"href":"https:\/\/www.opinionpublica.tv\/portada\/wp-json\/wp\/v2\/types\/post"}],"author":[{"embeddable":true,"href":"https:\/\/www.opinionpublica.tv\/portada\/wp-json\/wp\/v2\/users\/6"}],"replies":[{"embeddable":true,"href":"https:\/\/www.opinionpublica.tv\/portada\/wp-json\/wp\/v2\/comments?post=45030"}],"version-history":[{"count":1,"href":"https:\/\/www.opinionpublica.tv\/portada\/wp-json\/wp\/v2\/posts\/45030\/revisions"}],"predecessor-version":[{"id":45032,"href":"https:\/\/www.opinionpublica.tv\/portada\/wp-json\/wp\/v2\/posts\/45030\/revisions\/45032"}],"wp:featuredmedia":[{"embeddable":true,"href":"https:\/\/www.opinionpublica.tv\/portada\/wp-json\/wp\/v2\/media\/45031"}],"wp:attachment":[{"href":"https:\/\/www.opinionpublica.tv\/portada\/wp-json\/wp\/v2\/media?parent=45030"}],"wp:term":[{"taxonomy":"category","embeddable":true,"href":"https:\/\/www.opinionpublica.tv\/portada\/wp-json\/wp\/v2\/categories?post=45030"},{"taxonomy":"post_tag","embeddable":true,"href":"https:\/\/www.opinionpublica.tv\/portada\/wp-json\/wp\/v2\/tags?post=45030"}],"curies":[{"name":"wp","href":"https:\/\/api.w.org\/{rel}","templated":true}]}}