{"id":45018,"date":"2024-10-17T00:01:00","date_gmt":"2024-10-17T06:01:00","guid":{"rendered":"https:\/\/www.opinionpublica.tv\/portada\/?p=45018"},"modified":"2024-10-16T20:13:28","modified_gmt":"2024-10-17T02:13:28","slug":"participa-alcalde-en-la-inauguracion-de-la-decima-tercera-edicion-de-la-expo-mro","status":"publish","type":"post","link":"https:\/\/www.opinionpublica.tv\/portada\/participa-alcalde-en-la-inauguracion-de-la-decima-tercera-edicion-de-la-expo-mro\/","title":{"rendered":"Participa alcalde en la inauguraci\u00f3n de la edici\u00f3n 13 de la Expo MRO"},"content":{"rendered":"\n<figure class=\"wp-block-image size-large\"><img fetchpriority=\"high\" decoding=\"async\" width=\"1024\" height=\"682\" src=\"https:\/\/www.opinionpublica.tv\/portada\/wp-content\/uploads\/2024\/10\/Participa-alcalde-en-la-inauguracion-de-la-edicion-13-de-la-Expo-MRO-1024x682.jpeg\" alt=\"Participa Alcalde En La Inauguracio\u0301n De La Edicio\u0301n 13 De La Expo Mro\" class=\"wp-image-45023\" srcset=\"https:\/\/www.opinionpublica.tv\/portada\/wp-content\/uploads\/2024\/10\/Participa-alcalde-en-la-inauguracion-de-la-edicion-13-de-la-Expo-MRO-1024x682.jpeg 1024w, https:\/\/www.opinionpublica.tv\/portada\/wp-content\/uploads\/2024\/10\/Participa-alcalde-en-la-inauguracion-de-la-edicion-13-de-la-Expo-MRO-300x200.jpeg 300w, https:\/\/www.opinionpublica.tv\/portada\/wp-content\/uploads\/2024\/10\/Participa-alcalde-en-la-inauguracion-de-la-edicion-13-de-la-Expo-MRO-768x512.jpeg 768w, https:\/\/www.opinionpublica.tv\/portada\/wp-content\/uploads\/2024\/10\/Participa-alcalde-en-la-inauguracion-de-la-edicion-13-de-la-Expo-MRO-1536x1023.jpeg 1536w, https:\/\/www.opinionpublica.tv\/portada\/wp-content\/uploads\/2024\/10\/Participa-alcalde-en-la-inauguracion-de-la-edicion-13-de-la-Expo-MRO.jpeg 1600w\" sizes=\"(max-width: 1024px) 100vw, 1024px\" \/><\/figure>\n\n\n\n<p class=\"wp-block-paragraph\"><em>Ciudad Ju\u00e1rez, Chih<\/em>.- El presidente municipal, Cruz P\u00e9rez Cu\u00e9llar, particip\u00f3 en la inauguraci\u00f3n de la D\u00e9cima Tercera edici\u00f3n de la Expo MRO, que se llev\u00f3 a cabo en el Centro de Convenciones Injectronic, situado en el Parque Industrial Antonio J. Berm\u00fadez.<\/p>\n\n\n\n<p class=\"wp-block-paragraph\">\u201cReconozco a H\u00e9ctor N\u00fa\u00f1ez Polanco, presidente de Desarrollo Econ\u00f3mico del Norte, por el esfuerzo que ha realizado durante estos 13 a\u00f1os para llevar a cabo la Expo MRO de manera individual, con puros recursos privados buscando m\u00e1s proveedur\u00eda local\u201d, expres\u00f3 el alcalde, tras agradecer la invitaci\u00f3n al evento y reiterar su apoyo a los empresarios.<\/p>\n\n\n\n<p class=\"wp-block-paragraph\">\u201cSiempre hemos sido aliados del sector privado, Ciudad Ju\u00e1rez es una gran ciudad, es una potencia econ\u00f3mica a nivel nacional e internacional, tenemos que cuidarla y seguir trabajando para que siga creciendo, felicidades y gracias a todas y todos por acompa\u00f1arnos\u201d, resalt\u00f3.<\/p>\n\n\n\n<p class=\"wp-block-paragraph\">Por su parte, N\u00fa\u00f1ez Polanco inform\u00f3 que los expositores en el evento son empresas que buscan, luchan y ofrecen servicios a las maquiladoras, la mayor\u00eda de ellas son mexicanas que buscan abrirse camino a este gran mercado.<\/p>\n\n\n\n<p class=\"wp-block-paragraph\">Sabemos que la ciudad tiene ya un esquema de m\u00e1s de 50 a\u00f1os, con un sistema de modelo de manufactura, pero ahora se dar\u00e1 el siguiente paso que es la proveedur\u00eda local, indic\u00f3.<\/p>\n\n\n\n<p class=\"wp-block-paragraph\">Renall Johnnson, candidato a alcalde de El Paso, Texas, felicit\u00f3 a los a los organizadores de la Expo MRO por estos 13 a\u00f1os y por la invitaci\u00f3n a la misma.<\/p>\n\n\n\n<p class=\"wp-block-paragraph\">La directora de Desarrollo Econ\u00f3mico del Municipio, Tania Maldonado, inform\u00f3 que son m\u00e1s de 400 empresas que est\u00e1n siendo promovidas para establecer conexiones estrat\u00e9gicas con la industria, buscando abastecer los servicios que estas puedan requerir u ofrecer.<\/p>\n\n\n\n<p class=\"wp-block-paragraph\">Destac\u00f3 que con estas acciones surgir\u00e1n importantes y valiosas negociaciones que beneficiar\u00e1n significativamente al sector industrial.<\/p>\n\n\n\n<p class=\"wp-block-paragraph\">Durante la ceremonia de inauguraci\u00f3n se entregaron reconocimientos a empresas que han apoyado desde el inicio a la Expo MRO.<\/p>\n\n\n\n<p class=\"wp-block-paragraph\">Al evento acudieron Manuel Sotelo Suarez, de la Asociaci\u00f3n de Transportistas; Isela Molina, presidenta del Consejo Coordinador Empresarial (CCE) y de Canacintra Ju\u00e1rez; Eduardo Ramos, presidente de Aduana Sof; Miguel Samaniego, director de Industria del estado; Cecilia Levine, presidenta del USMC; la diputada Mar\u00eda Antonieta P\u00e9rez, presidenta de la Comisi\u00f3n de Asuntos Fronterizos del Congreso del Estado y la regidora Sandra Garc\u00eda.<\/p>\n","protected":false},"excerpt":{"rendered":"<p>Ciudad Ju\u00e1rez, Chih.- El presidente municipal, Cruz P\u00e9rez Cu\u00e9llar, particip\u00f3 en la inauguraci\u00f3n de la D\u00e9cima Tercera edici\u00f3n de la Expo MRO, que se llev\u00f3 a cabo en el Centro de Convenciones Injectronic, situado en el Parque Industrial Antonio J. Berm\u00fadez. \u201cReconozco a H\u00e9ctor N\u00fa\u00f1ez Polanco, presidente de Desarrollo Econ\u00f3mico del Norte, por el esfuerzo [&hellip;]<\/p>\n","protected":false},"author":6,"featured_media":45023,"comment_status":"open","ping_status":"open","sticky":false,"template":"","format":"standard","meta":{"_acf_changed":false,"_monsterinsights_skip_tracking":false,"slim_seo":{"title":"Participa alcalde en la inauguraci\u00f3n de la edici\u00f3n 13 de la Expo MRO - Opini\u00f3n P\u00fablica","description":"Ciudad Ju\u00e1rez, Chih .- El presidente municipal, Cruz P\u00e9rez Cu\u00e9llar, particip\u00f3 en la inauguraci\u00f3n de la D\u00e9cima Tercera edici\u00f3n de la Expo MRO, que se llev\u00f3 a cab"},"footnotes":""},"categories":[41],"tags":[],"class_list":["post-45018","post","type-post","status-publish","format-standard","has-post-thumbnail","hentry","category-juarez"],"acf":[],"_links":{"self":[{"href":"https:\/\/www.opinionpublica.tv\/portada\/wp-json\/wp\/v2\/posts\/45018","targetHints":{"allow":["GET"]}}],"collection":[{"href":"https:\/\/www.opinionpublica.tv\/portada\/wp-json\/wp\/v2\/posts"}],"about":[{"href":"https:\/\/www.opinionpublica.tv\/portada\/wp-json\/wp\/v2\/types\/post"}],"author":[{"embeddable":true,"href":"https:\/\/www.opinionpublica.tv\/portada\/wp-json\/wp\/v2\/users\/6"}],"replies":[{"embeddable":true,"href":"https:\/\/www.opinionpublica.tv\/portada\/wp-json\/wp\/v2\/comments?post=45018"}],"version-history":[{"count":4,"href":"https:\/\/www.opinionpublica.tv\/portada\/wp-json\/wp\/v2\/posts\/45018\/revisions"}],"predecessor-version":[{"id":45024,"href":"https:\/\/www.opinionpublica.tv\/portada\/wp-json\/wp\/v2\/posts\/45018\/revisions\/45024"}],"wp:featuredmedia":[{"embeddable":true,"href":"https:\/\/www.opinionpublica.tv\/portada\/wp-json\/wp\/v2\/media\/45023"}],"wp:attachment":[{"href":"https:\/\/www.opinionpublica.tv\/portada\/wp-json\/wp\/v2\/media?parent=45018"}],"wp:term":[{"taxonomy":"category","embeddable":true,"href":"https:\/\/www.opinionpublica.tv\/portada\/wp-json\/wp\/v2\/categories?post=45018"},{"taxonomy":"post_tag","embeddable":true,"href":"https:\/\/www.opinionpublica.tv\/portada\/wp-json\/wp\/v2\/tags?post=45018"}],"curies":[{"name":"wp","href":"https:\/\/api.w.org\/{rel}","templated":true}]}}