{"id":45006,"date":"2024-10-17T00:01:00","date_gmt":"2024-10-17T06:01:00","guid":{"rendered":"https:\/\/www.opinionpublica.tv\/portada\/?p=45006"},"modified":"2024-10-16T18:37:43","modified_gmt":"2024-10-17T00:37:43","slug":"se-registran-41-candidaturas-para-el-premio-estatal-del-deporte-2024","status":"publish","type":"post","link":"https:\/\/www.opinionpublica.tv\/portada\/se-registran-41-candidaturas-para-el-premio-estatal-del-deporte-2024\/","title":{"rendered":"Se registraron 41 candidaturas para Premio Estatal del Deporte 2024"},"content":{"rendered":"\n<figure class=\"wp-block-image size-full\"><img fetchpriority=\"high\" decoding=\"async\" width=\"1024\" height=\"703\" src=\"https:\/\/www.opinionpublica.tv\/portada\/wp-content\/uploads\/2024\/10\/Se-registraron-41-candidaturas-para-Premio-Estatal-del-Deporte-2024.jpeg\" alt=\"Se Registraron 41 Candidaturas Para Premio Estatal Del Deporte 2024\" class=\"wp-image-45009\" srcset=\"https:\/\/www.opinionpublica.tv\/portada\/wp-content\/uploads\/2024\/10\/Se-registraron-41-candidaturas-para-Premio-Estatal-del-Deporte-2024.jpeg 1024w, https:\/\/www.opinionpublica.tv\/portada\/wp-content\/uploads\/2024\/10\/Se-registraron-41-candidaturas-para-Premio-Estatal-del-Deporte-2024-300x206.jpeg 300w, https:\/\/www.opinionpublica.tv\/portada\/wp-content\/uploads\/2024\/10\/Se-registraron-41-candidaturas-para-Premio-Estatal-del-Deporte-2024-768x527.jpeg 768w\" sizes=\"(max-width: 1024px) 100vw, 1024px\" \/><\/figure>\n\n\n\n<p class=\"wp-block-paragraph\"><em>Chihuahua, Chih<\/em>.- Un total de 41 candidatos fueron registrados para participar en la trig\u00e9sima segunda edici\u00f3n del Premio Estatal del Deporte, donde se elegir\u00e1 al deportista y entrenador m\u00e1s destacados con base en los logros obtenidos en el periodo del 11 de octubre de 2023, al 11 de octubre de 2024.<\/p>\n\n\n\n<p class=\"wp-block-paragraph\">Los ganadores ser\u00e1n elegidos por los 10 miembros del jurado que fue previamente insaculado ante notario p\u00fablico, en ceremonia que se efectuar\u00e1 en el Sal\u00f3n 25 de Marzo de Palacio de Gobierno, a las 10:30 horas del 17 de octubre.<\/p>\n\n\n\n<p class=\"wp-block-paragraph\">La bolsa de gratificaci\u00f3n asciende a 110 mil pesos a repartir entre los ganadores y ser\u00e1 entregada el pr\u00f3ximo 20 de noviembre.<\/p>\n\n\n\n<p class=\"wp-block-paragraph\">En caso que se otorgue por segunda o m\u00e1s ocasiones a una misma persona en la modalidad de Deportista y Entrenador, quedar\u00e1 excluido de la entrega del est\u00edmulo econ\u00f3mico, por lo que solo se entregar\u00e1 la medalla conmemorativa de la Comisi\u00f3n Nacional del Deporte (Conade), una placa de reconocimiento y una estatuilla.<\/p>\n\n\n\n<p class=\"wp-block-paragraph\">Candidatos al Premio Estatal del Deporte 2024<\/p>\n\n\n\n<p class=\"wp-block-paragraph\">Entrenadores:<\/p>\n\n\n\n<p class=\"wp-block-paragraph\">&#8211; Isaac Sahag\u00fan Rojas Padilla<\/p>\n\n\n\n<p class=\"wp-block-paragraph\">&#8211; Jes\u00fas Manuel Montoya Luna<\/p>\n\n\n\n<p class=\"wp-block-paragraph\">&#8211; Inocente Mauricio Ram\u00edrez Hern\u00e1ndez<\/p>\n\n\n\n<p class=\"wp-block-paragraph\">&#8211; Jos\u00e9 Alfredo Lira Villagr\u00e1n<\/p>\n\n\n\n<p class=\"wp-block-paragraph\">&#8211; Rub\u00e9n Castrej\u00f3n Ram\u00edrez<\/p>\n\n\n\n<p class=\"wp-block-paragraph\">&#8211; Omar Karim Hern\u00e1ndez Gonz\u00e1lez<\/p>\n\n\n\n<p class=\"wp-block-paragraph\">&#8211; Oscar Manuel Ch\u00e1vez Villegas<\/p>\n\n\n\n<p class=\"wp-block-paragraph\">&#8211; Esteban Rey Gallardo Rangel<\/p>\n\n\n\n<p class=\"wp-block-paragraph\">&#8211; Yared Areli Ontiveros Macias<\/p>\n\n\n\n<p class=\"wp-block-paragraph\">&#8211; Palmira Azucena Garc\u00eda \u00c1lvarez<\/p>\n\n\n\n<p class=\"wp-block-paragraph\">Atletas:<\/p>\n\n\n\n<p class=\"wp-block-paragraph\">&#8211; David Eduardo Dom\u00ednguez Ch\u00e1vez<\/p>\n\n\n\n<p class=\"wp-block-paragraph\">&#8211; Luisa Daniela Baca Vargas<\/p>\n\n\n\n<p class=\"wp-block-paragraph\">&#8211; Wendy Rebeca Lara Barraza<\/p>\n\n\n\n<p class=\"wp-block-paragraph\">&#8211; Miranda Barraza Arriola<\/p>\n\n\n\n<p class=\"wp-block-paragraph\">&#8211; Marco Antonio Almeida Ch\u00e1vez<\/p>\n\n\n\n<p class=\"wp-block-paragraph\">&#8211; Rodrigo Montoya Sol\u00eds<\/p>\n\n\n\n<p class=\"wp-block-paragraph\">&#8211; Grace Guadalupe De la Rosa Lira<\/p>\n\n\n\n<p class=\"wp-block-paragraph\">&#8211; Andr\u00e9s Eduardo Olivas N\u00fa\u00f1ez<\/p>\n\n\n\n<p class=\"wp-block-paragraph\">&#8211; Melissa Alvarado Nev\u00e1rez<\/p>\n\n\n\n<p class=\"wp-block-paragraph\">&#8211; M\u00eda Michelle G\u00f3mez Aguilar<\/p>\n\n\n\n<p class=\"wp-block-paragraph\">&#8211; Astrid Hortencia Madrigal Barriga<\/p>\n\n\n\n<p class=\"wp-block-paragraph\">&#8211; Adri\u00e1n Humberto Quintana Qui\u00f1onez<\/p>\n\n\n\n<p class=\"wp-block-paragraph\">&#8211; Sebasti\u00e1n Arnoldo Hern\u00e1ndez Azpeytia<\/p>\n\n\n\n<p class=\"wp-block-paragraph\">&#8211; Luis Mario \u00c1lvarez Garc\u00eda<\/p>\n\n\n\n<p class=\"wp-block-paragraph\">&#8211; Jos\u00e9 Mar\u00eda N\u00fa\u00f1ez L\u00f3pez<\/p>\n\n\n\n<p class=\"wp-block-paragraph\">&#8211; Karla Daniela Vega Carrasco<\/p>\n\n\n\n<p class=\"wp-block-paragraph\">&#8211; Byanca Melissa Rodr\u00edguez Villanueva<\/p>\n\n\n\n<p class=\"wp-block-paragraph\">&#8211; Eliam Roberto Antill\u00f3n Guti\u00e9rrez<\/p>\n\n\n\n<p class=\"wp-block-paragraph\">&#8211; Carolina Galaviz M\u00e1rquez<\/p>\n\n\n\n<p class=\"wp-block-paragraph\">&#8211; Mariajose Arroyo Hern\u00e1ndez<\/p>\n\n\n\n<p class=\"wp-block-paragraph\">&#8211; Francisco Mar Garcia<\/p>\n\n\n\n<p class=\"wp-block-paragraph\">&#8211; Equipo maxi basquetbol<\/p>\n\n\n\n<p class=\"wp-block-paragraph\">&#8211; Diego Octavio Salgado Salda\u00f1a<\/p>\n\n\n\n<p class=\"wp-block-paragraph\">&#8211; Danna Sofia Portillo Grijalva<\/p>\n\n\n\n<p class=\"wp-block-paragraph\">&#8211; Karla Carina Ontiveros Macias<\/p>\n\n\n\n<p class=\"wp-block-paragraph\">&#8211; Karlo Ontiveros Macias<\/p>\n\n\n\n<p class=\"wp-block-paragraph\">&#8211; Carol Enr\u00edquez Quintana<\/p>\n\n\n\n<p class=\"wp-block-paragraph\">&#8211; Olivia Alexandra Fr\u00edas S\u00e1nchez<\/p>\n\n\n\n<p class=\"wp-block-paragraph\">&#8211; Mar\u00eda Fernanda Giles Dur\u00e1n<\/p>\n\n\n\n<p class=\"wp-block-paragraph\">&#8211; Diego Uriel Lic\u00f3n Holgu\u00edn<\/p>\n\n\n\n<p class=\"wp-block-paragraph\">&#8211; Mario Daniel Hern\u00e1ndez Cortez<\/p>\n","protected":false},"excerpt":{"rendered":"<p>Chihuahua, Chih.- Un total de 41 candidatos fueron registrados para participar en la trig\u00e9sima segunda edici\u00f3n del Premio Estatal del Deporte, donde se elegir\u00e1 al deportista y entrenador m\u00e1s destacados con base en los logros obtenidos en el periodo del 11 de octubre de 2023, al 11 de octubre de 2024. Los ganadores ser\u00e1n elegidos [&hellip;]<\/p>\n","protected":false},"author":6,"featured_media":45009,"comment_status":"open","ping_status":"open","sticky":false,"template":"","format":"standard","meta":{"_acf_changed":false,"_monsterinsights_skip_tracking":false,"slim_seo":{"title":"Se registraron 41 candidaturas para Premio Estatal del Deporte 2024 - Opini\u00f3n P\u00fablica","description":"Chihuahua, Chih .- Un total de 41 candidatos fueron registrados para participar en la trig\u00e9sima segunda edici\u00f3n del Premio Estatal del Deporte, donde se elegir\u00e1"},"footnotes":""},"categories":[11],"tags":[],"class_list":["post-45006","post","type-post","status-publish","format-standard","has-post-thumbnail","hentry","category-tendencias"],"acf":[],"_links":{"self":[{"href":"https:\/\/www.opinionpublica.tv\/portada\/wp-json\/wp\/v2\/posts\/45006","targetHints":{"allow":["GET"]}}],"collection":[{"href":"https:\/\/www.opinionpublica.tv\/portada\/wp-json\/wp\/v2\/posts"}],"about":[{"href":"https:\/\/www.opinionpublica.tv\/portada\/wp-json\/wp\/v2\/types\/post"}],"author":[{"embeddable":true,"href":"https:\/\/www.opinionpublica.tv\/portada\/wp-json\/wp\/v2\/users\/6"}],"replies":[{"embeddable":true,"href":"https:\/\/www.opinionpublica.tv\/portada\/wp-json\/wp\/v2\/comments?post=45006"}],"version-history":[{"count":3,"href":"https:\/\/www.opinionpublica.tv\/portada\/wp-json\/wp\/v2\/posts\/45006\/revisions"}],"predecessor-version":[{"id":45010,"href":"https:\/\/www.opinionpublica.tv\/portada\/wp-json\/wp\/v2\/posts\/45006\/revisions\/45010"}],"wp:featuredmedia":[{"embeddable":true,"href":"https:\/\/www.opinionpublica.tv\/portada\/wp-json\/wp\/v2\/media\/45009"}],"wp:attachment":[{"href":"https:\/\/www.opinionpublica.tv\/portada\/wp-json\/wp\/v2\/media?parent=45006"}],"wp:term":[{"taxonomy":"category","embeddable":true,"href":"https:\/\/www.opinionpublica.tv\/portada\/wp-json\/wp\/v2\/categories?post=45006"},{"taxonomy":"post_tag","embeddable":true,"href":"https:\/\/www.opinionpublica.tv\/portada\/wp-json\/wp\/v2\/tags?post=45006"}],"curies":[{"name":"wp","href":"https:\/\/api.w.org\/{rel}","templated":true}]}}