{"id":44922,"date":"2024-10-16T00:01:00","date_gmt":"2024-10-16T06:01:00","guid":{"rendered":"https:\/\/www.opinionpublica.tv\/portada\/?p=44922"},"modified":"2024-10-15T18:22:46","modified_gmt":"2024-10-16T00:22:46","slug":"video-evangelio-de-hoy-miercoles-16-de-octubre-de-2024","status":"publish","type":"post","link":"https:\/\/www.opinionpublica.tv\/portada\/video-evangelio-de-hoy-miercoles-16-de-octubre-de-2024\/","title":{"rendered":"Video: Evangelio de hoy, mi\u00e9rcoles 16 de octubre de 2024"},"content":{"rendered":"\n<figure class=\"wp-block-embed is-type-video is-provider-youtube wp-block-embed-youtube wp-embed-aspect-16-9 wp-has-aspect-ratio\"><div class=\"wp-block-embed__wrapper\">\n<iframe title=\"Evangelio de Hoy Mi\u00e9rcoles 16 de Octubre de 2024 | REFLEXI\u00d3N | Red Catolica\" width=\"800\" height=\"450\" src=\"https:\/\/www.youtube.com\/embed\/Nf8RHd2TWCU?feature=oembed\" frameborder=\"0\" allow=\"accelerometer; autoplay; clipboard-write; encrypted-media; gyroscope; picture-in-picture; web-share\" referrerpolicy=\"strict-origin-when-cross-origin\" allowfullscreen><\/iframe>\n<\/div><\/figure>\n\n\n\n<p class=\"wp-block-paragraph\">\u201cPero no pod\u00edan llegar hasta \u00e9l a causa de la gente.\u201d Lc 8, 19-21<\/p>\n\n\n\n<p class=\"wp-block-paragraph\"><strong>Reflexiones para este mi\u00e9rcoles<\/strong><\/p>\n\n\n\n<p class=\"wp-block-paragraph\">1. Para escuchar la Palabra de Dios, la Palabra de Jes\u00fas, basta abrir la Biblia, el Evangelio.<\/p>\n\n\n\n<p class=\"wp-block-paragraph\">2. Cada vez que hacemos esto es escuchar la Palabra de Dios, escucharla con los o\u00eddos y escucharla con el coraz\u00f3n.<\/p>\n\n\n\n<p class=\"wp-block-paragraph\">3. Los enemigos de Jes\u00fas escuchaban la Palabra de Jes\u00fas, pero estaban cerca de \u00e9l para encontrar un error, para hacerle resbalar, y que perdiera autoridad.<a href=\"https:\/\/www.youtube.com\/@RedCatolicaOfi\"><\/a><\/p>\n","protected":false},"excerpt":{"rendered":"<p>\u201cPero no pod\u00edan llegar hasta \u00e9l a causa de la gente.\u201d Lc 8, 19-21 Reflexiones para este mi\u00e9rcoles 1. Para escuchar la Palabra de Dios, la Palabra de Jes\u00fas, basta abrir la Biblia, el Evangelio. 2. Cada vez que hacemos esto es escuchar la Palabra de Dios, escucharla con los o\u00eddos y escucharla con el [&hellip;]<\/p>\n","protected":false},"author":6,"featured_media":44923,"comment_status":"open","ping_status":"open","sticky":false,"template":"","format":"standard","meta":{"_acf_changed":false,"_monsterinsights_skip_tracking":false,"slim_seo":{"title":"Video: Evangelio de hoy, mi\u00e9rcoles 16 de octubre de 2024 - Opini\u00f3n P\u00fablica","description":"https:\/\/youtu.be\/Nf8RHd2TWCU?si=VQwPgfA8pBof4rWH \u201cPero no pod\u00edan llegar hasta \u00e9l a causa de la gente.\u201d Lc 8, 19-21 Reflexiones para este mi\u00e9rcoles 1. Para escuc"},"footnotes":""},"categories":[13,2,8],"tags":[],"class_list":["post-44922","post","type-post","status-publish","format-standard","has-post-thumbnail","hentry","category-videos-destacados-contenido","category-videos-destacados","category-videos"],"acf":[],"_links":{"self":[{"href":"https:\/\/www.opinionpublica.tv\/portada\/wp-json\/wp\/v2\/posts\/44922","targetHints":{"allow":["GET"]}}],"collection":[{"href":"https:\/\/www.opinionpublica.tv\/portada\/wp-json\/wp\/v2\/posts"}],"about":[{"href":"https:\/\/www.opinionpublica.tv\/portada\/wp-json\/wp\/v2\/types\/post"}],"author":[{"embeddable":true,"href":"https:\/\/www.opinionpublica.tv\/portada\/wp-json\/wp\/v2\/users\/6"}],"replies":[{"embeddable":true,"href":"https:\/\/www.opinionpublica.tv\/portada\/wp-json\/wp\/v2\/comments?post=44922"}],"version-history":[{"count":1,"href":"https:\/\/www.opinionpublica.tv\/portada\/wp-json\/wp\/v2\/posts\/44922\/revisions"}],"predecessor-version":[{"id":44924,"href":"https:\/\/www.opinionpublica.tv\/portada\/wp-json\/wp\/v2\/posts\/44922\/revisions\/44924"}],"wp:featuredmedia":[{"embeddable":true,"href":"https:\/\/www.opinionpublica.tv\/portada\/wp-json\/wp\/v2\/media\/44923"}],"wp:attachment":[{"href":"https:\/\/www.opinionpublica.tv\/portada\/wp-json\/wp\/v2\/media?parent=44922"}],"wp:term":[{"taxonomy":"category","embeddable":true,"href":"https:\/\/www.opinionpublica.tv\/portada\/wp-json\/wp\/v2\/categories?post=44922"},{"taxonomy":"post_tag","embeddable":true,"href":"https:\/\/www.opinionpublica.tv\/portada\/wp-json\/wp\/v2\/tags?post=44922"}],"curies":[{"name":"wp","href":"https:\/\/api.w.org\/{rel}","templated":true}]}}