{"id":44832,"date":"2024-10-17T00:01:00","date_gmt":"2024-10-17T06:01:00","guid":{"rendered":"https:\/\/www.opinionpublica.tv\/portada\/?p=44832"},"modified":"2024-10-14T18:47:17","modified_gmt":"2024-10-15T00:47:17","slug":"vivir-sin-justicia","status":"publish","type":"post","link":"https:\/\/www.opinionpublica.tv\/portada\/vivir-sin-justicia\/","title":{"rendered":"Vivir sin justicia"},"content":{"rendered":"\n<h4 class=\"wp-block-heading\">Carlos Angulo<\/h4>\n\n\n\n<p class=\"wp-block-paragraph\">_____________________________<\/p>\n\n\n\n<p class=\"wp-block-paragraph\">La mayor\u00eda de la gente no sabe qu\u00e9 significa el que se viva en un entorno en que el Estado de Derecho no se aplique, en donde no haya democracia, justicia y que la vida republicana desaparezca. As\u00ed, frente a las reformas constitucionales que se han estado aprobando y los cambios a las leyes secundarias que las reglamentan, el gran p\u00fablico es indiferente.<\/p>\n\n\n\n<p class=\"wp-block-paragraph\">Lo que pretendo en esta entrega es hacer el intento de explicar las implicaciones que la captura del Poder Judicial, por parte del Ejecutivo Federal principalmente y, de manera secundaria, por parte del Poder Legislativo, nos traer\u00e1 como consecuencia y afectar\u00e1 a lo ciudadanos en su vida cotidiana.<\/p>\n\n\n\n<p class=\"wp-block-paragraph\">Enuncio estas consecuencias por rubro:<\/p>\n\n\n\n<p class=\"wp-block-paragraph\">1. Impactos financieros. Las primeras consecuencias que tendremos ser\u00e1n de \u00edndole financiera cuando los mercados de capitales empiecen a reaccionar negativamente respecto del riesgo que implica invertir en M\u00e9xico, ahora como pa\u00eds sin un Poder Judicial independiente.<\/p>\n\n\n\n<p class=\"wp-block-paragraph\">\u00bfQu\u00e9 significa esto para un inversionista? Pues, lo que implica es que el resultado de su inversi\u00f3n siempre estar\u00e1 sujeto a que el gobierno no cambie las reglas del juego, no solo al inversionista, sino al entrono de la inversi\u00f3n en donde recaer\u00e1n los fondos en donde se dirigir\u00e1 lo invertido. Es decir, si el gobierno cambia cualquier ley o norma, o toma alguna decisi\u00f3n administrativa no basada ni sustentada en alguna disposici\u00f3n legal, no habr\u00e1 Poder Judicial que la revoque en protecci\u00f3n de las partes afectadas.<\/p>\n\n\n\n<p class=\"wp-block-paragraph\">Lo anterior implica que el riesgo del inversionista aumente exponencialmente, por lo que, o el inversionista preferir\u00e1 o no invertir (esto implica fuga de capitales mexicanos hacia el extranjero), o invertir menos; o invertir con expectativas mayores de recuperaci\u00f3n de los invertido (aumentando intereses, si su inversi\u00f3n es de prestar dinero, o con una entrada a corto plazo con grandes utilidades cuyos costos se cargan a usuarios o consumidores.<\/p>\n\n\n\n<p class=\"wp-block-paragraph\">Todo esto, en primer lugar, genera inflaci\u00f3n, disminuye la entrada de capitales que generan empleo, por lo que se pierden las fuentes de trabajo, e induce a que haya mayor informalidad. Todo ello teniendo como consecuencia que la econom\u00eda deje de crecer y se generen mayores \u00edndices de pobreza, se venga abajo la recaudaci\u00f3n fiscal, deterior\u00e1ndose los servicios que presta el gobierno, como la salud, mantenimiento de infraestructura (puentes, carreteras, alumbrado), gener\u00e1ndose impulsos a las actividades criminales, que devendr\u00e1n a generar conflictos sociales y pol\u00edticos.<\/p>\n\n\n\n<p class=\"wp-block-paragraph\">2. Impactos a la seguridad y libertades. Cuando no se tiene un Poder Judicial capacitado ni independiente los ciudadanos quedan a merced de los abusos de personas con poder, ya sea derivado del gobierno (personas con contactos en el gobierno o coludidas con funcionarios p\u00fablicos). As\u00ed podremos ver casos de despojos de propiedades, herencias ama\u00f1adas, fraudes sin castigo, aumento de las extorciones, abusos de confianza, y ataques francos a la integridad de las personas (lesiones y homicidios), que no quedar\u00e1n resueltos al no haber un Poder Judicial confiable, o por falta de conocimientos (se est\u00e1 despidiendo al 100% del personal calificado que lleva muchos a\u00f1os de experiencia en el Poder Judicial, para sustituirlos por personas con 8 de promedio en la escuela y con m\u00ednima experiencia profesional).<\/p>\n\n\n\n<p class=\"wp-block-paragraph\">Al estar personas de mala fe coludidas con el ejecutivo o con legisladores (son los que tendr\u00e1n la preferencia de designar a los candidatos a jueces, magistrados y ministros del Poder Judicial y tendr\u00e1n el poder pol\u00edtico para que los candidatos que designen sean elegidos), la poblaci\u00f3n quedar\u00e1 atrapada por los pol\u00edticos o los delincuentes.<\/p>\n\n\n\n<p class=\"wp-block-paragraph\">Esta situaci\u00f3n tendr\u00e1 como consecuencias el que se vaya subiendo la presi\u00f3n social y genere violencia, salida mayor de mexicanos hacia el extranjero, y se genere un entorno en M\u00e9xico de ingobernabilidad que nos lleve a una espiral de inseguridad, p\u00e9rdida de nuestras libertades (la prisi\u00f3n preventiva oficiosa se utilizar\u00e1 como medio de represi\u00f3n del gobierno en contra de la poblaci\u00f3n que pretenda revelarse), violencia generalizada, pobreza extrema, ca\u00edda de inversi\u00f3n, que haga que se colapsen a\u00fan m\u00e1s nuestras instituciones.<\/p>\n\n\n\n<p class=\"wp-block-paragraph\">Conclusi\u00f3n: Esperemos que nuestra presidente recapacite en lo que implica la p\u00e9rdida del Poder Judicial, como uno de uno de los componentes esenciales del gobierno, y no se oponga a que la Suprema Corte de Justicia de la Naci\u00f3n anule la Reforma Judicial, y le entre en serio a la reestructuraci\u00f3n del Poder Judicial, no para que pierda su independencia, sino para que brinde justicia a los mexicanos y a quienes inviertan en nuestro amado M\u00e9xico. Ahora s\u00ed que \u201cpara bien de todos, primero la justicia\u201d.<\/p>\n","protected":false},"excerpt":{"rendered":"<p>Carlos Angulo _____________________________ La mayor\u00eda de la gente no sabe qu\u00e9 significa el que se viva en un entorno en que el Estado de Derecho no se aplique, en donde no haya democracia, justicia y que la vida republicana desaparezca. As\u00ed, frente a las reformas constitucionales que se han estado aprobando y los cambios a [&hellip;]<\/p>\n","protected":false},"author":6,"featured_media":43452,"comment_status":"open","ping_status":"open","sticky":false,"template":"","format":"standard","meta":{"_acf_changed":false,"_monsterinsights_skip_tracking":false,"slim_seo":{"title":"Vivir sin justicia - Opini\u00f3n P\u00fablica","description":"Carlos Angulo _____________________________ La mayor\u00eda de la gente no sabe qu\u00e9 significa el que se viva en un entorno en que el Estado de Derecho no se aplique,"},"footnotes":""},"categories":[17],"tags":[],"class_list":["post-44832","post","type-post","status-publish","format-standard","has-post-thumbnail","hentry","category-ultima-instancia"],"acf":[],"_links":{"self":[{"href":"https:\/\/www.opinionpublica.tv\/portada\/wp-json\/wp\/v2\/posts\/44832","targetHints":{"allow":["GET"]}}],"collection":[{"href":"https:\/\/www.opinionpublica.tv\/portada\/wp-json\/wp\/v2\/posts"}],"about":[{"href":"https:\/\/www.opinionpublica.tv\/portada\/wp-json\/wp\/v2\/types\/post"}],"author":[{"embeddable":true,"href":"https:\/\/www.opinionpublica.tv\/portada\/wp-json\/wp\/v2\/users\/6"}],"replies":[{"embeddable":true,"href":"https:\/\/www.opinionpublica.tv\/portada\/wp-json\/wp\/v2\/comments?post=44832"}],"version-history":[{"count":3,"href":"https:\/\/www.opinionpublica.tv\/portada\/wp-json\/wp\/v2\/posts\/44832\/revisions"}],"predecessor-version":[{"id":44835,"href":"https:\/\/www.opinionpublica.tv\/portada\/wp-json\/wp\/v2\/posts\/44832\/revisions\/44835"}],"wp:featuredmedia":[{"embeddable":true,"href":"https:\/\/www.opinionpublica.tv\/portada\/wp-json\/wp\/v2\/media\/43452"}],"wp:attachment":[{"href":"https:\/\/www.opinionpublica.tv\/portada\/wp-json\/wp\/v2\/media?parent=44832"}],"wp:term":[{"taxonomy":"category","embeddable":true,"href":"https:\/\/www.opinionpublica.tv\/portada\/wp-json\/wp\/v2\/categories?post=44832"},{"taxonomy":"post_tag","embeddable":true,"href":"https:\/\/www.opinionpublica.tv\/portada\/wp-json\/wp\/v2\/tags?post=44832"}],"curies":[{"name":"wp","href":"https:\/\/api.w.org\/{rel}","templated":true}]}}