{"id":44686,"date":"2024-10-12T18:12:22","date_gmt":"2024-10-13T00:12:22","guid":{"rendered":"https:\/\/www.opinionpublica.tv\/portada\/?p=44686"},"modified":"2024-10-12T18:15:16","modified_gmt":"2024-10-13T00:15:16","slug":"llegada-de-los-espanoles-a-america-represento-sometimiento-sheinbaum","status":"publish","type":"post","link":"https:\/\/www.opinionpublica.tv\/portada\/llegada-de-los-espanoles-a-america-represento-sometimiento-sheinbaum\/","title":{"rendered":"Llegada de los espa\u00f1oles a Am\u00e9rica \u201crepresent\u00f3 sometimiento\u201d: Sheinbaum"},"content":{"rendered":"\n<figure class=\"wp-block-image size-large\"><img fetchpriority=\"high\" decoding=\"async\" width=\"1024\" height=\"684\" src=\"https:\/\/www.opinionpublica.tv\/portada\/wp-content\/uploads\/2024\/10\/Llegada-de-los-espanoles-a-America-represento-sometimiento-Sheinbaum-1024x684.png\" alt=\"Llegada De Los Espan\u0303oles A Ame\u0301rica \u201crepresento\u0301 Sometimiento\u201d Sheinbaum\" class=\"wp-image-44691\" srcset=\"https:\/\/www.opinionpublica.tv\/portada\/wp-content\/uploads\/2024\/10\/Llegada-de-los-espanoles-a-America-represento-sometimiento-Sheinbaum-1024x684.png 1024w, https:\/\/www.opinionpublica.tv\/portada\/wp-content\/uploads\/2024\/10\/Llegada-de-los-espanoles-a-America-represento-sometimiento-Sheinbaum-300x200.png 300w, https:\/\/www.opinionpublica.tv\/portada\/wp-content\/uploads\/2024\/10\/Llegada-de-los-espanoles-a-America-represento-sometimiento-Sheinbaum-768x513.png 768w, https:\/\/www.opinionpublica.tv\/portada\/wp-content\/uploads\/2024\/10\/Llegada-de-los-espanoles-a-America-represento-sometimiento-Sheinbaum-1536x1025.png 1536w, https:\/\/www.opinionpublica.tv\/portada\/wp-content\/uploads\/2024\/10\/Llegada-de-los-espanoles-a-America-represento-sometimiento-Sheinbaum.png 1594w\" sizes=\"(max-width: 1024px) 100vw, 1024px\" \/><\/figure>\n\n\n\n<p class=\"wp-block-paragraph\"><em>Ciudad de M\u00e9xico<\/em>.- La presidenta Claudia Sheinbuam Pardo asegur\u00f3 este s\u00e1bado que la llegada de los espa\u00f1oles a Am\u00e9rica \u201crepresent\u00f3 sometimiento e incluso eliminaci\u00f3n de los pueblos originarios\u201d.<\/p>\n\n\n\n<p class=\"wp-block-paragraph\">En el contexto de las conmemoraciones del 12 de octubre, la mandataria asegur\u00f3 que esta fecha no debe ser el d\u00eda de la raza ni el d\u00eda de la hispanidad.<\/p>\n\n\n\n<p class=\"wp-block-paragraph\">\u201cEl 12 de octubre no es el d\u00eda de la raza ni de la hispanidad. Crist\u00f3bal Col\u00f3n descubri\u00f3 Am\u00e9rica para los europeos, pero en nuestro continente y en particular en lo que hoy llamamos M\u00e9xico, ya hab\u00eda grandes civilizaciones y culturas de las cuales nos sentimos orgullosas y orgullosos\u201d, se\u00f1al\u00f3 Sheinbaum Pardo en la plataforma X.<\/p>\n\n\n\n<p class=\"wp-block-paragraph\">\u201cLa llegada de los espa\u00f1oles hace m\u00e1s de cinco siglos represent\u00f3 sometimiento e incluso eliminaci\u00f3n de los pueblos originarios. Ofrecer disculpas por los cr\u00edmenes cometidos no es vergonzoso; por el contrario, engrandece y acerca a los pueblos\u201d, insisti\u00f3. (La Jornada)<\/p>\n","protected":false},"excerpt":{"rendered":"<p>Ciudad de M\u00e9xico.- La presidenta Claudia Sheinbuam Pardo asegur\u00f3 este s\u00e1bado que la llegada de los espa\u00f1oles a Am\u00e9rica \u201crepresent\u00f3 sometimiento e incluso eliminaci\u00f3n de los pueblos originarios\u201d. En el contexto de las conmemoraciones del 12 de octubre, la mandataria asegur\u00f3 que esta fecha no debe ser el d\u00eda de la raza ni el d\u00eda [&hellip;]<\/p>\n","protected":false},"author":6,"featured_media":44691,"comment_status":"open","ping_status":"open","sticky":false,"template":"","format":"standard","meta":{"_acf_changed":false,"_monsterinsights_skip_tracking":false,"slim_seo":{"title":"Llegada de los espa\u00f1oles a Am\u00e9rica \u201crepresent\u00f3 sometimiento\u201d: Sheinbaum - Opini\u00f3n P\u00fablica","description":"Ciudad de M\u00e9xico .- La presidenta Claudia Sheinbuam Pardo asegur\u00f3 este s\u00e1bado que la llegada de los espa\u00f1oles a Am\u00e9rica \u201crepresent\u00f3 sometimiento e incluso elimi"},"footnotes":""},"categories":[4],"tags":[],"class_list":["post-44686","post","type-post","status-publish","format-standard","has-post-thumbnail","hentry","category-pulsopolitico"],"acf":[],"_links":{"self":[{"href":"https:\/\/www.opinionpublica.tv\/portada\/wp-json\/wp\/v2\/posts\/44686","targetHints":{"allow":["GET"]}}],"collection":[{"href":"https:\/\/www.opinionpublica.tv\/portada\/wp-json\/wp\/v2\/posts"}],"about":[{"href":"https:\/\/www.opinionpublica.tv\/portada\/wp-json\/wp\/v2\/types\/post"}],"author":[{"embeddable":true,"href":"https:\/\/www.opinionpublica.tv\/portada\/wp-json\/wp\/v2\/users\/6"}],"replies":[{"embeddable":true,"href":"https:\/\/www.opinionpublica.tv\/portada\/wp-json\/wp\/v2\/comments?post=44686"}],"version-history":[{"count":4,"href":"https:\/\/www.opinionpublica.tv\/portada\/wp-json\/wp\/v2\/posts\/44686\/revisions"}],"predecessor-version":[{"id":44692,"href":"https:\/\/www.opinionpublica.tv\/portada\/wp-json\/wp\/v2\/posts\/44686\/revisions\/44692"}],"wp:featuredmedia":[{"embeddable":true,"href":"https:\/\/www.opinionpublica.tv\/portada\/wp-json\/wp\/v2\/media\/44691"}],"wp:attachment":[{"href":"https:\/\/www.opinionpublica.tv\/portada\/wp-json\/wp\/v2\/media?parent=44686"}],"wp:term":[{"taxonomy":"category","embeddable":true,"href":"https:\/\/www.opinionpublica.tv\/portada\/wp-json\/wp\/v2\/categories?post=44686"},{"taxonomy":"post_tag","embeddable":true,"href":"https:\/\/www.opinionpublica.tv\/portada\/wp-json\/wp\/v2\/tags?post=44686"}],"curies":[{"name":"wp","href":"https:\/\/api.w.org\/{rel}","templated":true}]}}