{"id":44681,"date":"2024-10-12T18:08:48","date_gmt":"2024-10-13T00:08:48","guid":{"rendered":"https:\/\/www.opinionpublica.tv\/portada\/?p=44681"},"modified":"2024-10-12T18:09:52","modified_gmt":"2024-10-13T00:09:52","slug":"realizan-jornada-de-equinoterapia-en-centro-comunitario-granjas-de-chapultepec","status":"publish","type":"post","link":"https:\/\/www.opinionpublica.tv\/portada\/realizan-jornada-de-equinoterapia-en-centro-comunitario-granjas-de-chapultepec\/","title":{"rendered":"Jornada de Equinoterapia en el Centro Comunitario Granjas de Chapultepec"},"content":{"rendered":"\n<figure class=\"wp-block-image size-large\"><img fetchpriority=\"high\" decoding=\"async\" width=\"1024\" height=\"682\" src=\"https:\/\/www.opinionpublica.tv\/portada\/wp-content\/uploads\/2024\/10\/Realizan-jornada-de-Equinoterapia-en-Centro-Comunitario-Granjas-de-Chapultepec-1024x682.jpeg\" alt=\"Realizan Jornada De Equinoterapia En Centro Comunitario Granjas De Chapultepec\" class=\"wp-image-44682\" srcset=\"https:\/\/www.opinionpublica.tv\/portada\/wp-content\/uploads\/2024\/10\/Realizan-jornada-de-Equinoterapia-en-Centro-Comunitario-Granjas-de-Chapultepec-1024x682.jpeg 1024w, https:\/\/www.opinionpublica.tv\/portada\/wp-content\/uploads\/2024\/10\/Realizan-jornada-de-Equinoterapia-en-Centro-Comunitario-Granjas-de-Chapultepec-300x200.jpeg 300w, https:\/\/www.opinionpublica.tv\/portada\/wp-content\/uploads\/2024\/10\/Realizan-jornada-de-Equinoterapia-en-Centro-Comunitario-Granjas-de-Chapultepec-768x512.jpeg 768w, https:\/\/www.opinionpublica.tv\/portada\/wp-content\/uploads\/2024\/10\/Realizan-jornada-de-Equinoterapia-en-Centro-Comunitario-Granjas-de-Chapultepec-1536x1023.jpeg 1536w, https:\/\/www.opinionpublica.tv\/portada\/wp-content\/uploads\/2024\/10\/Realizan-jornada-de-Equinoterapia-en-Centro-Comunitario-Granjas-de-Chapultepec.jpeg 1600w\" sizes=\"(max-width: 1024px) 100vw, 1024px\" \/><\/figure>\n\n\n\n<p class=\"wp-block-paragraph\"><em>Ciudad Ju\u00e1rez, Chih<\/em>.- La ma\u00f1ana de este s\u00e1bado en el Centro Comunitario Granjas de Chapultepec, se atendieron a 10 ni\u00f1os, quienes recibieron equinoterapia proporcionada por el Rancho KUROWI, bajo su iniciativa \u00abVaqueros con causa\u00bb.<\/p>\n\n\n\n<p class=\"wp-block-paragraph\">La terapia busca mejorar la calidad de vida de ni\u00f1as y ni\u00f1os con discapacidades.<\/p>\n\n\n\n<p class=\"wp-block-paragraph\">Jes\u00fas Manuel Garc\u00eda, titular de Centros Comunitarios, inform\u00f3 que los ni\u00f1os atendidos tendr\u00e1n un seguimiento en el rancho de los terapeutas, garantizando la continuidad de su tratamiento.<\/p>\n\n\n\n<p class=\"wp-block-paragraph\">Montar a caballo estimula el sistema cognitivo, vestibular y psicomotor de los pacientes. Adem\u00e1s, este tipo de terapia ayuda a elevar la autoestima, autoconfianza y seguridad, aprovechando el movimiento tridimensional del caballo, semejante a la marcha humana. Este movimiento facilita la estimulaci\u00f3n de la m\u00e9dula espinal, creando sinapsis entre neuronas que favorecen la motricidad, mejorando tanto el control de los movimientos f\u00edsicos como los sensoriales de los ni\u00f1os.<\/p>\n","protected":false},"excerpt":{"rendered":"<p>Ciudad Ju\u00e1rez, Chih.- La ma\u00f1ana de este s\u00e1bado en el Centro Comunitario Granjas de Chapultepec, se atendieron a 10 ni\u00f1os, quienes recibieron equinoterapia proporcionada por el Rancho KUROWI, bajo su iniciativa \u00abVaqueros con causa\u00bb. La terapia busca mejorar la calidad de vida de ni\u00f1as y ni\u00f1os con discapacidades. Jes\u00fas Manuel Garc\u00eda, titular de Centros Comunitarios, [&hellip;]<\/p>\n","protected":false},"author":6,"featured_media":44682,"comment_status":"open","ping_status":"open","sticky":false,"template":"","format":"standard","meta":{"_acf_changed":false,"_monsterinsights_skip_tracking":false,"slim_seo":{"title":"Jornada de Equinoterapia en el Centro Comunitario Granjas de Chapultepec - Opini\u00f3n P\u00fablica","description":"Ciudad Ju\u00e1rez, Chih .- La ma\u00f1ana de este s\u00e1bado en el Centro Comunitario Granjas de Chapultepec, se atendieron a 10 ni\u00f1os, quienes recibieron equinoterapia prop"},"footnotes":""},"categories":[41],"tags":[],"class_list":["post-44681","post","type-post","status-publish","format-standard","has-post-thumbnail","hentry","category-juarez"],"acf":[],"_links":{"self":[{"href":"https:\/\/www.opinionpublica.tv\/portada\/wp-json\/wp\/v2\/posts\/44681","targetHints":{"allow":["GET"]}}],"collection":[{"href":"https:\/\/www.opinionpublica.tv\/portada\/wp-json\/wp\/v2\/posts"}],"about":[{"href":"https:\/\/www.opinionpublica.tv\/portada\/wp-json\/wp\/v2\/types\/post"}],"author":[{"embeddable":true,"href":"https:\/\/www.opinionpublica.tv\/portada\/wp-json\/wp\/v2\/users\/6"}],"replies":[{"embeddable":true,"href":"https:\/\/www.opinionpublica.tv\/portada\/wp-json\/wp\/v2\/comments?post=44681"}],"version-history":[{"count":3,"href":"https:\/\/www.opinionpublica.tv\/portada\/wp-json\/wp\/v2\/posts\/44681\/revisions"}],"predecessor-version":[{"id":44685,"href":"https:\/\/www.opinionpublica.tv\/portada\/wp-json\/wp\/v2\/posts\/44681\/revisions\/44685"}],"wp:featuredmedia":[{"embeddable":true,"href":"https:\/\/www.opinionpublica.tv\/portada\/wp-json\/wp\/v2\/media\/44682"}],"wp:attachment":[{"href":"https:\/\/www.opinionpublica.tv\/portada\/wp-json\/wp\/v2\/media?parent=44681"}],"wp:term":[{"taxonomy":"category","embeddable":true,"href":"https:\/\/www.opinionpublica.tv\/portada\/wp-json\/wp\/v2\/categories?post=44681"},{"taxonomy":"post_tag","embeddable":true,"href":"https:\/\/www.opinionpublica.tv\/portada\/wp-json\/wp\/v2\/tags?post=44681"}],"curies":[{"name":"wp","href":"https:\/\/api.w.org\/{rel}","templated":true}]}}