{"id":44666,"date":"2024-10-12T17:51:17","date_gmt":"2024-10-12T23:51:17","guid":{"rendered":"https:\/\/www.opinionpublica.tv\/portada\/?p=44666"},"modified":"2024-10-12T17:56:40","modified_gmt":"2024-10-12T23:56:40","slug":"programa-valorate-de-la-secretaria-de-seguridad-publica-municipal-en-su-cuarta-semana-de-trabajo","status":"publish","type":"post","link":"https:\/\/www.opinionpublica.tv\/portada\/programa-valorate-de-la-secretaria-de-seguridad-publica-municipal-en-su-cuarta-semana-de-trabajo\/","title":{"rendered":"Atienden j\u00f3venes y padres con programa \u2018Val\u00f3rate\u2019 de la Polic\u00eda Municipal"},"content":{"rendered":"\n<figure class=\"wp-block-image size-large\"><img fetchpriority=\"high\" decoding=\"async\" width=\"1024\" height=\"683\" src=\"https:\/\/www.opinionpublica.tv\/portada\/wp-content\/uploads\/2024\/10\/Atiende-jovenes-programa-\u2018Valorate-de-Secretaria-de-la-Policia-Municipal-1024x683.jpeg\" alt=\"Atiende Jo\u0301venes Programa \u2018valo\u0301rate\u2019 De Secretari\u0301a De La Polici\u0301a Municipal\" class=\"wp-image-44673\" srcset=\"https:\/\/www.opinionpublica.tv\/portada\/wp-content\/uploads\/2024\/10\/Atiende-jovenes-programa-\u2018Valorate-de-Secretaria-de-la-Policia-Municipal-1024x683.jpeg 1024w, https:\/\/www.opinionpublica.tv\/portada\/wp-content\/uploads\/2024\/10\/Atiende-jovenes-programa-\u2018Valorate-de-Secretaria-de-la-Policia-Municipal-300x200.jpeg 300w, https:\/\/www.opinionpublica.tv\/portada\/wp-content\/uploads\/2024\/10\/Atiende-jovenes-programa-\u2018Valorate-de-Secretaria-de-la-Policia-Municipal-768x512.jpeg 768w, https:\/\/www.opinionpublica.tv\/portada\/wp-content\/uploads\/2024\/10\/Atiende-jovenes-programa-\u2018Valorate-de-Secretaria-de-la-Policia-Municipal-1536x1024.jpeg 1536w, https:\/\/www.opinionpublica.tv\/portada\/wp-content\/uploads\/2024\/10\/Atiende-jovenes-programa-\u2018Valorate-de-Secretaria-de-la-Policia-Municipal.jpeg 1599w\" sizes=\"(max-width: 1024px) 100vw, 1024px\" \/><\/figure>\n\n\n\n<p class=\"wp-block-paragraph\"><em>Ciudad Ju\u00e1rez, Chih<\/em>.- La Secretar\u00eda de Seguridad P\u00fablica Municipal a trav\u00e9s de la Direcci\u00f3n de Prevenci\u00f3n Social, contin\u00faa atendiendo a j\u00f3venes estudiantes y padres de familia a trav\u00e9s del programa \u201cVal\u00f3rate\u201d.<\/p>\n\n\n\n<p class=\"wp-block-paragraph\">Los alumnos contin\u00faan asistiendo en compa\u00f1\u00eda de sus padres o tutores a las instituciones educativas sedes, donde el Centro de Estudios Tecnol\u00f3gicos Industriales y de Servicios 128 re\u00fane nueve planteles, teniendo una asistencia de 111 personas, de los cuales 57 son padres de familia y 54 adolescentes.<\/p>\n\n\n\n<p class=\"wp-block-paragraph\">En esta ocasi\u00f3n un padre de familia de un adolescente de 13 a\u00f1os, estudiante de la Escuela Secundaria Estatal 8368, comparti\u00f3 que su hijo presentaba problemas de rebeld\u00eda derivado de sus amistades, agregando que ha pesar del poco tiempo que tienen asistiendo al programa ha notado una mejor\u00eda en su actitud.<\/p>\n\n\n\n<p class=\"wp-block-paragraph\">Comentando que el primer d\u00eda hab\u00eda sido complicado lograr que su hijo se levantar\u00e1 de la cama, cosa que ha cambiado hasta el d\u00eda de hoy, pues ya lo hace con entusiasmo para asistir, tambi\u00e9n indic\u00f3 que los temas que son impartidos ayudan bastante para aprender a comunicarse con su hijo, ya que hay algunos como la sexualidad o drogadicci\u00f3n que son dif\u00edciles de abordar en casa.<\/p>\n\n\n\n<p class=\"wp-block-paragraph\">En su cuarta semana de trabajo de esta nueva etapa, los temas impartidos por parte de los psic\u00f3logos de la SSPM son, resoluci\u00f3n de conflictos a los asistentes del COBACH 9 y Secundaria Estatal 3061, mientras que en el CBTIS, 128 tocaron el tema de la comunicaci\u00f3n y habilidades sociales.<\/p>\n","protected":false},"excerpt":{"rendered":"<p>Ciudad Ju\u00e1rez, Chih.- La Secretar\u00eda de Seguridad P\u00fablica Municipal a trav\u00e9s de la Direcci\u00f3n de Prevenci\u00f3n Social, contin\u00faa atendiendo a j\u00f3venes estudiantes y padres de familia a trav\u00e9s del programa \u201cVal\u00f3rate\u201d. Los alumnos contin\u00faan asistiendo en compa\u00f1\u00eda de sus padres o tutores a las instituciones educativas sedes, donde el Centro de Estudios Tecnol\u00f3gicos Industriales y [&hellip;]<\/p>\n","protected":false},"author":6,"featured_media":44673,"comment_status":"open","ping_status":"open","sticky":false,"template":"","format":"standard","meta":{"_acf_changed":false,"_monsterinsights_skip_tracking":false,"slim_seo":{"title":"Atienden j\u00f3venes y padres con programa \u2018Val\u00f3rate\u2019 de la Polic\u00eda Municipal - Opini\u00f3n P\u00fablica","description":"Ciudad Ju\u00e1rez, Chih .- La Secretar\u00eda de Seguridad P\u00fablica Municipal a trav\u00e9s de la Direcci\u00f3n de Prevenci\u00f3n Social, contin\u00faa atendiendo a j\u00f3venes estudiantes y p"},"footnotes":""},"categories":[41],"tags":[],"class_list":["post-44666","post","type-post","status-publish","format-standard","has-post-thumbnail","hentry","category-juarez"],"acf":[],"_links":{"self":[{"href":"https:\/\/www.opinionpublica.tv\/portada\/wp-json\/wp\/v2\/posts\/44666","targetHints":{"allow":["GET"]}}],"collection":[{"href":"https:\/\/www.opinionpublica.tv\/portada\/wp-json\/wp\/v2\/posts"}],"about":[{"href":"https:\/\/www.opinionpublica.tv\/portada\/wp-json\/wp\/v2\/types\/post"}],"author":[{"embeddable":true,"href":"https:\/\/www.opinionpublica.tv\/portada\/wp-json\/wp\/v2\/users\/6"}],"replies":[{"embeddable":true,"href":"https:\/\/www.opinionpublica.tv\/portada\/wp-json\/wp\/v2\/comments?post=44666"}],"version-history":[{"count":8,"href":"https:\/\/www.opinionpublica.tv\/portada\/wp-json\/wp\/v2\/posts\/44666\/revisions"}],"predecessor-version":[{"id":44677,"href":"https:\/\/www.opinionpublica.tv\/portada\/wp-json\/wp\/v2\/posts\/44666\/revisions\/44677"}],"wp:featuredmedia":[{"embeddable":true,"href":"https:\/\/www.opinionpublica.tv\/portada\/wp-json\/wp\/v2\/media\/44673"}],"wp:attachment":[{"href":"https:\/\/www.opinionpublica.tv\/portada\/wp-json\/wp\/v2\/media?parent=44666"}],"wp:term":[{"taxonomy":"category","embeddable":true,"href":"https:\/\/www.opinionpublica.tv\/portada\/wp-json\/wp\/v2\/categories?post=44666"},{"taxonomy":"post_tag","embeddable":true,"href":"https:\/\/www.opinionpublica.tv\/portada\/wp-json\/wp\/v2\/tags?post=44666"}],"curies":[{"name":"wp","href":"https:\/\/api.w.org\/{rel}","templated":true}]}}