{"id":44597,"date":"2024-10-11T00:01:00","date_gmt":"2024-10-11T06:01:00","guid":{"rendered":"https:\/\/www.opinionpublica.tv\/portada\/?p=44597"},"modified":"2024-10-10T22:13:32","modified_gmt":"2024-10-11T04:13:32","slug":"asalto-al-banco-central-trailer-oficial-estreno-netflix","status":"publish","type":"post","link":"https:\/\/www.opinionpublica.tv\/portada\/asalto-al-banco-central-trailer-oficial-estreno-netflix\/","title":{"rendered":"Video: Asalto al Banco Central | Tr\u00e1iler oficial | Estreno Netflix"},"content":{"rendered":"\n<figure class=\"wp-block-embed is-type-video is-provider-youtube wp-block-embed-youtube wp-embed-aspect-16-9 wp-has-aspect-ratio\"><div class=\"wp-block-embed__wrapper\">\n<iframe title=\"Asalto al Banco Central | Tr\u00e1iler oficial | Netflix\" width=\"800\" height=\"450\" src=\"https:\/\/www.youtube.com\/embed\/EDmrzRfUG80?feature=oembed\" frameborder=\"0\" allow=\"accelerometer; autoplay; clipboard-write; encrypted-media; gyroscope; picture-in-picture; web-share\" referrerpolicy=\"strict-origin-when-cross-origin\" allowfullscreen><\/iframe>\n<\/div><\/figure>\n\n\n\n<p class=\"wp-block-paragraph\">\u00bfQu\u00e9 pas\u00f3 realmente en el atraco que conmocion\u00f3 a todo el pa\u00eds? Mar\u00eda Pedraza, Hovik Keuchkerian, Miguel Herr\u00e1n e Isak F\u00e9rriz protagonizan <a href=\"https:\/\/www.youtube.com\/hashtag\/asaltoalbancocentral\">#AsaltoalBancoCentral<\/a>, inspirada en una historia real. Disponible en Netflix el 8 de noviembre.<a href=\"https:\/\/www.youtube.com\/@NetflixLATAM\"><\/a><\/p>\n","protected":false},"excerpt":{"rendered":"<p>\u00bfQu\u00e9 pas\u00f3 realmente en el atraco que conmocion\u00f3 a todo el pa\u00eds? Mar\u00eda Pedraza, Hovik Keuchkerian, Miguel Herr\u00e1n e Isak F\u00e9rriz protagonizan #AsaltoalBancoCentral, inspirada en una historia real. Disponible en Netflix el 8 de noviembre.<\/p>\n","protected":false},"author":6,"featured_media":44598,"comment_status":"open","ping_status":"open","sticky":false,"template":"","format":"standard","meta":{"_acf_changed":false,"_monsterinsights_skip_tracking":false,"slim_seo":{"title":"Video: Asalto al Banco Central | Tr\u00e1iler oficial | Estreno Netflix - Opini\u00f3n P\u00fablica","description":"https:\/\/youtu.be\/EDmrzRfUG80?si=YgfQSnviwUo0cU9A \u00bfQu\u00e9 pas\u00f3 realmente en el atraco que conmocion\u00f3 a todo el pa\u00eds? Mar\u00eda Pedraza, Hovik Keuchkerian, Miguel Herr\u00e1n"},"footnotes":""},"categories":[2,13,8],"tags":[],"class_list":["post-44597","post","type-post","status-publish","format-standard","has-post-thumbnail","hentry","category-videos-destacados","category-videos-destacados-contenido","category-videos"],"acf":[],"_links":{"self":[{"href":"https:\/\/www.opinionpublica.tv\/portada\/wp-json\/wp\/v2\/posts\/44597","targetHints":{"allow":["GET"]}}],"collection":[{"href":"https:\/\/www.opinionpublica.tv\/portada\/wp-json\/wp\/v2\/posts"}],"about":[{"href":"https:\/\/www.opinionpublica.tv\/portada\/wp-json\/wp\/v2\/types\/post"}],"author":[{"embeddable":true,"href":"https:\/\/www.opinionpublica.tv\/portada\/wp-json\/wp\/v2\/users\/6"}],"replies":[{"embeddable":true,"href":"https:\/\/www.opinionpublica.tv\/portada\/wp-json\/wp\/v2\/comments?post=44597"}],"version-history":[{"count":2,"href":"https:\/\/www.opinionpublica.tv\/portada\/wp-json\/wp\/v2\/posts\/44597\/revisions"}],"predecessor-version":[{"id":44600,"href":"https:\/\/www.opinionpublica.tv\/portada\/wp-json\/wp\/v2\/posts\/44597\/revisions\/44600"}],"wp:featuredmedia":[{"embeddable":true,"href":"https:\/\/www.opinionpublica.tv\/portada\/wp-json\/wp\/v2\/media\/44598"}],"wp:attachment":[{"href":"https:\/\/www.opinionpublica.tv\/portada\/wp-json\/wp\/v2\/media?parent=44597"}],"wp:term":[{"taxonomy":"category","embeddable":true,"href":"https:\/\/www.opinionpublica.tv\/portada\/wp-json\/wp\/v2\/categories?post=44597"},{"taxonomy":"post_tag","embeddable":true,"href":"https:\/\/www.opinionpublica.tv\/portada\/wp-json\/wp\/v2\/tags?post=44597"}],"curies":[{"name":"wp","href":"https:\/\/api.w.org\/{rel}","templated":true}]}}