{"id":44569,"date":"2024-10-12T00:01:00","date_gmt":"2024-10-12T06:01:00","guid":{"rendered":"https:\/\/www.opinionpublica.tv\/portada\/?p=44569"},"modified":"2024-10-10T21:08:44","modified_gmt":"2024-10-11T03:08:44","slug":"efemerides-12-de-octubre-8","status":"publish","type":"post","link":"https:\/\/www.opinionpublica.tv\/portada\/efemerides-12-de-octubre-8\/","title":{"rendered":"Efem\u00e9rides 12 de octubre"},"content":{"rendered":"\n<p class=\"wp-block-paragraph\"><em>Un d\u00eda 12 de octubre como hoy, pero de 1492, Crist\u00f3bal Col\u00f3n desembarca en la isla de Guanahan\u00ed, a la que llam\u00f3 San Salvador, y descubre Am\u00e9rica.<\/em><\/p>\n\n\n\n<figure class=\"wp-block-image size-large\"><img fetchpriority=\"high\" decoding=\"async\" width=\"1024\" height=\"619\" src=\"https:\/\/www.opinionpublica.tv\/portada\/wp-content\/uploads\/2024\/10\/Cristobal-Colon-descubrio-America-en-1492-1024x619.jpg\" alt=\"Cristobal Colon Descubrio America En 1492\" class=\"wp-image-44570\" srcset=\"https:\/\/www.opinionpublica.tv\/portada\/wp-content\/uploads\/2024\/10\/Cristobal-Colon-descubrio-America-en-1492-1024x619.jpg 1024w, https:\/\/www.opinionpublica.tv\/portada\/wp-content\/uploads\/2024\/10\/Cristobal-Colon-descubrio-America-en-1492-300x181.jpg 300w, https:\/\/www.opinionpublica.tv\/portada\/wp-content\/uploads\/2024\/10\/Cristobal-Colon-descubrio-America-en-1492-768x464.jpg 768w, https:\/\/www.opinionpublica.tv\/portada\/wp-content\/uploads\/2024\/10\/Cristobal-Colon-descubrio-America-en-1492-1536x929.jpg 1536w, https:\/\/www.opinionpublica.tv\/portada\/wp-content\/uploads\/2024\/10\/Cristobal-Colon-descubrio-America-en-1492.jpg 1920w\" sizes=\"(max-width: 1024px) 100vw, 1024px\" \/><\/figure>\n\n\n\n<p class=\"wp-block-paragraph\"><strong>Otras efem\u00e9rides<\/strong><\/p>\n\n\n\n<p class=\"wp-block-paragraph\">1825.- Batalla de Sarandi (Uruguay), en la que los uruguayos vencen a los brasile\u00f1os.<\/p>\n\n\n\n<p class=\"wp-block-paragraph\">1847.- Se funda en Berl\u00edn la empresa de telecomunicaciones Siemens AG.<\/p>\n\n\n\n<p class=\"wp-block-paragraph\">1923.- Se funda la Academia Costarricense de la Lengua.<\/p>\n\n\n\n<p class=\"wp-block-paragraph\">1925.- Inauguraci\u00f3n de la Universidad mexicana de Guadalajara.<\/p>\n\n\n\n<p class=\"wp-block-paragraph\">1927.- Fundaci\u00f3n de la Academia Dominicana de la Lengua.<\/p>\n\n\n\n<p class=\"wp-block-paragraph\">1931.- Se inaugura la estatua de El Cristo en el monte del Corcovado (R\u00edo de Janeiro, Brasil).<\/p>\n\n\n\n<p class=\"wp-block-paragraph\">1964.- La Uni\u00f3n Sovi\u00e9tica lanza al espacio a tres cosmonautas en la Vosjod-1, primera nave espacial con capacidad para m\u00e1s de un tripulante.<\/p>\n\n\n\n<p class=\"wp-block-paragraph\">1968.- Independencia de Guinea Ecuatorial tras 180 a\u00f1os de soberan\u00eda espa\u00f1ola.<\/p>\n\n\n\n<p class=\"wp-block-paragraph\">1968.- Apertura de los XIX Juegos Ol\u00edmpicos en M\u00e9xico.<\/p>\n\n\n\n<p class=\"wp-block-paragraph\">1973.- Per\u00f3n asume en Argentina su tercera presidencia.<\/p>\n\n\n\n<p class=\"wp-block-paragraph\">1984.- La primera ministra brit\u00e1nica, Margaret Thatcher, sale ilesa de un atentado del IRA en el Grand Hotel de Brighton.<\/p>\n\n\n\n<p class=\"wp-block-paragraph\">1988.- Steve Jobs lanza NeXT Computer, su primer ordenador sin Apple.<\/p>\n\n\n\n<p class=\"wp-block-paragraph\">1998.- Fallece Matthew Shepard, universitario estadounidense agredido brutalmente d\u00edas antes por ser homosexual. Una ley contra cr\u00edmenes de odio lleva su nombre.<\/p>\n\n\n\n<p class=\"wp-block-paragraph\">1990.- Bolivia y Paraguay se unen al Grupo de R\u00edo.<\/p>\n\n\n\n<p class=\"wp-block-paragraph\">1999.- La ONU calcula que en esta fecha nace el habitante 6.000 millones de la Tierra.<\/p>\n\n\n\n<p class=\"wp-block-paragraph\">2000.- El dramaturgo chino Gao Xingjian, exiliado en Francia, obtiene el Premio Nobel de Literatura.<\/p>\n\n\n\n<p class=\"wp-block-paragraph\">2002.- Atentado del grupo yihadista Jemaa Islamiya en una discoteca en Bali (Indonesia), con 202 muertos.<\/p>\n\n\n\n<p class=\"wp-block-paragraph\">2006.- Premio Nobel de Literatura al escritor turco Orhan Pamuk.<\/p>\n\n\n\n<p class=\"wp-block-paragraph\">2007.- El exvicepresidente de EE.UU. Al Gore y el Grupo Intergubernamental sobre el Cambio Clim\u00e1tico de la ONU, Premio Nobel de la Paz.<\/p>\n\n\n\n<p class=\"wp-block-paragraph\">2010.- Se lanza el primer videojuego desarrollado en Latinoam\u00e9rica, \u00abLucha Libre AAA: h\u00e9roes del ring\u00bb.<\/p>\n\n\n\n<p class=\"wp-block-paragraph\">2017.- EE.UU. abandona la Unesco, decisi\u00f3n secundada por Israel.<\/p>\n\n\n\n<p class=\"wp-block-paragraph\">2021.- Muere en prisi\u00f3n Ra\u00fal Baduel, militar y pol\u00edtico venezolano, considerado \u00abpreso pol\u00edtico\u00bb desde su detenci\u00f3n en 2009.<\/p>\n\n\n\n<p class=\"wp-block-paragraph\">Nacimientos<\/p>\n\n\n\n<p class=\"wp-block-paragraph\">1798.- Pedro I, emperador de Brasil.<\/p>\n\n\n\n<p class=\"wp-block-paragraph\">1934.- Richard Alan Meier, arquitecto estadounidense.<\/p>\n\n\n\n<p class=\"wp-block-paragraph\">1935.- Luciano Pavarotti, tenor italiano.<\/p>\n\n\n\n<p class=\"wp-block-paragraph\">1941.- Jos\u00e9 Mar\u00eda Gonz\u00e1lez Sinde, productor y director de cine.<\/p>\n\n\n\n<p class=\"wp-block-paragraph\">1949.- Ilich Ram\u00edrez S\u00e1nchez, terrorista venezolano conocido por \u00abCarlos\u00bb o \u00abChacal\u00bb.<\/p>\n\n\n\n<p class=\"wp-block-paragraph\">1950.- Paul Otellini, estadounidense, consejero delegado de Intel.<\/p>\n\n\n\n<p class=\"wp-block-paragraph\">1968.- Hugh Jackman, actor australiano.<\/p>\n\n\n\n<p class=\"wp-block-paragraph\">Defunciones<\/p>\n\n\n\n<p class=\"wp-block-paragraph\">1492.- Piero della Francesca, pintor italiano.<\/p>\n\n\n\n<p class=\"wp-block-paragraph\">1870.- Robert Edward Lee, \u00abGeneral Lee\u00bb, militar estadounidense.<\/p>\n\n\n\n<p class=\"wp-block-paragraph\">1924.- Anatole France, escritor franc\u00e9s.<\/p>\n\n\n\n<p class=\"wp-block-paragraph\">1996.- Ren\u00e9 Lacoste, tenista y empresario franc\u00e9s.<\/p>\n\n\n\n<p class=\"wp-block-paragraph\">1997.- John Denver, cantante \u00abcountry\u00bb estadounidense.<\/p>\n\n\n\n<p class=\"wp-block-paragraph\">1999.- Wilt Chamberlain, jugador de baloncesto estadounidense.<\/p>\n\n\n\n<p class=\"wp-block-paragraph\">2002.- Ray Conniff, compositor y director de orquesta estadounidense.<\/p>\n\n\n\n<p class=\"wp-block-paragraph\">2005.- Gazi Kanaan, ministro de Interior sirio.<\/p>\n\n\n\n<p class=\"wp-block-paragraph\">2007.- Carlos Victoria, escritor cubano.<\/p>\n\n\n\n<p class=\"wp-block-paragraph\">2009.- Frank Vandenbroucke, ciclista belga.<\/p>\n\n\n\n<p class=\"wp-block-paragraph\">2013.- \u00d3scar Hijuelos, escritor estadounidense de origen cubano, ganador del Pulitzer.<\/p>\n\n\n\n<p class=\"wp-block-paragraph\">2015.- Manuel Fern\u00e1ndez Mota, poeta.<\/p>\n\n\n\n<p class=\"wp-block-paragraph\">2020.- Conchata Ferrell, actriz estadounidense.<\/p>\n\n\n\n<p class=\"wp-block-paragraph\">2021.- Hubert Germain, pol\u00edtico franc\u00e9s, h\u00e9roe de la resistencia francesa, 101 a\u00f1os.<\/p>\n","protected":false},"excerpt":{"rendered":"<p>Un d\u00eda 12 de octubre como hoy, pero de 1492, Crist\u00f3bal Col\u00f3n desembarca en la isla de Guanahan\u00ed, a la que llam\u00f3 San Salvador, y descubre Am\u00e9rica. Otras efem\u00e9rides 1825.- Batalla de Sarandi (Uruguay), en la que los uruguayos vencen a los brasile\u00f1os. 1847.- Se funda en Berl\u00edn la empresa de telecomunicaciones Siemens AG. 1923.- [&hellip;]<\/p>\n","protected":false},"author":6,"featured_media":44570,"comment_status":"open","ping_status":"open","sticky":false,"template":"","format":"standard","meta":{"_acf_changed":false,"_monsterinsights_skip_tracking":false,"slim_seo":{"title":"Efem\u00e9rides 12 de octubre - Opini\u00f3n P\u00fablica","description":"Un d\u00eda 12 de octubre como hoy, pero de 1492, Crist\u00f3bal Col\u00f3n desembarca en la isla de Guanahan\u00ed, a la que llam\u00f3 San Salvador, y descubre Am\u00e9rica. Otras efem\u00e9rid"},"footnotes":""},"categories":[27],"tags":[],"class_list":["post-44569","post","type-post","status-publish","format-standard","has-post-thumbnail","hentry","category-un-dia-como-hoy"],"acf":[],"_links":{"self":[{"href":"https:\/\/www.opinionpublica.tv\/portada\/wp-json\/wp\/v2\/posts\/44569","targetHints":{"allow":["GET"]}}],"collection":[{"href":"https:\/\/www.opinionpublica.tv\/portada\/wp-json\/wp\/v2\/posts"}],"about":[{"href":"https:\/\/www.opinionpublica.tv\/portada\/wp-json\/wp\/v2\/types\/post"}],"author":[{"embeddable":true,"href":"https:\/\/www.opinionpublica.tv\/portada\/wp-json\/wp\/v2\/users\/6"}],"replies":[{"embeddable":true,"href":"https:\/\/www.opinionpublica.tv\/portada\/wp-json\/wp\/v2\/comments?post=44569"}],"version-history":[{"count":2,"href":"https:\/\/www.opinionpublica.tv\/portada\/wp-json\/wp\/v2\/posts\/44569\/revisions"}],"predecessor-version":[{"id":44572,"href":"https:\/\/www.opinionpublica.tv\/portada\/wp-json\/wp\/v2\/posts\/44569\/revisions\/44572"}],"wp:featuredmedia":[{"embeddable":true,"href":"https:\/\/www.opinionpublica.tv\/portada\/wp-json\/wp\/v2\/media\/44570"}],"wp:attachment":[{"href":"https:\/\/www.opinionpublica.tv\/portada\/wp-json\/wp\/v2\/media?parent=44569"}],"wp:term":[{"taxonomy":"category","embeddable":true,"href":"https:\/\/www.opinionpublica.tv\/portada\/wp-json\/wp\/v2\/categories?post=44569"},{"taxonomy":"post_tag","embeddable":true,"href":"https:\/\/www.opinionpublica.tv\/portada\/wp-json\/wp\/v2\/tags?post=44569"}],"curies":[{"name":"wp","href":"https:\/\/api.w.org\/{rel}","templated":true}]}}