{"id":44534,"date":"2024-10-10T00:01:00","date_gmt":"2024-10-10T06:01:00","guid":{"rendered":"https:\/\/www.opinionpublica.tv\/portada\/?p=44534"},"modified":"2024-10-09T20:44:57","modified_gmt":"2024-10-10T02:44:57","slug":"ratifica-cabildo-a-cesar-omar-munoz-morales-como-titular-de-seguridad-publica","status":"publish","type":"post","link":"https:\/\/www.opinionpublica.tv\/portada\/ratifica-cabildo-a-cesar-omar-munoz-morales-como-titular-de-seguridad-publica\/","title":{"rendered":"Ratifica Cabildo a C\u00e9sar Omar Mu\u00f1oz como titular de Seguridad P\u00fablica"},"content":{"rendered":"\n<figure class=\"wp-block-image size-large\"><img fetchpriority=\"high\" decoding=\"async\" width=\"1024\" height=\"682\" src=\"https:\/\/www.opinionpublica.tv\/portada\/wp-content\/uploads\/2024\/10\/Ratifica-Cabildo-a-Cesar-Omar-Munoz-como-titular-de-Seguridad-Publica-1024x682.jpeg\" alt=\"Ratifica Cabildo A Ce\u0301sar Omar Mun\u0303oz Como Titular De Seguridad Pu\u0301blica\" class=\"wp-image-44538\" srcset=\"https:\/\/www.opinionpublica.tv\/portada\/wp-content\/uploads\/2024\/10\/Ratifica-Cabildo-a-Cesar-Omar-Munoz-como-titular-de-Seguridad-Publica-1024x682.jpeg 1024w, https:\/\/www.opinionpublica.tv\/portada\/wp-content\/uploads\/2024\/10\/Ratifica-Cabildo-a-Cesar-Omar-Munoz-como-titular-de-Seguridad-Publica-300x200.jpeg 300w, https:\/\/www.opinionpublica.tv\/portada\/wp-content\/uploads\/2024\/10\/Ratifica-Cabildo-a-Cesar-Omar-Munoz-como-titular-de-Seguridad-Publica-768x512.jpeg 768w, https:\/\/www.opinionpublica.tv\/portada\/wp-content\/uploads\/2024\/10\/Ratifica-Cabildo-a-Cesar-Omar-Munoz-como-titular-de-Seguridad-Publica-1536x1023.jpeg 1536w, https:\/\/www.opinionpublica.tv\/portada\/wp-content\/uploads\/2024\/10\/Ratifica-Cabildo-a-Cesar-Omar-Munoz-como-titular-de-Seguridad-Publica.jpeg 1600w\" sizes=\"(max-width: 1024px) 100vw, 1024px\" \/><\/figure>\n\n\n\n<p class=\"wp-block-paragraph\"><em>Ciudad Ju\u00e1rez, Chih<\/em>.- El Cabildo de Ciudad Ju\u00e1rez ratific\u00f3 a C\u00e9sar Omar Mu\u00f1oz Morales como secretario de Seguridad P\u00fablica Municipal.<\/p>\n\n\n\n<p class=\"wp-block-paragraph\">En la sesi\u00f3n fue presidida por el alcalde Cruz P\u00e9rez Cu\u00e9llar, el Cabildo efectu\u00f3 el procedimiento para designar al titular de la Secretar\u00eda de Seguridad P\u00fablica Municipal, de conformidad con lo establecido en el art\u00edculo 28, fracci\u00f3n XLII, del C\u00f3digo Municipal para el Estado de Chihuahua.<\/p>\n\n\n\n<p class=\"wp-block-paragraph\">Para ello se dio una votaci\u00f3n secreta donde cada uno de los integrantes del Ayuntamiento emiti\u00f3 su sufragio.<\/p>\n\n\n\n<p class=\"wp-block-paragraph\">El resultado fue de 19 votos a favor y uno nulo, por lo que Mu\u00f1oz Morales es el titular de Seguridad P\u00fablica para la Administraci\u00f3n Municipal 2024-2027.<\/p>\n\n\n\n<p class=\"wp-block-paragraph\">En la reuni\u00f3n, el secretario del Ayuntamiento, H\u00e9ctor Rafael Ortiz Orpinel, inform\u00f3 que la terna la conformaron Lorenzo Flores Galv\u00e1n, Gabriel Atayde Gameros y C\u00e9sar Omar Mu\u00f1oz Morales.<\/p>\n\n\n\n<p class=\"wp-block-paragraph\">P\u00e9rez Cu\u00e9llar dijo que Mu\u00f1oz Morales ha presentado un trabajo destacable, pues logr\u00f3 disminuir delitos de acto impacto.<\/p>\n\n\n\n<p class=\"wp-block-paragraph\">Al respecto, la coordinadora de la Comisi\u00f3n Edilicia de Seguridad, Mireya Porras Armend\u00e1riz, destac\u00f3 el trabajo que se hizo en la Secretar\u00eda de Seguridad P\u00fablica durante la administraci\u00f3n 2021-2024, en la que adem\u00e1s, Mu\u00f1oz Morales siempre estuvo a favor de dar atenci\u00f3n mental y psicol\u00f3gica a los elementos.<\/p>\n\n\n\n<p class=\"wp-block-paragraph\">Durante esta sesi\u00f3n de Cabildo, el presidente municipal ratific\u00f3 en el cargo a la directora general del Instituto Municipal de las Mujeres, Elvira Urrutia Castro; al director general del Instituto Municipal del Deporte, Juan Carlos Escalante Su\u00e1rez y al titular del Sistema de Urbanizaci\u00f3n Municipal Adicional, Javier Said Estrada de la Torre.<\/p>\n","protected":false},"excerpt":{"rendered":"<p>Ciudad Ju\u00e1rez, Chih.- El Cabildo de Ciudad Ju\u00e1rez ratific\u00f3 a C\u00e9sar Omar Mu\u00f1oz Morales como secretario de Seguridad P\u00fablica Municipal. En la sesi\u00f3n fue presidida por el alcalde Cruz P\u00e9rez Cu\u00e9llar, el Cabildo efectu\u00f3 el procedimiento para designar al titular de la Secretar\u00eda de Seguridad P\u00fablica Municipal, de conformidad con lo establecido en el art\u00edculo [&hellip;]<\/p>\n","protected":false},"author":6,"featured_media":44538,"comment_status":"open","ping_status":"open","sticky":false,"template":"","format":"standard","meta":{"_acf_changed":false,"_monsterinsights_skip_tracking":false,"slim_seo":{"title":"Ratifica Cabildo a C\u00e9sar Omar Mu\u00f1oz como titular de Seguridad P\u00fablica - Opini\u00f3n P\u00fablica","description":"Ciudad Ju\u00e1rez, Chih .- El Cabildo de Ciudad Ju\u00e1rez ratific\u00f3 a C\u00e9sar Omar Mu\u00f1oz Morales como secretario de Seguridad P\u00fablica Municipal. En la sesi\u00f3n fue presidid"},"footnotes":""},"categories":[41],"tags":[],"class_list":["post-44534","post","type-post","status-publish","format-standard","has-post-thumbnail","hentry","category-juarez"],"acf":[],"_links":{"self":[{"href":"https:\/\/www.opinionpublica.tv\/portada\/wp-json\/wp\/v2\/posts\/44534","targetHints":{"allow":["GET"]}}],"collection":[{"href":"https:\/\/www.opinionpublica.tv\/portada\/wp-json\/wp\/v2\/posts"}],"about":[{"href":"https:\/\/www.opinionpublica.tv\/portada\/wp-json\/wp\/v2\/types\/post"}],"author":[{"embeddable":true,"href":"https:\/\/www.opinionpublica.tv\/portada\/wp-json\/wp\/v2\/users\/6"}],"replies":[{"embeddable":true,"href":"https:\/\/www.opinionpublica.tv\/portada\/wp-json\/wp\/v2\/comments?post=44534"}],"version-history":[{"count":3,"href":"https:\/\/www.opinionpublica.tv\/portada\/wp-json\/wp\/v2\/posts\/44534\/revisions"}],"predecessor-version":[{"id":44539,"href":"https:\/\/www.opinionpublica.tv\/portada\/wp-json\/wp\/v2\/posts\/44534\/revisions\/44539"}],"wp:featuredmedia":[{"embeddable":true,"href":"https:\/\/www.opinionpublica.tv\/portada\/wp-json\/wp\/v2\/media\/44538"}],"wp:attachment":[{"href":"https:\/\/www.opinionpublica.tv\/portada\/wp-json\/wp\/v2\/media?parent=44534"}],"wp:term":[{"taxonomy":"category","embeddable":true,"href":"https:\/\/www.opinionpublica.tv\/portada\/wp-json\/wp\/v2\/categories?post=44534"},{"taxonomy":"post_tag","embeddable":true,"href":"https:\/\/www.opinionpublica.tv\/portada\/wp-json\/wp\/v2\/tags?post=44534"}],"curies":[{"name":"wp","href":"https:\/\/api.w.org\/{rel}","templated":true}]}}