{"id":44490,"date":"2024-10-09T06:09:30","date_gmt":"2024-10-09T12:09:30","guid":{"rendered":"https:\/\/www.opinionpublica.tv\/portada\/?p=44490"},"modified":"2024-10-09T06:10:08","modified_gmt":"2024-10-09T12:10:08","slug":"verde-que-te-quiero","status":"publish","type":"post","link":"https:\/\/www.opinionpublica.tv\/portada\/verde-que-te-quiero\/","title":{"rendered":"Verde que te quiero"},"content":{"rendered":"\n<h4 class=\"wp-block-heading\"><strong><em>Ra\u00fal Ruiz<\/em><\/strong><\/h4>\n\n\n\n<p class=\"wp-block-paragraph\">______________________________________<\/p>\n\n\n\n<p class=\"wp-block-paragraph\">Hoy m\u00e1s que nunca, presente la poes\u00eda de Federico Garc\u00eda Lorca&#8230;<\/p>\n\n\n\n<p class=\"wp-block-paragraph\">\u00abVerde que te quiero, verde&#8230;\u00bb<\/p>\n\n\n\n<p class=\"wp-block-paragraph\">A riesgo de ser blanco de mis detractores, y de alg\u00fan medio golpeador, por comentar favorablemente sobre el futuro del partido Verde en Chihuahua, les digo.<\/p>\n\n\n\n<p class=\"wp-block-paragraph\">Nunca como ahora, el partido Verde en Chihuahua ha sido tan fuerte y de gran influencia territorial, como ahora.<\/p>\n\n\n\n<p class=\"wp-block-paragraph\">Desde luego que no se puede igualar a la fuerza que tiene Morena, ni siquiera a la pujanza de Acci\u00f3n Nacional.<\/p>\n\n\n\n<p class=\"wp-block-paragraph\">Pero s\u00ed anda muy por encima del PRI, paradojicamente del partido que siempre fue sat\u00e9lite. De Movimiento Ciudadano, y obvio, del extinto PRD.<\/p>\n\n\n\n<p class=\"wp-block-paragraph\">El resultado de las elecciones pasadas as\u00ed lo consigna.<\/p>\n\n\n\n<p class=\"wp-block-paragraph\">Se ha colocado en posici\u00f3n de tirador, hacia las elecciones del 27, sobre una espuma creciente, generada por, Alejandro P\u00e9rez Cu\u00e9llar, diputado federal, que arroll\u00f3 a Marisela Terrazas, en el cuarto distrito.<\/p>\n\n\n\n<p class=\"wp-block-paragraph\">Y le gener\u00f3 a este partido buen capital con las candidaturas de Fernando Rodr\u00edguez Giner, Roberto Fierro, Mara San Luis,Marthita Lemus y dem\u00e1s candidatos que compitieron para diputados.<\/p>\n\n\n\n<p class=\"wp-block-paragraph\">Bueno, pues la noticia del momento es que pasado ma\u00f1ana, a las seis de la tarde, ser\u00e1 ungido como coordinador municipal del partido Verde en Ciudad Ju\u00e1rez, el cachorro de Alejandro P\u00e9rez Cu\u00e9llar, ALEX P\u00c9REZ ESCALANTE.<\/p>\n\n\n\n<p class=\"wp-block-paragraph\">Joven de 31 a\u00f1os, Licenciado en Direcci\u00f3n de Negocios por el Tecnol\u00f3gico de Monterrey.<\/p>\n\n\n\n<p class=\"wp-block-paragraph\">Empresario, atleta estatal y nacional.<\/p>\n\n\n\n<p class=\"wp-block-paragraph\">Presidente de sociedades de alumnos en su etapa como estudiante<\/p>\n\n\n\n<p class=\"wp-block-paragraph\">Participante en varias campa\u00f1as politicas;<\/p>\n\n\n\n<p class=\"wp-block-paragraph\">Coordinador de campa\u00f1a APC, 2024<\/p>\n\n\n\n<p class=\"wp-block-paragraph\">Quien despliega sus alas como heredero de la dinast\u00eda P\u00e9rez Cu\u00e9llar.<\/p>\n\n\n\n<p class=\"wp-block-paragraph\">Su arribo al partido no es casual, ni es capricho del pap\u00e1 o del t\u00edo.<\/p>\n\n\n\n<p class=\"wp-block-paragraph\">Obedece a una estrategia bien pensada para crecer pol\u00edticamente en estos tiempos donde el chapulineo es divisa para colocar piezas de baja denominaci\u00f3n que luego cobran liderazgo, merced al desprecio de los cuadros j\u00f3venes y la ambici\u00f3n de poder que tienen los eternos dirigentes de los partidos en juego.<\/p>\n\n\n\n<p class=\"wp-block-paragraph\">Inteligente estrategia.<\/p>\n\n\n\n<p class=\"wp-block-paragraph\">Que los desacreditadores de siempre, pretenden hacer creer que es inmoral, falto de \u00e9tica, o indecoroso, que los hijos de figuras pol\u00edticas se interesen en participar.<\/p>\n\n\n\n<p class=\"wp-block-paragraph\">Nada les acomoda.<\/p>\n\n\n\n<p class=\"wp-block-paragraph\">Si se postula alguien muy visto, gritan: \u00bfQu\u00e9,&nbsp; no tienen cuadros juveniles?<\/p>\n\n\n\n<p class=\"wp-block-paragraph\">Si hay un cuadro joven, pero es pariente de un diputado, alcalde, o gobernador, es inmoral, falto de \u00e9tica.<\/p>\n\n\n\n<p class=\"wp-block-paragraph\">\u00a1Los P\u00e9rez Cu\u00e9llar est\u00e1n acumulando poder! Gritan desaforados los de Norte Digital.<\/p>\n\n\n\n<p class=\"wp-block-paragraph\">Imperdonable.<\/p>\n\n\n\n<p class=\"wp-block-paragraph\">Es verdad que tomaron la franquicia por su cuenta.<\/p>\n\n\n\n<p class=\"wp-block-paragraph\">Les recordamos que el Verde estaba en peligro de extinci\u00f3n, y que s\u00f3lo con el pr\u00e9stamo del logotipo, Alejandro P\u00e9rez Cu\u00e9llar, lo revive y gana su distrito.<\/p>\n\n\n\n<p class=\"wp-block-paragraph\">Tambi\u00e9n pudimos observar que de la mano del alcalde Cruz P\u00e9rez Cu\u00e9llar, se trabajaron las otras candidaturas verdes, y que si bien, no fueron ganadores, dejaron un capital importante para un proyecto en el 2027, que puede ser, la candidatura de Alejandro P\u00e9rez Cu\u00e9llar, por este partido, o bien, afinar la posibilidad de ser el PLAN B, para la postulaci\u00f3n de Cruz, como candidato a la gubernatura.<\/p>\n\n\n\n<p class=\"wp-block-paragraph\">Por si el viejer\u00edo de Morena le quisiera dar esquinazo a la mera hora.<\/p>\n\n\n\n<p class=\"wp-block-paragraph\">Con eso de que ES TIEMPO DE LA MUJER.<\/p>\n\n\n\n<p class=\"wp-block-paragraph\">El viernes, d\u00eda de la unci\u00f3n, que ser\u00e1 a las 6 de la tarde en el sal\u00f3n Emporio, veremos qu\u00e9 tanta capacidad de convocatoria trae el junior, para saber de qu\u00e9 modo \u00abse deja caer la gre\u00f1a\u00bb.<\/p>\n\n\n\n<p class=\"wp-block-paragraph\">Frase coloquial del rumbo de la Chave\u00f1a.<\/p>\n\n\n\n<p class=\"wp-block-paragraph\">Veremos tambi\u00e9n si los P\u00e9rez Cu\u00e9llar asumen el padrinazgo, y qu\u00e9 otras figuras se acercan al fog\u00f3n.<\/p>\n\n\n\n<p class=\"wp-block-paragraph\">Les estresa mucho el crecimiento de los Perezcuellar, pero lo que ustedes ven son hechos.<\/p>\n\n\n\n<p class=\"wp-block-paragraph\">Mientras tanto los adversarios, los pitufos, est\u00e1n at\u00f3nitos, pasmados, sin cuadros \u00fatiles.<\/p>\n\n\n\n<p class=\"wp-block-paragraph\">Comprando figuras en el supermercado de las conveniencias. Como la de la ex diputada de Morena, que antes construy\u00f3 una carrera en el PRI, y ahora cabildear\u00e1 en la CDMX para el gobierno panista de Mar\u00eda Eugenia Campos.<\/p>\n","protected":false},"excerpt":{"rendered":"<p>Ra\u00fal Ruiz ______________________________________ Hoy m\u00e1s que nunca, presente la poes\u00eda de Federico Garc\u00eda Lorca&#8230; \u00abVerde que te quiero, verde&#8230;\u00bb A riesgo de ser blanco de mis detractores, y de alg\u00fan medio golpeador, por comentar favorablemente sobre el futuro del partido Verde en Chihuahua, les digo. Nunca como ahora, el partido Verde en Chihuahua ha sido [&hellip;]<\/p>\n","protected":false},"author":6,"featured_media":43347,"comment_status":"open","ping_status":"open","sticky":false,"template":"","format":"standard","meta":{"_acf_changed":false,"_monsterinsights_skip_tracking":false,"slim_seo":{"title":"Verde que te quiero - Opini\u00f3n P\u00fablica","description":"Ra\u00fal Ruiz ______________________________________ Hoy m\u00e1s que nunca, presente la poes\u00eda de Federico Garc\u00eda Lorca... \"Verde que te quiero, verde...\" A riesgo de s"},"footnotes":""},"categories":[21],"tags":[593],"class_list":["post-44490","post","type-post","status-publish","format-standard","has-post-thumbnail","hentry","category-cartapacio","tag-cartapacio"],"acf":[],"_links":{"self":[{"href":"https:\/\/www.opinionpublica.tv\/portada\/wp-json\/wp\/v2\/posts\/44490","targetHints":{"allow":["GET"]}}],"collection":[{"href":"https:\/\/www.opinionpublica.tv\/portada\/wp-json\/wp\/v2\/posts"}],"about":[{"href":"https:\/\/www.opinionpublica.tv\/portada\/wp-json\/wp\/v2\/types\/post"}],"author":[{"embeddable":true,"href":"https:\/\/www.opinionpublica.tv\/portada\/wp-json\/wp\/v2\/users\/6"}],"replies":[{"embeddable":true,"href":"https:\/\/www.opinionpublica.tv\/portada\/wp-json\/wp\/v2\/comments?post=44490"}],"version-history":[{"count":1,"href":"https:\/\/www.opinionpublica.tv\/portada\/wp-json\/wp\/v2\/posts\/44490\/revisions"}],"predecessor-version":[{"id":44491,"href":"https:\/\/www.opinionpublica.tv\/portada\/wp-json\/wp\/v2\/posts\/44490\/revisions\/44491"}],"wp:featuredmedia":[{"embeddable":true,"href":"https:\/\/www.opinionpublica.tv\/portada\/wp-json\/wp\/v2\/media\/43347"}],"wp:attachment":[{"href":"https:\/\/www.opinionpublica.tv\/portada\/wp-json\/wp\/v2\/media?parent=44490"}],"wp:term":[{"taxonomy":"category","embeddable":true,"href":"https:\/\/www.opinionpublica.tv\/portada\/wp-json\/wp\/v2\/categories?post=44490"},{"taxonomy":"post_tag","embeddable":true,"href":"https:\/\/www.opinionpublica.tv\/portada\/wp-json\/wp\/v2\/tags?post=44490"}],"curies":[{"name":"wp","href":"https:\/\/api.w.org\/{rel}","templated":true}]}}