{"id":43617,"date":"2024-09-27T15:10:04","date_gmt":"2024-09-27T21:10:04","guid":{"rendered":"https:\/\/www.opinionpublica.tv\/portada\/?p=43617"},"modified":"2024-09-27T15:11:09","modified_gmt":"2024-09-27T21:11:09","slug":"considera-alcalde-perez-cuellar-positiva-la-ampliacion-para-regularizar-vehiculos-usados","status":"publish","type":"post","link":"https:\/\/www.opinionpublica.tv\/portada\/considera-alcalde-perez-cuellar-positiva-la-ampliacion-para-regularizar-vehiculos-usados\/","title":{"rendered":"Considera P\u00e9rez Cu\u00e9llar positiva ampliaci\u00f3n para regularizar autos usados"},"content":{"rendered":"\n<figure class=\"wp-block-image size-large\"><img fetchpriority=\"high\" decoding=\"async\" width=\"1024\" height=\"682\" src=\"https:\/\/www.opinionpublica.tv\/portada\/wp-content\/uploads\/2024\/09\/Considera-alcalde-Perez-Cuellar-positiva-la-ampliacion-para-regularizar-vehiculos-usados-1024x682.jpeg\" alt=\"Considera Alcalde Perez Cuellar Positiva La Ampliacion Para Regularizar Vehiculos Usados\" class=\"wp-image-43618\" srcset=\"https:\/\/www.opinionpublica.tv\/portada\/wp-content\/uploads\/2024\/09\/Considera-alcalde-Perez-Cuellar-positiva-la-ampliacion-para-regularizar-vehiculos-usados-1024x682.jpeg 1024w, https:\/\/www.opinionpublica.tv\/portada\/wp-content\/uploads\/2024\/09\/Considera-alcalde-Perez-Cuellar-positiva-la-ampliacion-para-regularizar-vehiculos-usados-300x200.jpeg 300w, https:\/\/www.opinionpublica.tv\/portada\/wp-content\/uploads\/2024\/09\/Considera-alcalde-Perez-Cuellar-positiva-la-ampliacion-para-regularizar-vehiculos-usados-768x512.jpeg 768w, https:\/\/www.opinionpublica.tv\/portada\/wp-content\/uploads\/2024\/09\/Considera-alcalde-Perez-Cuellar-positiva-la-ampliacion-para-regularizar-vehiculos-usados-1536x1023.jpeg 1536w, https:\/\/www.opinionpublica.tv\/portada\/wp-content\/uploads\/2024\/09\/Considera-alcalde-Perez-Cuellar-positiva-la-ampliacion-para-regularizar-vehiculos-usados.jpeg 1600w\" sizes=\"(max-width: 1024px) 100vw, 1024px\" \/><\/figure>\n\n\n\n<p class=\"wp-block-paragraph\"><em>Ciudad Ju\u00e1rez, Chih<\/em>.- Luego de que el Gobierno Federal anunci\u00f3 la ampliaci\u00f3n del decreto para la regularizaci\u00f3n de veh\u00edculos usados de procedencia extranjera hasta el a\u00f1o 2026, el Presidente Municipal, Cruz P\u00e9rez Cu\u00e9llar, consider\u00f3 positiva la acci\u00f3n y dio a conocer que seguir\u00e1 impulsando la regulaci\u00f3n definitiva.<\/p>\n\n\n\n<p class=\"wp-block-paragraph\">Se\u00f1al\u00f3 que desde siempre Ju\u00e1rez ha tenido veh\u00edculos de procedencia extranjera, lo cual es inevitable por ser frontera y no hay manera de detener este flujo, de modo que la \u00fanica alternativa que existe es ordenarlo.<\/p>\n\n\n\n<p class=\"wp-block-paragraph\">La fecha l\u00edmite para regularizar los autom\u00f3viles era hasta el 30 de septiembre, pero las autoridades federales dieron a conocer la ampliaci\u00f3n en varios estados del pa\u00eds hasta el 30 de septiembre del 2026.<\/p>\n\n\n\n<p class=\"wp-block-paragraph\">\u201cEl decreto es muy positivo, seguir\u00e9 impulsando una regulaci\u00f3n definitiva, pero ahora tenemos dos a\u00f1os para tomar decisiones y definir qu\u00e9 vamos a hacer en el tema de movilidad, es una buena informaci\u00f3n para la ciudad, adem\u00e1s de que seguimos recibiendo recursos para recarpeteo de calles\u201d, indic\u00f3 el alcalde.<\/p>\n\n\n\n<p class=\"wp-block-paragraph\">Mencion\u00f3 que aunque su Gobierno no impuls\u00f3 esta ampliaci\u00f3n en el decreto, el Gobierno Federal conoce su postura, ya que siempre ha estado presente en el tema de comunicaci\u00f3n con la Secretar\u00eda de Gobernaci\u00f3n.<\/p>\n\n\n\n<p class=\"wp-block-paragraph\">Respecto a las calles que se han pavimentado en la ciudad, el edil indic\u00f3 que se ha usado el 85 por ciento del recurso municipal y el 15 por ciento del Registro P\u00fablico Vehicular (REPUVE), para atender m\u00e1s de un mill\u00f3n de metros cuadrados de pavimento.<\/p>\n\n\n\n<p class=\"wp-block-paragraph\">\u201cEs hist\u00f3rica la inversi\u00f3n y ahora con la renovaci\u00f3n del decreto seguiremos contando con este recurso y obviamente seguiremos metiendo recurso municipal\u201d, se\u00f1al\u00f3.<\/p>\n","protected":false},"excerpt":{"rendered":"<p>Ciudad Ju\u00e1rez, Chih.- Luego de que el Gobierno Federal anunci\u00f3 la ampliaci\u00f3n del decreto para la regularizaci\u00f3n de veh\u00edculos usados de procedencia extranjera hasta el a\u00f1o 2026, el Presidente Municipal, Cruz P\u00e9rez Cu\u00e9llar, consider\u00f3 positiva la acci\u00f3n y dio a conocer que seguir\u00e1 impulsando la regulaci\u00f3n definitiva. Se\u00f1al\u00f3 que desde siempre Ju\u00e1rez ha tenido veh\u00edculos [&hellip;]<\/p>\n","protected":false},"author":6,"featured_media":43618,"comment_status":"open","ping_status":"open","sticky":false,"template":"","format":"standard","meta":{"_acf_changed":false,"_monsterinsights_skip_tracking":false,"slim_seo":{"title":"Considera P\u00e9rez Cu\u00e9llar positiva ampliaci\u00f3n para regularizar autos usados - Opini\u00f3n P\u00fablica","description":"Ciudad Ju\u00e1rez, Chih .- Luego de que el Gobierno Federal anunci\u00f3 la ampliaci\u00f3n del decreto para la regularizaci\u00f3n de veh\u00edculos usados de procedencia extranjera h"},"footnotes":""},"categories":[41],"tags":[997],"class_list":["post-43617","post","type-post","status-publish","format-standard","has-post-thumbnail","hentry","category-juarez","tag-decreto-autos-usados"],"acf":[],"_links":{"self":[{"href":"https:\/\/www.opinionpublica.tv\/portada\/wp-json\/wp\/v2\/posts\/43617","targetHints":{"allow":["GET"]}}],"collection":[{"href":"https:\/\/www.opinionpublica.tv\/portada\/wp-json\/wp\/v2\/posts"}],"about":[{"href":"https:\/\/www.opinionpublica.tv\/portada\/wp-json\/wp\/v2\/types\/post"}],"author":[{"embeddable":true,"href":"https:\/\/www.opinionpublica.tv\/portada\/wp-json\/wp\/v2\/users\/6"}],"replies":[{"embeddable":true,"href":"https:\/\/www.opinionpublica.tv\/portada\/wp-json\/wp\/v2\/comments?post=43617"}],"version-history":[{"count":3,"href":"https:\/\/www.opinionpublica.tv\/portada\/wp-json\/wp\/v2\/posts\/43617\/revisions"}],"predecessor-version":[{"id":43622,"href":"https:\/\/www.opinionpublica.tv\/portada\/wp-json\/wp\/v2\/posts\/43617\/revisions\/43622"}],"wp:featuredmedia":[{"embeddable":true,"href":"https:\/\/www.opinionpublica.tv\/portada\/wp-json\/wp\/v2\/media\/43618"}],"wp:attachment":[{"href":"https:\/\/www.opinionpublica.tv\/portada\/wp-json\/wp\/v2\/media?parent=43617"}],"wp:term":[{"taxonomy":"category","embeddable":true,"href":"https:\/\/www.opinionpublica.tv\/portada\/wp-json\/wp\/v2\/categories?post=43617"},{"taxonomy":"post_tag","embeddable":true,"href":"https:\/\/www.opinionpublica.tv\/portada\/wp-json\/wp\/v2\/tags?post=43617"}],"curies":[{"name":"wp","href":"https:\/\/api.w.org\/{rel}","templated":true}]}}