{"id":43605,"date":"2024-09-27T12:37:00","date_gmt":"2024-09-27T18:37:00","guid":{"rendered":"https:\/\/www.opinionpublica.tv\/portada\/?p=43605"},"modified":"2024-09-27T12:37:52","modified_gmt":"2024-09-27T18:37:52","slug":"video-evangelio-de-hoy-viernes-27-de-septiembre-de-2024","status":"publish","type":"post","link":"https:\/\/www.opinionpublica.tv\/portada\/video-evangelio-de-hoy-viernes-27-de-septiembre-de-2024\/","title":{"rendered":"Video: Evangelio de hoy viernes 27 de septiembre de 2024"},"content":{"rendered":"\n<figure class=\"wp-block-embed is-type-video is-provider-youtube wp-block-embed-youtube wp-embed-aspect-16-9 wp-has-aspect-ratio\"><div class=\"wp-block-embed__wrapper\">\n<iframe title=\"Evangelio de Hoy Viernes 27 de Septiembre de 2024 | REFLEXI\u00d3N | Red Catolica\" width=\"800\" height=\"450\" src=\"https:\/\/www.youtube.com\/embed\/okayqjuKa3k?feature=oembed\" frameborder=\"0\" allow=\"accelerometer; autoplay; clipboard-write; encrypted-media; gyroscope; picture-in-picture; web-share\" referrerpolicy=\"strict-origin-when-cross-origin\" allowfullscreen><\/iframe>\n<\/div><\/figure>\n\n\n\n<p class=\"wp-block-paragraph\">\u201cT\u00fa eres el Mes\u00edas de Dios\u00bb. Lc 9, 18-22.<\/p>\n\n\n\n<p class=\"wp-block-paragraph\"><strong>Reflexiones para este viernes<\/strong><\/p>\n\n\n\n<p class=\"wp-block-paragraph\">1. Jes\u00fas, dame la luz y la fuerza para convertirme en un verdadero hombre\/mujer de oraci\u00f3n.<\/p>\n\n\n\n<p class=\"wp-block-paragraph\">2. Seguir a Jes\u00fas con nuestras virtudes, tambi\u00e9n con nuestros pecados, pero seguir siempre a Jes\u00fas.<\/p>\n\n\n\n<p class=\"wp-block-paragraph\">3. Esforzarme por tener a Cristo como el criterio de mis decisiones e imitar su estilo de vida.<\/p>\n","protected":false},"excerpt":{"rendered":"<p>\u201cT\u00fa eres el Mes\u00edas de Dios\u00bb. Lc 9, 18-22. Reflexiones para este viernes 1. Jes\u00fas, dame la luz y la fuerza para convertirme en un verdadero hombre\/mujer de oraci\u00f3n. 2. Seguir a Jes\u00fas con nuestras virtudes, tambi\u00e9n con nuestros pecados, pero seguir siempre a Jes\u00fas. 3. Esforzarme por tener a Cristo como el criterio de [&hellip;]<\/p>\n","protected":false},"author":6,"featured_media":43606,"comment_status":"open","ping_status":"open","sticky":false,"template":"","format":"standard","meta":{"_acf_changed":false,"_monsterinsights_skip_tracking":false,"slim_seo":{"title":"Video: Evangelio de hoy viernes 27 de septiembre de 2024 - Opini\u00f3n P\u00fablica","description":"https:\/\/youtu.be\/okayqjuKa3k?si=B6BNvuwnAc5ANQwk \u201cT\u00fa eres el Mes\u00edas de Dios\". Lc 9, 18-22. Reflexiones para este viernes 1. Jes\u00fas, dame la luz y la fuerza para"},"footnotes":""},"categories":[13,2,8],"tags":[],"class_list":["post-43605","post","type-post","status-publish","format-standard","has-post-thumbnail","hentry","category-videos-destacados-contenido","category-videos-destacados","category-videos"],"acf":[],"_links":{"self":[{"href":"https:\/\/www.opinionpublica.tv\/portada\/wp-json\/wp\/v2\/posts\/43605","targetHints":{"allow":["GET"]}}],"collection":[{"href":"https:\/\/www.opinionpublica.tv\/portada\/wp-json\/wp\/v2\/posts"}],"about":[{"href":"https:\/\/www.opinionpublica.tv\/portada\/wp-json\/wp\/v2\/types\/post"}],"author":[{"embeddable":true,"href":"https:\/\/www.opinionpublica.tv\/portada\/wp-json\/wp\/v2\/users\/6"}],"replies":[{"embeddable":true,"href":"https:\/\/www.opinionpublica.tv\/portada\/wp-json\/wp\/v2\/comments?post=43605"}],"version-history":[{"count":1,"href":"https:\/\/www.opinionpublica.tv\/portada\/wp-json\/wp\/v2\/posts\/43605\/revisions"}],"predecessor-version":[{"id":43607,"href":"https:\/\/www.opinionpublica.tv\/portada\/wp-json\/wp\/v2\/posts\/43605\/revisions\/43607"}],"wp:featuredmedia":[{"embeddable":true,"href":"https:\/\/www.opinionpublica.tv\/portada\/wp-json\/wp\/v2\/media\/43606"}],"wp:attachment":[{"href":"https:\/\/www.opinionpublica.tv\/portada\/wp-json\/wp\/v2\/media?parent=43605"}],"wp:term":[{"taxonomy":"category","embeddable":true,"href":"https:\/\/www.opinionpublica.tv\/portada\/wp-json\/wp\/v2\/categories?post=43605"},{"taxonomy":"post_tag","embeddable":true,"href":"https:\/\/www.opinionpublica.tv\/portada\/wp-json\/wp\/v2\/tags?post=43605"}],"curies":[{"name":"wp","href":"https:\/\/api.w.org\/{rel}","templated":true}]}}