{"id":43599,"date":"2024-09-27T12:25:11","date_gmt":"2024-09-27T18:25:11","guid":{"rendered":"https:\/\/www.opinionpublica.tv\/portada\/?p=43599"},"modified":"2024-09-27T12:26:53","modified_gmt":"2024-09-27T18:26:53","slug":"extranos-intereses","status":"publish","type":"post","link":"https:\/\/www.opinionpublica.tv\/portada\/extranos-intereses\/","title":{"rendered":"Extra\u00f1os intereses"},"content":{"rendered":"\n<h4 class=\"wp-block-heading\"><strong><em>Ra\u00fal Ruiz<\/em><\/strong><\/h4>\n\n\n\n<p class=\"wp-block-paragraph\">___________________________<\/p>\n\n\n\n<p class=\"wp-block-paragraph\">El problema del tren atravesado en pleno centro de Ciudad Ju\u00e1rez, es de todos los d\u00edas. Tengo 24 a\u00f1os viviendo en esta frontera, y desde mi arribo, ha sido una monserga.<\/p>\n\n\n\n<p class=\"wp-block-paragraph\">Luego de dos d\u00e9cadas de quejas constantes, hechas por los juarenses, finalmente, se concreta el proyecto denominado \u00abpuente elevado\u00bb, que vendr\u00e1 a darle fluidez al tr\u00e1fico vehicular a esta importante zona.<\/p>\n\n\n\n<p class=\"wp-block-paragraph\">Ayer precisamente, el alcalde, Cruz P\u00e9rez Cu\u00e9llar, coloc\u00f3 la primera piedra de este puente.<\/p>\n\n\n\n<p class=\"wp-block-paragraph\">El arranque de construcci\u00f3n del paso elevado de la avenida Vicente Guerrero y del paso deprimido de la Francisco Villa.<\/p>\n\n\n\n<p class=\"wp-block-paragraph\">Es una inversi\u00f3n de Ferromex de 420 millones de pesos, en la que participan, Grupo M\u00e9xico, y la Secretar\u00eda de Infraestructura de Transporte y Comunicaciones.<\/p>\n\n\n\n<p class=\"wp-block-paragraph\">El alcalde, agradeci\u00f3 al Presidente de la Rep\u00fablica, Andr\u00e9s Manuel L\u00f3pez Obrador por esta inversi\u00f3n, y declar\u00f3:<\/p>\n\n\n\n<p class=\"wp-block-paragraph\">\u201cEstamos muy contentos por el arranque de esta obra, desde hace muchos a\u00f1os, el tema del ferrocarril ha sido un problema, no es una ocurrencia, es algo que se est\u00e1 viendo desde hace muchos a\u00f1os atr\u00e1s, adem\u00e1s Ferromex y el Gobierno Federal nos dijeron que ten\u00edan 420 millones para invertir en Ju\u00e1rez, yo no podr\u00eda traicionar a la ciudad, no podr\u00eda decir que no, s\u00f3lo porque se iba a enojar un empresario\u201d.<\/p>\n\n\n\n<p class=\"wp-block-paragraph\">Y este es el punto que quiero destacar.<\/p>\n\n\n\n<p class=\"wp-block-paragraph\">Es la carnita de Cartapacio.<\/p>\n\n\n\n<p class=\"wp-block-paragraph\">Pues resulta, que pese a ser una evidente necesidad, y est\u00e1n todos los documentos firmados.<\/p>\n\n\n\n<p class=\"wp-block-paragraph\">Es hora que algunas figuras \u00abconservadoras\u00bb de la aldea, se pronuncian en contra de su edificaci\u00f3n.<\/p>\n\n\n\n<p class=\"wp-block-paragraph\">Me refiero a dos, concretamente:<\/p>\n\n\n\n<p class=\"wp-block-paragraph\">El empresario Pablo Cuar\u00f3n, propietario de la cadena de ferreter\u00edas, \u00abH\u00c1GALO\u00bb, y el cura de catedral, Eduardo Hay\u00e9n&#8230; curiosamente CUAR\u00d3N, como segundo apellido.<\/p>\n\n\n\n<p class=\"wp-block-paragraph\">\u00bfQu\u00e9 oscuros intereses defienden estos dos parientes entre s\u00ed? Al rato se sabr\u00e1n.<\/p>\n\n\n\n<p class=\"wp-block-paragraph\">Por cierto, hijos predilectos de los ilustres Caballeros de Col\u00f3n.<\/p>\n\n\n\n<p class=\"wp-block-paragraph\">Afortunadamente la obra va viento en popa, y el capricho de los CUAR\u00d3N, los exhibe como enemigos de los juarenses a quienes sobajan por afectar sus intereses personales.<\/p>\n","protected":false},"excerpt":{"rendered":"<p>Ra\u00fal Ruiz ___________________________ El problema del tren atravesado en pleno centro de Ciudad Ju\u00e1rez, es de todos los d\u00edas. Tengo 24 a\u00f1os viviendo en esta frontera, y desde mi arribo, ha sido una monserga. Luego de dos d\u00e9cadas de quejas constantes, hechas por los juarenses, finalmente, se concreta el proyecto denominado \u00abpuente elevado\u00bb, que vendr\u00e1 [&hellip;]<\/p>\n","protected":false},"author":6,"featured_media":43347,"comment_status":"open","ping_status":"open","sticky":false,"template":"","format":"standard","meta":{"_acf_changed":false,"_monsterinsights_skip_tracking":false,"slim_seo":{"title":"Extra\u00f1os intereses - Opini\u00f3n P\u00fablica","description":"Ra\u00fal Ruiz ___________________________ El problema del tren atravesado en pleno centro de Ciudad Ju\u00e1rez, es de todos los d\u00edas. Tengo 24 a\u00f1os viviendo en esta fro"},"footnotes":""},"categories":[21],"tags":[593],"class_list":["post-43599","post","type-post","status-publish","format-standard","has-post-thumbnail","hentry","category-cartapacio","tag-cartapacio"],"acf":[],"_links":{"self":[{"href":"https:\/\/www.opinionpublica.tv\/portada\/wp-json\/wp\/v2\/posts\/43599","targetHints":{"allow":["GET"]}}],"collection":[{"href":"https:\/\/www.opinionpublica.tv\/portada\/wp-json\/wp\/v2\/posts"}],"about":[{"href":"https:\/\/www.opinionpublica.tv\/portada\/wp-json\/wp\/v2\/types\/post"}],"author":[{"embeddable":true,"href":"https:\/\/www.opinionpublica.tv\/portada\/wp-json\/wp\/v2\/users\/6"}],"replies":[{"embeddable":true,"href":"https:\/\/www.opinionpublica.tv\/portada\/wp-json\/wp\/v2\/comments?post=43599"}],"version-history":[{"count":5,"href":"https:\/\/www.opinionpublica.tv\/portada\/wp-json\/wp\/v2\/posts\/43599\/revisions"}],"predecessor-version":[{"id":43604,"href":"https:\/\/www.opinionpublica.tv\/portada\/wp-json\/wp\/v2\/posts\/43599\/revisions\/43604"}],"wp:featuredmedia":[{"embeddable":true,"href":"https:\/\/www.opinionpublica.tv\/portada\/wp-json\/wp\/v2\/media\/43347"}],"wp:attachment":[{"href":"https:\/\/www.opinionpublica.tv\/portada\/wp-json\/wp\/v2\/media?parent=43599"}],"wp:term":[{"taxonomy":"category","embeddable":true,"href":"https:\/\/www.opinionpublica.tv\/portada\/wp-json\/wp\/v2\/categories?post=43599"},{"taxonomy":"post_tag","embeddable":true,"href":"https:\/\/www.opinionpublica.tv\/portada\/wp-json\/wp\/v2\/tags?post=43599"}],"curies":[{"name":"wp","href":"https:\/\/api.w.org\/{rel}","templated":true}]}}