{"id":43590,"date":"2024-09-26T00:01:00","date_gmt":"2024-09-26T06:01:00","guid":{"rendered":"https:\/\/www.opinionpublica.tv\/portada\/?p=43590"},"modified":"2024-09-25T19:40:31","modified_gmt":"2024-09-26T01:40:31","slug":"vinculan-a-53-estudiantes-del-conalep-juarez-en-el-ambito-laboral-con-modelo-de-educacion-dual","status":"publish","type":"post","link":"https:\/\/www.opinionpublica.tv\/portada\/vinculan-a-53-estudiantes-del-conalep-juarez-en-el-ambito-laboral-con-modelo-de-educacion-dual\/","title":{"rendered":"Vinculan a 53 estudiantes del Conalep Ju\u00e1rez en el \u00e1mbito laboral con Modelo de Educaci\u00f3n Dual"},"content":{"rendered":"\n<figure class=\"wp-block-image size-large\"><img fetchpriority=\"high\" decoding=\"async\" width=\"1024\" height=\"770\" src=\"https:\/\/www.opinionpublica.tv\/portada\/wp-content\/uploads\/2024\/09\/Conalep-Juarez-ambito-laboral-con-Modelo-de-Educacion-Dual-1024x770.jpeg\" alt=\"Conalep Juarez Ambito Laboral Con Modelo De Educacion Dual\" class=\"wp-image-43591\" srcset=\"https:\/\/www.opinionpublica.tv\/portada\/wp-content\/uploads\/2024\/09\/Conalep-Juarez-ambito-laboral-con-Modelo-de-Educacion-Dual-1024x770.jpeg 1024w, https:\/\/www.opinionpublica.tv\/portada\/wp-content\/uploads\/2024\/09\/Conalep-Juarez-ambito-laboral-con-Modelo-de-Educacion-Dual-300x226.jpeg 300w, https:\/\/www.opinionpublica.tv\/portada\/wp-content\/uploads\/2024\/09\/Conalep-Juarez-ambito-laboral-con-Modelo-de-Educacion-Dual-768x578.jpeg 768w, https:\/\/www.opinionpublica.tv\/portada\/wp-content\/uploads\/2024\/09\/Conalep-Juarez-ambito-laboral-con-Modelo-de-Educacion-Dual.jpeg 1280w\" sizes=\"(max-width: 1024px) 100vw, 1024px\" \/><\/figure>\n\n\n\n<p class=\"wp-block-paragraph\"><em>Ciudad Ju\u00e1rez, Chih<\/em>.- Un total de 53 estudiantes de diversos planteles del Colegio de Educaci\u00f3n Profesional T\u00e9cnica (Conalep) de Ciudad Ju\u00e1rez, han sido vinculados al campo laboral mediante el Modelo de Educaci\u00f3n Dual (iniciativa que integra la teor\u00eda y la pr\u00e1ctica), como parte de su formaci\u00f3n integral.<\/p>\n\n\n\n<p class=\"wp-block-paragraph\">En el marco del Foro Nacional de la especialidad que se llev\u00f3 a cabo en la empresa Robert Bosch, donde participaron empresas manufactureras y c\u00e1maras empresariales, el director general del Conalep, Eloy Garc\u00eda Tar\u00edn, dijo que son varias las empresas que trabajan bajo esta din\u00e1mica.<\/p>\n\n\n\n<p class=\"wp-block-paragraph\">Extern\u00f3 que, de los 53 estudiantes integrados a este Modelo, 30 realizan sus estad\u00edas precisamente en la compa\u00f1\u00eda Bosch.<\/p>\n\n\n\n<p class=\"wp-block-paragraph\">\u201cSiguiendo la pol\u00edtica de la actual administraci\u00f3n estatal, de fomentar los mecanismos para que nuestros j\u00f3venes salgan mejor preparados y tengan mejores oportunidades en el campo laboral, es que desarrollamos este Foro en Ciudad Ju\u00e1rez\u201d, a\u00f1adi\u00f3 el funcionario estatal.<\/p>\n\n\n\n<p class=\"wp-block-paragraph\">Se\u00f1al\u00f3 que la participaci\u00f3n de empresas y c\u00e1maras empresariales, permitir\u00e1 generar una sinergia mayor en la comunicaci\u00f3n sobre lo que significa este sistema y la posibilidad de tener mayores espacios de participaci\u00f3n en el sector productivo con estudiantes del Conalep.<\/p>\n\n\n\n<p class=\"wp-block-paragraph\">El subsecretario de Educaci\u00f3n Media Superior y Superior, Guillermo M\u00e1rquez Lizalde, agradeci\u00f3 la apertura de Bosch para la implementaci\u00f3n del Modelo Dual, que hace que los j\u00f3venes adquieran una mayor competitividad.<\/p>\n\n\n\n<p class=\"wp-block-paragraph\">\u00d3scar Ib\u00e1\u00f1ez Hern\u00e1ndez, representante de la gobernadora Maru Campos en Ciudad Ju\u00e1rez, subray\u00f3 que el sistema se consolida con base en la participaci\u00f3n comprometida de las empresas y en la medida en que m\u00e1s compa\u00f1\u00edas se involucren.<\/p>\n\n\n\n<p class=\"wp-block-paragraph\">Dentro de las actividades programadas en este Foro, se conformaron mesas de trabajo y se imparti\u00f3 la Conferencia \u201cFormaci\u00f3n Dual en Conalep\u201d por Camilo Garc\u00eda Ram\u00edrez, secretario general del Conalep.<\/p>\n\n\n\n<p class=\"wp-block-paragraph\">La clausura estuvo a cargo del subsecretario de Educaci\u00f3n de la Zona Norte, Maurilio Fuentes Estrada, quien reiter\u00f3 la importancia de formar estudiantes de calidad con las exigencias que el mundo laboral actualmente plantea.<\/p>\n\n\n\n<p class=\"wp-block-paragraph\"><\/p>\n","protected":false},"excerpt":{"rendered":"<p>Ciudad Ju\u00e1rez, Chih.- Un total de 53 estudiantes de diversos planteles del Colegio de Educaci\u00f3n Profesional T\u00e9cnica (Conalep) de Ciudad Ju\u00e1rez, han sido vinculados al campo laboral mediante el Modelo de Educaci\u00f3n Dual (iniciativa que integra la teor\u00eda y la pr\u00e1ctica), como parte de su formaci\u00f3n integral. En el marco del Foro Nacional de la [&hellip;]<\/p>\n","protected":false},"author":6,"featured_media":43591,"comment_status":"open","ping_status":"open","sticky":false,"template":"","format":"standard","meta":{"_acf_changed":false,"_monsterinsights_skip_tracking":false,"slim_seo":{"title":"Vinculan a 53 estudiantes del Conalep Ju\u00e1rez en el \u00e1mbito laboral con Modelo de Educaci\u00f3n Dual - Opini\u00f3n P\u00fablica","description":"Ciudad Ju\u00e1rez, Chih .- Un total de 53 estudiantes de diversos planteles del Colegio de Educaci\u00f3n Profesional T\u00e9cnica (Conalep) de Ciudad Ju\u00e1rez, han sido vincul"},"footnotes":""},"categories":[11],"tags":[996],"class_list":["post-43590","post","type-post","status-publish","format-standard","has-post-thumbnail","hentry","category-tendencias","tag-conalep-juarez"],"acf":[],"_links":{"self":[{"href":"https:\/\/www.opinionpublica.tv\/portada\/wp-json\/wp\/v2\/posts\/43590","targetHints":{"allow":["GET"]}}],"collection":[{"href":"https:\/\/www.opinionpublica.tv\/portada\/wp-json\/wp\/v2\/posts"}],"about":[{"href":"https:\/\/www.opinionpublica.tv\/portada\/wp-json\/wp\/v2\/types\/post"}],"author":[{"embeddable":true,"href":"https:\/\/www.opinionpublica.tv\/portada\/wp-json\/wp\/v2\/users\/6"}],"replies":[{"embeddable":true,"href":"https:\/\/www.opinionpublica.tv\/portada\/wp-json\/wp\/v2\/comments?post=43590"}],"version-history":[{"count":2,"href":"https:\/\/www.opinionpublica.tv\/portada\/wp-json\/wp\/v2\/posts\/43590\/revisions"}],"predecessor-version":[{"id":43593,"href":"https:\/\/www.opinionpublica.tv\/portada\/wp-json\/wp\/v2\/posts\/43590\/revisions\/43593"}],"wp:featuredmedia":[{"embeddable":true,"href":"https:\/\/www.opinionpublica.tv\/portada\/wp-json\/wp\/v2\/media\/43591"}],"wp:attachment":[{"href":"https:\/\/www.opinionpublica.tv\/portada\/wp-json\/wp\/v2\/media?parent=43590"}],"wp:term":[{"taxonomy":"category","embeddable":true,"href":"https:\/\/www.opinionpublica.tv\/portada\/wp-json\/wp\/v2\/categories?post=43590"},{"taxonomy":"post_tag","embeddable":true,"href":"https:\/\/www.opinionpublica.tv\/portada\/wp-json\/wp\/v2\/tags?post=43590"}],"curies":[{"name":"wp","href":"https:\/\/api.w.org\/{rel}","templated":true}]}}