{"id":43581,"date":"2024-09-26T00:01:00","date_gmt":"2024-09-26T06:01:00","guid":{"rendered":"https:\/\/www.opinionpublica.tv\/portada\/?p=43581"},"modified":"2024-09-25T19:33:09","modified_gmt":"2024-09-26T01:33:09","slug":"se-suma-gobernadora-maru-campos-a-encuentro-con-el-movimiento-estatal-de-mujeres","status":"publish","type":"post","link":"https:\/\/www.opinionpublica.tv\/portada\/se-suma-gobernadora-maru-campos-a-encuentro-con-el-movimiento-estatal-de-mujeres\/","title":{"rendered":"Se suma Maru Campos a encuentro del Movimiento Estatal de Mujeres"},"content":{"rendered":"\n<figure class=\"wp-block-image size-large\"><img fetchpriority=\"high\" decoding=\"async\" width=\"1024\" height=\"682\" src=\"https:\/\/www.opinionpublica.tv\/portada\/wp-content\/uploads\/2024\/09\/Se-suma-gobernadora-Maru-Campos-a-encuentro-con-el-Movimiento-Estatal-de-Mujeres-1024x682.jpeg\" alt=\"Se Suma Gobernadora Maru Campos\u00a0 A Encuentro Con El Movimiento Estatal De Mujeres\" class=\"wp-image-43582\" srcset=\"https:\/\/www.opinionpublica.tv\/portada\/wp-content\/uploads\/2024\/09\/Se-suma-gobernadora-Maru-Campos-a-encuentro-con-el-Movimiento-Estatal-de-Mujeres-1024x682.jpeg 1024w, https:\/\/www.opinionpublica.tv\/portada\/wp-content\/uploads\/2024\/09\/Se-suma-gobernadora-Maru-Campos-a-encuentro-con-el-Movimiento-Estatal-de-Mujeres-300x200.jpeg 300w, https:\/\/www.opinionpublica.tv\/portada\/wp-content\/uploads\/2024\/09\/Se-suma-gobernadora-Maru-Campos-a-encuentro-con-el-Movimiento-Estatal-de-Mujeres-768x512.jpeg 768w, https:\/\/www.opinionpublica.tv\/portada\/wp-content\/uploads\/2024\/09\/Se-suma-gobernadora-Maru-Campos-a-encuentro-con-el-Movimiento-Estatal-de-Mujeres-1536x1023.jpeg 1536w, https:\/\/www.opinionpublica.tv\/portada\/wp-content\/uploads\/2024\/09\/Se-suma-gobernadora-Maru-Campos-a-encuentro-con-el-Movimiento-Estatal-de-Mujeres.jpeg 1600w\" sizes=\"(max-width: 1024px) 100vw, 1024px\" \/><\/figure>\n\n\n\n<p class=\"wp-block-paragraph\"><em>Chihuahua, Chih<\/em>.- La gobernadora Maru Campos se sum\u00f3 al encuentro con el Movimiento Estatal de Mujeres (MEM), que de manera peri\u00f3dica el colectivo sostiene con el secretario general de Gobierno, Santiago De la Pe\u00f1a.<\/p>\n\n\n\n<p class=\"wp-block-paragraph\">Este encuentro se realiza con el fin de dar seguimiento a las acciones que se llevan a cabo en colaboraci\u00f3n con el Gobierno del Estado, en beneficio de las chihuahuenses.<\/p>\n\n\n\n<p class=\"wp-block-paragraph\">La mandataria estatal afirm\u00f3 que desde la administraci\u00f3n estatal, se trabaja en acciones dirigidas a las mujeres en diversas \u00e1reas prioritarias, como salud, prevenci\u00f3n de la violencia y la defensa de los derechos humanos.<\/p>\n\n\n\n<p class=\"wp-block-paragraph\">En el di\u00e1logo estuvieron presentes por parte del MEM, Imelda Marrufo, Elvira Villareal, Graciela Ramos, Martha Gonz\u00e1lez, \u00c9lida Hern\u00e1ndez, Mar\u00eda Luisa Salazar y Rosa Mar\u00eda S\u00e1enz Herrera.<\/p>\n\n\n\n<p class=\"wp-block-paragraph\">El MEM es un grupo de mujeres, que pertenecen a distintos diversos grupos reivindicativos de derechos humanos y feministas.<\/p>\n\n\n\n<p class=\"wp-block-paragraph\"><\/p>\n","protected":false},"excerpt":{"rendered":"<p>Chihuahua, Chih.- La gobernadora Maru Campos se sum\u00f3 al encuentro con el Movimiento Estatal de Mujeres (MEM), que de manera peri\u00f3dica el colectivo sostiene con el secretario general de Gobierno, Santiago De la Pe\u00f1a. Este encuentro se realiza con el fin de dar seguimiento a las acciones que se llevan a cabo en colaboraci\u00f3n con [&hellip;]<\/p>\n","protected":false},"author":6,"featured_media":43582,"comment_status":"open","ping_status":"open","sticky":false,"template":"","format":"standard","meta":{"_acf_changed":false,"_monsterinsights_skip_tracking":false,"slim_seo":{"title":"Se suma Maru Campos a encuentro del Movimiento Estatal de Mujeres - Opini\u00f3n P\u00fablica","description":"Chihuahua, Chih .- La gobernadora Maru Campos se sum\u00f3 al encuentro con el Movimiento Estatal de Mujeres (MEM), que de manera peri\u00f3dica el colectivo sostiene con"},"footnotes":""},"categories":[11],"tags":[199],"class_list":["post-43581","post","type-post","status-publish","format-standard","has-post-thumbnail","hentry","category-tendencias","tag-maru-campos"],"acf":[],"_links":{"self":[{"href":"https:\/\/www.opinionpublica.tv\/portada\/wp-json\/wp\/v2\/posts\/43581","targetHints":{"allow":["GET"]}}],"collection":[{"href":"https:\/\/www.opinionpublica.tv\/portada\/wp-json\/wp\/v2\/posts"}],"about":[{"href":"https:\/\/www.opinionpublica.tv\/portada\/wp-json\/wp\/v2\/types\/post"}],"author":[{"embeddable":true,"href":"https:\/\/www.opinionpublica.tv\/portada\/wp-json\/wp\/v2\/users\/6"}],"replies":[{"embeddable":true,"href":"https:\/\/www.opinionpublica.tv\/portada\/wp-json\/wp\/v2\/comments?post=43581"}],"version-history":[{"count":5,"href":"https:\/\/www.opinionpublica.tv\/portada\/wp-json\/wp\/v2\/posts\/43581\/revisions"}],"predecessor-version":[{"id":43589,"href":"https:\/\/www.opinionpublica.tv\/portada\/wp-json\/wp\/v2\/posts\/43581\/revisions\/43589"}],"wp:featuredmedia":[{"embeddable":true,"href":"https:\/\/www.opinionpublica.tv\/portada\/wp-json\/wp\/v2\/media\/43582"}],"wp:attachment":[{"href":"https:\/\/www.opinionpublica.tv\/portada\/wp-json\/wp\/v2\/media?parent=43581"}],"wp:term":[{"taxonomy":"category","embeddable":true,"href":"https:\/\/www.opinionpublica.tv\/portada\/wp-json\/wp\/v2\/categories?post=43581"},{"taxonomy":"post_tag","embeddable":true,"href":"https:\/\/www.opinionpublica.tv\/portada\/wp-json\/wp\/v2\/tags?post=43581"}],"curies":[{"name":"wp","href":"https:\/\/api.w.org\/{rel}","templated":true}]}}