{"id":43535,"date":"2024-09-26T00:01:00","date_gmt":"2024-09-26T06:01:00","guid":{"rendered":"https:\/\/www.opinionpublica.tv\/portada\/?p=43535"},"modified":"2024-09-25T16:41:25","modified_gmt":"2024-09-25T22:41:25","slug":"pide-seguridad-vial-a-tomar-precauciones-por-obras-de-paso-a-nivel-en-la-vicente-guerrero","status":"publish","type":"post","link":"https:\/\/www.opinionpublica.tv\/portada\/pide-seguridad-vial-a-tomar-precauciones-por-obras-de-paso-a-nivel-en-la-vicente-guerrero\/","title":{"rendered":"Piden tomar precauciones por obras de paso a nivel en la Vicente Guerrero"},"content":{"rendered":"\n<figure class=\"wp-block-image size-full\"><img fetchpriority=\"high\" decoding=\"async\" width=\"980\" height=\"617\" src=\"https:\/\/www.opinionpublica.tv\/portada\/wp-content\/uploads\/2024\/09\/Paso-a-desnivel-Av-Vicente-Guerrero-.jpg\" alt=\"Paso A Desnivel Av Vicente Guerrero\" class=\"wp-image-43536\" srcset=\"https:\/\/www.opinionpublica.tv\/portada\/wp-content\/uploads\/2024\/09\/Paso-a-desnivel-Av-Vicente-Guerrero-.jpg 980w, https:\/\/www.opinionpublica.tv\/portada\/wp-content\/uploads\/2024\/09\/Paso-a-desnivel-Av-Vicente-Guerrero--300x189.jpg 300w, https:\/\/www.opinionpublica.tv\/portada\/wp-content\/uploads\/2024\/09\/Paso-a-desnivel-Av-Vicente-Guerrero--768x484.jpg 768w\" sizes=\"(max-width: 980px) 100vw, 980px\" \/><\/figure>\n\n\n\n<p class=\"wp-block-paragraph\"><em>Ciudad Ju\u00e1rez, Chih<\/em>.- Luego de que se anunciar\u00e1 el cierre sobre la avenida Vicente Guerrero, desde la calle Ignacio Mariscal hasta la calle Constituci\u00f3n, para iniciar las obras por parte del Ferrocarril Mexicano, la Coordinaci\u00f3n General de Seguridad Vial pide a la ciudadan\u00eda extremar precauciones al conducir por la Zona Centro de la ciudad.<\/p>\n\n\n\n<p class=\"wp-block-paragraph\">Por lo anterior y a fin de permitir un mejor desarrollo del tr\u00e1nsito habitual, se estar\u00e1 desviando a los conductores que circulan sobre la calle Miguel Hidalgo hacia la Ignacio Manuel Altamirano, la calle Melchor Ocampo o la Santos Degollado, hasta llegar a la calle Joaqu\u00edn Castellanos Terrazas y luego dirigirse a la avenida De los Insurgentes.<\/p>\n\n\n\n<p class=\"wp-block-paragraph\">De la misma manera, quienes viajen desde este punto de la ciudad y requieran moverse por la avenida Vicente Guerrero, podr\u00e1n hacerlo accesando a este trayecto por la calle Constituci\u00f3n, la calle Emilia Calvillo o la calle An\u00e1huac, desde la avenida De los Insurgentes.<\/p>\n\n\n\n<p class=\"wp-block-paragraph\">Para quienes se desplazan por la calle Miguel Hidalgo y luego toman la calle Ignacio Mariscal, tendr\u00e1n como opci\u00f3n dar vuelta en la calle Francisco Javier Mina y luego incorporarse a la avenida De los Insurgentes para continuar con su recorrido hacia el este de la ciudad.<\/p>\n\n\n\n<p class=\"wp-block-paragraph\">A los conductores que utilizan la avenida Francisco Villa para trasladarse de un punto a otro, se les sugiere tomar la calle Ignacio Mej\u00eda y posteriormente la Sebasti\u00e1n Lerdo de Tejada para despu\u00e9s incorporarse al Eje Vial Juan Gabriel o tomar la avenida De los Insurgentes hasta llegar a la calle 5 de Febrero para continuar con su recorrido.<\/p>\n\n\n\n<p class=\"wp-block-paragraph\">Asimismo, para quienes desde esa ruta busquen tomar la avenida Vicente Guerrero, podr\u00e1n hacerlo dando vuelta sobre la calle Ignacio Mej\u00eda y luego la calle Francisco I. Madero hasta llegar al Monumento a Benito Ju\u00e1rez.<\/p>\n\n\n\n<p class=\"wp-block-paragraph\">Quienes pretendan viajar hacia el norte hasta la avenida Francisco Villa, desde la calle 5 de Febrero o mejor conocida como la zona de la pila de la Chave\u00f1a, deber\u00e1n desplazarse hasta la avenida De los Insurgentes para luego tomar la calle Constituci\u00f3n, luego la calle Hermenegildo Galeana para posteriormente integrarse, sobre la calle Manuel Bernal a la avenida Francisco Villa. Incluso si salen desde la avenida Paso Del Norte para trasladarse hasta esa avenida podr\u00e1n utilizar la ruta antes mencionada.<\/p>\n\n\n\n<p class=\"wp-block-paragraph\">El estacionamiento del Mercado Reforma estar\u00e1 abierto y los proveedores podr\u00e1n ingresar por Vicente Guerrero y Mariscal, hasta la calle Velarde.<\/p>\n\n\n\n<p class=\"wp-block-paragraph\">Aunque el arranque de obras est\u00e1 previsto para este jueves 26 de septiembre a partir de las 11:00 de la ma\u00f1ana, en el lugar habr\u00e1 agentes de esta dependencia municipal en un operativo especial para supervisar el tr\u00e1fico vehicular desde las 8:00 de la ma\u00f1ana.<\/p>\n\n\n\n<p class=\"wp-block-paragraph\">El despliegue contar\u00e1 con la participaci\u00f3n de 30 polic\u00edas viales y 10 motocicletas colocados en los principales puntos de la obra en un horario de 06:00 a 20:00 horas durante el tiempo que perduren los trabajos. Despu\u00e9s de ese horario considerado el de mayor aglomeraci\u00f3n vehicular, los agentes atender\u00e1n los puntos m\u00e1s cr\u00edticos con el objetivo de desahogar la zona. Ante esto, Seguridad Vial recomienda considerar los tiempos de traslado entre un punto y otro, de ser posible tomar v\u00edas alternas y salir con antelaci\u00f3n de sus hogares a fin de evitar contratiempos, siempre ceder el paso, cambiar de carril con anticipaci\u00f3n, utilizar las luces direccionales, ser cordial con otros conductores, seguir las indicaciones de los agentes de vialidad, as\u00ed como respetar los l\u00edmites de velocidad y otros se\u00f1alamientos viales.<\/p>\n\n\n\n<p class=\"wp-block-paragraph\"><\/p>\n","protected":false},"excerpt":{"rendered":"<p>Ciudad Ju\u00e1rez, Chih.- Luego de que se anunciar\u00e1 el cierre sobre la avenida Vicente Guerrero, desde la calle Ignacio Mariscal hasta la calle Constituci\u00f3n, para iniciar las obras por parte del Ferrocarril Mexicano, la Coordinaci\u00f3n General de Seguridad Vial pide a la ciudadan\u00eda extremar precauciones al conducir por la Zona Centro de la ciudad. Por [&hellip;]<\/p>\n","protected":false},"author":6,"featured_media":43536,"comment_status":"open","ping_status":"open","sticky":false,"template":"","format":"standard","meta":{"_acf_changed":false,"_monsterinsights_skip_tracking":false,"slim_seo":{"title":"Piden tomar precauciones por obras de paso a nivel en la Vicente Guerrero - Opini\u00f3n P\u00fablica","description":"Ciudad Ju\u00e1rez, Chih .- Luego de que se anunciar\u00e1 el cierre sobre la avenida Vicente Guerrero, desde la calle Ignacio Mariscal hasta la calle Constituci\u00f3n, para"},"footnotes":""},"categories":[41],"tags":[],"class_list":["post-43535","post","type-post","status-publish","format-standard","has-post-thumbnail","hentry","category-juarez"],"acf":[],"_links":{"self":[{"href":"https:\/\/www.opinionpublica.tv\/portada\/wp-json\/wp\/v2\/posts\/43535","targetHints":{"allow":["GET"]}}],"collection":[{"href":"https:\/\/www.opinionpublica.tv\/portada\/wp-json\/wp\/v2\/posts"}],"about":[{"href":"https:\/\/www.opinionpublica.tv\/portada\/wp-json\/wp\/v2\/types\/post"}],"author":[{"embeddable":true,"href":"https:\/\/www.opinionpublica.tv\/portada\/wp-json\/wp\/v2\/users\/6"}],"replies":[{"embeddable":true,"href":"https:\/\/www.opinionpublica.tv\/portada\/wp-json\/wp\/v2\/comments?post=43535"}],"version-history":[{"count":4,"href":"https:\/\/www.opinionpublica.tv\/portada\/wp-json\/wp\/v2\/posts\/43535\/revisions"}],"predecessor-version":[{"id":43543,"href":"https:\/\/www.opinionpublica.tv\/portada\/wp-json\/wp\/v2\/posts\/43535\/revisions\/43543"}],"wp:featuredmedia":[{"embeddable":true,"href":"https:\/\/www.opinionpublica.tv\/portada\/wp-json\/wp\/v2\/media\/43536"}],"wp:attachment":[{"href":"https:\/\/www.opinionpublica.tv\/portada\/wp-json\/wp\/v2\/media?parent=43535"}],"wp:term":[{"taxonomy":"category","embeddable":true,"href":"https:\/\/www.opinionpublica.tv\/portada\/wp-json\/wp\/v2\/categories?post=43535"},{"taxonomy":"post_tag","embeddable":true,"href":"https:\/\/www.opinionpublica.tv\/portada\/wp-json\/wp\/v2\/tags?post=43535"}],"curies":[{"name":"wp","href":"https:\/\/api.w.org\/{rel}","templated":true}]}}