{"id":43524,"date":"2024-09-27T00:01:00","date_gmt":"2024-09-27T06:01:00","guid":{"rendered":"https:\/\/www.opinionpublica.tv\/portada\/?p=43524"},"modified":"2024-09-25T14:41:01","modified_gmt":"2024-09-25T20:41:01","slug":"efemerides-27-de-septiembre-10","status":"publish","type":"post","link":"https:\/\/www.opinionpublica.tv\/portada\/efemerides-27-de-septiembre-10\/","title":{"rendered":"Efem\u00e9rides 27 de septiembre"},"content":{"rendered":"\n<figure class=\"wp-block-image size-large\"><img fetchpriority=\"high\" decoding=\"async\" width=\"1024\" height=\"640\" src=\"https:\/\/www.opinionpublica.tv\/portada\/wp-content\/uploads\/2024\/09\/Entrada-del-Ejercito-Trigarante-en-1821-1024x640.jpg\" alt=\"Entrada Del Ejercito Trigarante En 1821\" class=\"wp-image-43525\" srcset=\"https:\/\/www.opinionpublica.tv\/portada\/wp-content\/uploads\/2024\/09\/Entrada-del-Ejercito-Trigarante-en-1821-1024x640.jpg 1024w, https:\/\/www.opinionpublica.tv\/portada\/wp-content\/uploads\/2024\/09\/Entrada-del-Ejercito-Trigarante-en-1821-300x187.jpg 300w, https:\/\/www.opinionpublica.tv\/portada\/wp-content\/uploads\/2024\/09\/Entrada-del-Ejercito-Trigarante-en-1821-768x480.jpg 768w, https:\/\/www.opinionpublica.tv\/portada\/wp-content\/uploads\/2024\/09\/Entrada-del-Ejercito-Trigarante-en-1821.jpg 1140w\" sizes=\"(max-width: 1024px) 100vw, 1024px\" \/><\/figure>\n\n\n\n<p class=\"wp-block-paragraph\"><em>Un d\u00eda 27 de septiembre como hoy, pero de 1821, la entrada triunfal del Ej\u00e9rcito Trigarante en Ciudad de M\u00e9xico, al mando de Agust\u00edn de Iturbide, consuma la independencia mexicana, que Espa\u00f1a reconocer\u00e1 hasta 1836.<\/em><\/p>\n\n\n\n<p class=\"wp-block-paragraph\"><strong>Otras efem\u00e9rides<\/strong><\/p>\n\n\n\n<p class=\"wp-block-paragraph\">1545.- C\u00e9dula de Carlos I de Espa\u00f1a que concede el t\u00edtulo de \u00abLeal Ciudad de San Salvador\u00bb a la capital de la Rep\u00fablica de El Salvador.<\/p>\n\n\n\n<p class=\"wp-block-paragraph\">1822.- Firma de un tratado entre Guatemala y M\u00e9xico, por el que se fijan definitivamente las fronteras entre ambos pa\u00edses.<\/p>\n\n\n\n<p class=\"wp-block-paragraph\">1940.- Firma del acuerdo militar tripartito entre Alemania, Italia y Jap\u00f3n. Los tres pa\u00edses se convierten en las llamadas \u00abpotencias del Eje\u00bb.<\/p>\n\n\n\n<p class=\"wp-block-paragraph\">1955.- Espa\u00f1a solicita el ingreso en la Organizaci\u00f3n de las Naciones Unidas (ONU).<\/p>\n\n\n\n<p class=\"wp-block-paragraph\">1962.- Instaurada la Rep\u00fablica \u00c1rabe de Yemen.<\/p>\n\n\n\n<p class=\"wp-block-paragraph\">1967.- Argentina reclama en la ONU la devoluci\u00f3n de las islas Malvinas.<\/p>\n\n\n\n<p class=\"wp-block-paragraph\">1964.- La Comisi\u00f3n Warren hace p\u00fablico el informe sobre el asesinato de John F. Kennedy, seg\u00fan el cual Harvey Oswald es el \u00fanico responsable del atentado de Dallas.<\/p>\n\n\n\n<p class=\"wp-block-paragraph\">1970.- El rey Husein y Yaser Arafat firman en El Cairo un acuerdo que pone fin a los enfrentamientos armados en Jordania, entre jordanos y palestinos.<\/p>\n\n\n\n<p class=\"wp-block-paragraph\">1987.- En Colombia, m\u00e1s de 600 personas mueren en un alud de rocas y lodo en un barrio del este de la ciudad de Medell\u00edn.<\/p>\n\n\n\n<p class=\"wp-block-paragraph\">1989.- Ecuador: El Gobierno decreta el estado de emergencia nacional por la huelga de trabajadores de la petrolera Texaco.<\/p>\n\n\n\n<p class=\"wp-block-paragraph\">1991.- El Parlamento griego conmemora, a los pies de la Acr\u00f3polis ateniense, los 2 mil 500 a\u00f1os del establecimiento de los principios de la democracia por parte de Cl\u00edstines en la Atenas Antigua.<\/p>\n\n\n\n<p class=\"wp-block-paragraph\">1992.- Ruman\u00eda celebra elecciones presidenciales y parlamentarias en las que triunfa Ion Iliescu y su partido, el Frente Democr\u00e1tico de Salvaci\u00f3n Nacional.<\/p>\n\n\n\n<p class=\"wp-block-paragraph\">1996.- En Afganist\u00e1n, la facci\u00f3n islamista talib\u00e1n toma Kabul, ejecuta al ex presidente comunista Mohamed Nayibul\u00e1 e impone la ley isl\u00e1mica.<\/p>\n\n\n\n<p class=\"wp-block-paragraph\">1998.- En Alemania, el socialdem\u00f3crata Gerhard Schroeder se proclama vencedor de las elecciones generales, despu\u00e9s de 16 a\u00f1os de gobierno del cristianodem\u00f3crata Hemult Kohl.<\/p>\n\n\n\n<p class=\"wp-block-paragraph\">2003.- La Uni\u00f3n Europea (UE), a trav\u00e9s de la Agencia Europea del Espacio (ESA) lanza desde Kourou, en la Guayana Francesa, la sonda SMART-1, su primera misi\u00f3n a la Luna.<\/p>\n\n\n\n<p class=\"wp-block-paragraph\">2005.- La soldado norteamericana Lynndie England es condenada a 3 a\u00f1os de prisi\u00f3n por las torturas cometidas en la c\u00e1rcel iraqu\u00ed de Abu Ghraib.<\/p>\n\n\n\n<p class=\"wp-block-paragraph\">2007.- La sonda espacial Dawn inicia su viaje hacia los asteroides Vesta y Ceres, en el l\u00edmite del Sistema Solar.<\/p>\n\n\n\n<p class=\"wp-block-paragraph\">2008.- El astronauta Zhai Zhigang, comandante de la misi\u00f3n \u00abShenzhou VII\u00bb, convierte a China en el tercer pa\u00eds, despu\u00e9s de Estados Unidos y Rusia, en efectuar un \u00abpaseo espacial\u00bb.<\/p>\n\n\n\n<p class=\"wp-block-paragraph\">2012.- El robot Curiosity proporciona la primera prueba de que hubo agua en Marte.<\/p>\n\n\n\n<p class=\"wp-block-paragraph\">2013.- Hist\u00f3rica conversaci\u00f3n entre los presidente de EEUU, Barack Obama, e Ir\u00e1n, Hasan Rohan\u00ed. Es la primera entre los m\u00e1ximos l\u00edderes de ambos pa\u00edses desde 1979, sobre el programa nuclear iran\u00ed.<\/p>\n\n\n\n<p class=\"wp-block-paragraph\">2016.- Am\u00e9rica se convierte en la primera regi\u00f3n del mundo en eliminar la transmisi\u00f3n end\u00e9mica del sarampi\u00f3n.<\/p>\n\n\n\n<p class=\"wp-block-paragraph\">2017.- La Interpol aprueba el ingreso de Palestina como pa\u00eds miembro.<\/p>\n\n\n\n<p class=\"wp-block-paragraph\">2019.- Venezuela se convierte en el primer pa\u00eds latinoamericano que ser\u00e1 investigado por el Consejo de Derechos Humanos de la ONU.<\/p>\n\n\n\n<p class=\"wp-block-paragraph\">2021.- Muere el artista pl\u00e1stico nicarag\u00fcense Arnoldo Guill\u00e9n, escultor de algunos de los monumentos m\u00e1s representativos de Managua.<\/p>\n\n\n\n<p class=\"wp-block-paragraph\">Nacimientos<\/p>\n\n\n\n<p class=\"wp-block-paragraph\">1722.- Samuel Adams, uno de los padres de la independencia de EEUU.<\/p>\n\n\n\n<p class=\"wp-block-paragraph\">1783.- Agust\u00edn de Iturbide, emperador de M\u00e9xico.<\/p>\n\n\n\n<p class=\"wp-block-paragraph\">1871.- Grazia Deledda, escritora italiana, segunda mujer en ganar el Nobel de literatura, en 1926.<\/p>\n\n\n\n<p class=\"wp-block-paragraph\">1922.- Arthur Penn, director estadounidense de cine y teatro.<\/p>\n\n\n\n<p class=\"wp-block-paragraph\">1937.- Jos\u00e9 Sacrist\u00e1n, actor espa\u00f1ol.<\/p>\n\n\n\n<p class=\"wp-block-paragraph\">1943.- Amadeo de Saboya-Aosta, heredero de la dinast\u00eda italiana.<\/p>\n\n\n\n<p class=\"wp-block-paragraph\">1972.- Gwyneth Paltrow, actriz norteamericana.<\/p>\n\n\n\n<p class=\"wp-block-paragraph\">Defunciones<\/p>\n\n\n\n<p class=\"wp-block-paragraph\">1910.- Jorge Ch\u00e1vez, aviador peruano, el primero que sobrevol\u00f3 los Alpes en avi\u00f3n.<\/p>\n\n\n\n<p class=\"wp-block-paragraph\">1917.- Edgar Degas, pintor franc\u00e9s.<\/p>\n\n\n\n<p class=\"wp-block-paragraph\">1996.- Mohamed Nayibula, derrocado presidente afgano.<\/p>\n\n\n\n<p class=\"wp-block-paragraph\">2003.- Donald O&#8217;connor, actor estadounidense.<\/p>\n\n\n\n<p class=\"wp-block-paragraph\">2011.- Wilson Greatbatch, estadounidense, inventor del marcapasos.<\/p>\n\n\n\n<p class=\"wp-block-paragraph\">2018.- Marty Balin, m\u00fasico estadounidense.<\/p>\n\n\n\n<p class=\"wp-block-paragraph\"><\/p>\n","protected":false},"excerpt":{"rendered":"<p>Un d\u00eda 27 de septiembre como hoy, pero de 1821, la entrada triunfal del Ej\u00e9rcito Trigarante en Ciudad de M\u00e9xico, al mando de Agust\u00edn de Iturbide, consuma la independencia mexicana, que Espa\u00f1a reconocer\u00e1 hasta 1836. Otras efem\u00e9rides 1545.- C\u00e9dula de Carlos I de Espa\u00f1a que concede el t\u00edtulo de \u00abLeal Ciudad de San Salvador\u00bb a [&hellip;]<\/p>\n","protected":false},"author":6,"featured_media":43525,"comment_status":"open","ping_status":"open","sticky":false,"template":"","format":"standard","meta":{"_acf_changed":false,"_monsterinsights_skip_tracking":false,"slim_seo":{"title":"Efem\u00e9rides 27 de septiembre - Opini\u00f3n P\u00fablica","description":"Un d\u00eda 27 de septiembre como hoy, pero de 1821, la entrada triunfal del Ej\u00e9rcito Trigarante en Ciudad de M\u00e9xico, al mando de Agust\u00edn de Iturbide, consuma la ind"},"footnotes":""},"categories":[27],"tags":[],"class_list":["post-43524","post","type-post","status-publish","format-standard","has-post-thumbnail","hentry","category-un-dia-como-hoy"],"acf":[],"_links":{"self":[{"href":"https:\/\/www.opinionpublica.tv\/portada\/wp-json\/wp\/v2\/posts\/43524","targetHints":{"allow":["GET"]}}],"collection":[{"href":"https:\/\/www.opinionpublica.tv\/portada\/wp-json\/wp\/v2\/posts"}],"about":[{"href":"https:\/\/www.opinionpublica.tv\/portada\/wp-json\/wp\/v2\/types\/post"}],"author":[{"embeddable":true,"href":"https:\/\/www.opinionpublica.tv\/portada\/wp-json\/wp\/v2\/users\/6"}],"replies":[{"embeddable":true,"href":"https:\/\/www.opinionpublica.tv\/portada\/wp-json\/wp\/v2\/comments?post=43524"}],"version-history":[{"count":3,"href":"https:\/\/www.opinionpublica.tv\/portada\/wp-json\/wp\/v2\/posts\/43524\/revisions"}],"predecessor-version":[{"id":43528,"href":"https:\/\/www.opinionpublica.tv\/portada\/wp-json\/wp\/v2\/posts\/43524\/revisions\/43528"}],"wp:featuredmedia":[{"embeddable":true,"href":"https:\/\/www.opinionpublica.tv\/portada\/wp-json\/wp\/v2\/media\/43525"}],"wp:attachment":[{"href":"https:\/\/www.opinionpublica.tv\/portada\/wp-json\/wp\/v2\/media?parent=43524"}],"wp:term":[{"taxonomy":"category","embeddable":true,"href":"https:\/\/www.opinionpublica.tv\/portada\/wp-json\/wp\/v2\/categories?post=43524"},{"taxonomy":"post_tag","embeddable":true,"href":"https:\/\/www.opinionpublica.tv\/portada\/wp-json\/wp\/v2\/tags?post=43524"}],"curies":[{"name":"wp","href":"https:\/\/api.w.org\/{rel}","templated":true}]}}