{"id":43517,"date":"2024-09-26T00:01:00","date_gmt":"2024-09-26T06:01:00","guid":{"rendered":"https:\/\/www.opinionpublica.tv\/portada\/?p=43517"},"modified":"2024-09-25T14:36:08","modified_gmt":"2024-09-25T20:36:08","slug":"efemerides-26-de-septiembre-8","status":"publish","type":"post","link":"https:\/\/www.opinionpublica.tv\/portada\/efemerides-26-de-septiembre-8\/","title":{"rendered":"Efem\u00e9rides 26 de septiembre"},"content":{"rendered":"\n<figure class=\"wp-block-image size-large\"><img fetchpriority=\"high\" decoding=\"async\" width=\"1024\" height=\"680\" src=\"https:\/\/www.opinionpublica.tv\/portada\/wp-content\/uploads\/2024\/09\/Caso-Ayotzinapa-2014-1-1024x680.jpg\" alt=\"Caso Ayotzinapa 2014\" class=\"wp-image-43520\" srcset=\"https:\/\/www.opinionpublica.tv\/portada\/wp-content\/uploads\/2024\/09\/Caso-Ayotzinapa-2014-1-1024x680.jpg 1024w, https:\/\/www.opinionpublica.tv\/portada\/wp-content\/uploads\/2024\/09\/Caso-Ayotzinapa-2014-1-300x199.jpg 300w, https:\/\/www.opinionpublica.tv\/portada\/wp-content\/uploads\/2024\/09\/Caso-Ayotzinapa-2014-1-768x510.jpg 768w, https:\/\/www.opinionpublica.tv\/portada\/wp-content\/uploads\/2024\/09\/Caso-Ayotzinapa-2014-1-1536x1020.jpg 1536w, https:\/\/www.opinionpublica.tv\/portada\/wp-content\/uploads\/2024\/09\/Caso-Ayotzinapa-2014-1-2048x1360.jpg 2048w\" sizes=\"(max-width: 1024px) 100vw, 1024px\" \/><\/figure>\n\n\n\n<p class=\"wp-block-paragraph\"><em>Un d\u00eda 26 de septiembre como hoy, pero de 2014, un grupo de 43 estudiantes de la Normal Rural de Ayotzinapa desaparecen tras varios ataques de grupos armados en el estado de Guerrero.<\/em><\/p>\n\n\n\n<p class=\"wp-block-paragraph\"><strong>Otras efem\u00e9rides<\/strong><\/p>\n\n\n\n<p class=\"wp-block-paragraph\">1810.- Espa\u00f1a pierde la Florida occidental.<\/p>\n\n\n\n<p class=\"wp-block-paragraph\">1905.- El cient\u00edfico alem\u00e1n Albert Einstein publica el primer art\u00edculo sobre la Teor\u00eda de la Relatividad Especial.<\/p>\n\n\n\n<p class=\"wp-block-paragraph\">1907.- Nueva Zelanda deja de ser colonia y se declara en un dominio dentro del territorio brit\u00e1nico, con el rey de Inglaterra como Jefe de Estado.<\/p>\n\n\n\n<p class=\"wp-block-paragraph\">1933.- Un hurac\u00e1n que alcanza la categor\u00eda 5 azota Tampico (M\u00e9xico) y causa miles de muertos.<\/p>\n\n\n\n<p class=\"wp-block-paragraph\">1934.- En Clydebank (Escocia) es botado el trasatl\u00e1ntico brit\u00e1nico Queen Mary.<\/p>\n\n\n\n<p class=\"wp-block-paragraph\">1957.- Estreno en Estados Unidos del musical \u00abWest Side Story\u00bb.<\/p>\n\n\n\n<p class=\"wp-block-paragraph\">1960.- Jonh F. Kennedy y Richard Nixon celebran el primer debate televisivo entre dos candidatos a la Casa Blanca, con 60 millones de audiencia.<\/p>\n\n\n\n<p class=\"wp-block-paragraph\">1961.- El cantautor Bob Dylan debuta en p\u00fablico en Estados Unidos.<\/p>\n\n\n\n<p class=\"wp-block-paragraph\">1965.- \u00abThe Beatles\u00bb son distinguidos por la reina Isabel con la orden del imperio brit\u00e1nico.<\/p>\n\n\n\n<p class=\"wp-block-paragraph\">1968.- Marcelo Caetano asume el cargo de primer ministro en Portugal.<\/p>\n\n\n\n<p class=\"wp-block-paragraph\">1969.- En Bolivia, el general Alfredo Ovando derroca al presidente Luis A. Siles Salinas.<\/p>\n\n\n\n<p class=\"wp-block-paragraph\">1969.- Publican en el Reino Unido \u00abAbbey Road\u00bb, el \u00faltimo \u00e1lbum como conjunto de \u00abThe Beatles\u00bb, que contiene cl\u00e1sicos como \u00abCome together\u00bb y \u00abHere comes the sun\u00bb. Para la revista musical \u00abRolling Stone\u00bb representa uno de los catorce mejores discos de todos los tiempos.<\/p>\n\n\n\n<p class=\"wp-block-paragraph\">1973.- El avi\u00f3n supers\u00f3nico franc\u00e9s Concorde cruza por primera vez el Atl\u00e1ntico sin escalas en tiempo r\u00e9cord.<\/p>\n\n\n\n<p class=\"wp-block-paragraph\">1980.- El cosmonauta cubano de ascendencia afroamericana Arnaldo Tamayo M\u00e9ndez regresa a tierra de un viaje espacial de 8 d\u00edas. Es el primer latinoamericano que viaja al espacio.<\/p>\n\n\n\n<p class=\"wp-block-paragraph\">1984.- Hong Kong, Reino Unido y China acuerdan la cesi\u00f3n de la soberan\u00eda brit\u00e1nica sobre Hong Kong, que se har\u00e1 efectiva en 1997.<\/p>\n\n\n\n<p class=\"wp-block-paragraph\">1989.- En Colombia, el Gobierno y el M-19 firman la entrega de armas y la reinserci\u00f3n de guerrilleros en la vida civil.<\/p>\n\n\n\n<p class=\"wp-block-paragraph\">1997.- El presidente ruso, Boris Yeltsin, firma la ley de libertad de culto, aunque la Iglesia ortodoxa mantiene su situaci\u00f3n de privilegio.<\/p>\n\n\n\n<p class=\"wp-block-paragraph\">2005.- El Ej\u00e9rcito Republicano Irland\u00e9s, IRA, anuncia que ha concluido la destrucci\u00f3n de sus arsenales.<\/p>\n\n\n\n<p class=\"wp-block-paragraph\">2009.- En la crisis nuclear iran\u00ed, el Gobierno de Teher\u00e1n permite que la OIEA visite su planta de enriquecimiento de uranio.<\/p>\n\n\n\n<p class=\"wp-block-paragraph\">2001.- Una comisi\u00f3n investigadora presenta una denuncia constitucional, por traici\u00f3n a la patria, contra el expresidente peruano Alberto Fujimori y 17 exministros.<\/p>\n\n\n\n<p class=\"wp-block-paragraph\">2009.- Se firma en la venezolana isla de Margarita el acuerdo de creaci\u00f3n del Banco del Sur, que integran siete pa\u00edses latinoamericanos: Argentina, Brasil, Bolivia, Paraguay, Uruguay, Venezuela y Ecuador.<\/p>\n\n\n\n<p class=\"wp-block-paragraph\">2010.- En Venezuela, el Partido Socialista Unido (PSUV), del presidente Hugo Ch\u00e1vez, se proclama vencedor de las elecciones, aunque no obtiene la mayor\u00eda necesaria de dos tercios en la Asamblea Nacional.<\/p>\n\n\n\n<p class=\"wp-block-paragraph\">2013.- Confirmada la sentencia de 50 a\u00f1os de prisi\u00f3n al expresidente de Liberia, Charles Taylor.<\/p>\n\n\n\n<p class=\"wp-block-paragraph\">2016.- El Gobierno de Colombia y la guerrilla de las FARC firman en Cartagena el acuerdo de paz.<\/p>\n\n\n\n<p class=\"wp-block-paragraph\">2018.- Cinco pa\u00edses latinoamericanos y Canad\u00e1 oficializan una petici\u00f3n para que la Fiscal\u00eda de la Corte Penal Internacional (CPI) investigue supuestos cr\u00edmenes de lesa humanidad en Venezuela.<\/p>\n\n\n\n<p class=\"wp-block-paragraph\">2020.- El presidente de EE.UU., Donald Trump, designa a la jueza conservadora Amy Coney Barrett para cubrir la vacante que dej\u00f3 en el Tribunal Supremo la fallecida magistrada progresista Ruth Bader Ginsburg. El presidente Trump realiz\u00f3 el nombramiento a escasos dos meses de las elecciones presidenciales de noviembre.<\/p>\n\n\n\n<p class=\"wp-block-paragraph\">2021.- Alemania celebra elecciones generales que ponen fin a la \u00abera Angela Merkel\u00bb, tras 16 a\u00f1os en el poder.<\/p>\n\n\n\n<p class=\"wp-block-paragraph\">2022.- La NASA hace historia al estrellar la nave DART contra un asteroide para desviar su trayectoria, en un intento de proteger a la Tierra de cuerpos celestes similares en el futuro.<\/p>\n\n\n\n<p class=\"wp-block-paragraph\">Nacimientos<\/p>\n\n\n\n<p class=\"wp-block-paragraph\">1888.- Thomas S. Eliot, escritor estadounidense.<\/p>\n\n\n\n<p class=\"wp-block-paragraph\">1889.- Martin Heidegger, fil\u00f3sofo alem\u00e1n.<\/p>\n\n\n\n<p class=\"wp-block-paragraph\">1897.- Giovanni Bautista Montini, italiano, Papa Pablo VI.<\/p>\n\n\n\n<p class=\"wp-block-paragraph\">1948.- Olivia Newton-John, cantante y actriz australiana.<\/p>\n\n\n\n<p class=\"wp-block-paragraph\">1956.- Linda Hamilton, actriz estadounidense.<\/p>\n\n\n\n<p class=\"wp-block-paragraph\">1962.- Melissa Sue Anderson, actriz estadounidense.<\/p>\n\n\n\n<p class=\"wp-block-paragraph\">1981.- Serena Williams, tenista estadounidense.<\/p>\n\n\n\n<p class=\"wp-block-paragraph\">Defunciones<\/p>\n\n\n\n<p class=\"wp-block-paragraph\">1902.- Levi Strauss, industrial textil estadounidense.<\/p>\n\n\n\n<p class=\"wp-block-paragraph\">1945.- Bela Bartok, compositor h\u00fangaro.<\/p>\n\n\n\n<p class=\"wp-block-paragraph\">1973.- Anna Magnani, actriz italiana.<\/p>\n\n\n\n<p class=\"wp-block-paragraph\">2008.- Paul Newman, actor estadounidense.<\/p>\n\n\n\n<p class=\"wp-block-paragraph\">2010.- Gloria Stuart, actriz estadounidense.<\/p>\n\n\n\n<p class=\"wp-block-paragraph\">2021.- Alan Lancaster, m\u00fasico y compositor brit\u00e1nico, bajista de Status Quo.<\/p>\n\n\n\n<p class=\"wp-block-paragraph\">2022.- Aurora Basnuevo \u00abLa Mulat\u00edsima\u00bb, actriz cubana.<\/p>\n\n\n\n<p class=\"wp-block-paragraph\"><\/p>\n","protected":false},"excerpt":{"rendered":"<p>Un d\u00eda 26 de septiembre como hoy, pero de 2014, un grupo de 43 estudiantes de la Normal Rural de Ayotzinapa desaparecen tras varios ataques de grupos armados en el estado de Guerrero. Otras efem\u00e9rides 1810.- Espa\u00f1a pierde la Florida occidental. 1905.- El cient\u00edfico alem\u00e1n Albert Einstein publica el primer art\u00edculo sobre la Teor\u00eda de [&hellip;]<\/p>\n","protected":false},"author":6,"featured_media":43518,"comment_status":"open","ping_status":"open","sticky":false,"template":"","format":"standard","meta":{"_acf_changed":false,"_monsterinsights_skip_tracking":false,"slim_seo":{"title":"Efem\u00e9rides 26 de septiembre - Opini\u00f3n P\u00fablica","description":"Un d\u00eda 26 de septiembre como hoy, pero de 2014, un grupo de 43 estudiantes de la Normal Rural de Ayotzinapa desaparecen tras varios ataques de grupos armados en"},"footnotes":""},"categories":[27],"tags":[],"class_list":["post-43517","post","type-post","status-publish","format-standard","has-post-thumbnail","hentry","category-un-dia-como-hoy"],"acf":[],"_links":{"self":[{"href":"https:\/\/www.opinionpublica.tv\/portada\/wp-json\/wp\/v2\/posts\/43517","targetHints":{"allow":["GET"]}}],"collection":[{"href":"https:\/\/www.opinionpublica.tv\/portada\/wp-json\/wp\/v2\/posts"}],"about":[{"href":"https:\/\/www.opinionpublica.tv\/portada\/wp-json\/wp\/v2\/types\/post"}],"author":[{"embeddable":true,"href":"https:\/\/www.opinionpublica.tv\/portada\/wp-json\/wp\/v2\/users\/6"}],"replies":[{"embeddable":true,"href":"https:\/\/www.opinionpublica.tv\/portada\/wp-json\/wp\/v2\/comments?post=43517"}],"version-history":[{"count":3,"href":"https:\/\/www.opinionpublica.tv\/portada\/wp-json\/wp\/v2\/posts\/43517\/revisions"}],"predecessor-version":[{"id":43523,"href":"https:\/\/www.opinionpublica.tv\/portada\/wp-json\/wp\/v2\/posts\/43517\/revisions\/43523"}],"wp:featuredmedia":[{"embeddable":true,"href":"https:\/\/www.opinionpublica.tv\/portada\/wp-json\/wp\/v2\/media\/43518"}],"wp:attachment":[{"href":"https:\/\/www.opinionpublica.tv\/portada\/wp-json\/wp\/v2\/media?parent=43517"}],"wp:term":[{"taxonomy":"category","embeddable":true,"href":"https:\/\/www.opinionpublica.tv\/portada\/wp-json\/wp\/v2\/categories?post=43517"},{"taxonomy":"post_tag","embeddable":true,"href":"https:\/\/www.opinionpublica.tv\/portada\/wp-json\/wp\/v2\/tags?post=43517"}],"curies":[{"name":"wp","href":"https:\/\/api.w.org\/{rel}","templated":true}]}}