{"id":43481,"date":"2024-09-25T00:01:00","date_gmt":"2024-09-25T06:01:00","guid":{"rendered":"https:\/\/www.opinionpublica.tv\/portada\/?p=43481"},"modified":"2024-09-24T20:41:43","modified_gmt":"2024-09-25T02:41:43","slug":"exhortan-a-la-poblacion-a-continuar-con-medidas-preventivas-por-pronostico-de-lluvias","status":"publish","type":"post","link":"https:\/\/www.opinionpublica.tv\/portada\/exhortan-a-la-poblacion-a-continuar-con-medidas-preventivas-por-pronostico-de-lluvias\/","title":{"rendered":"Exhortan a continuar con medidas preventivas por pron\u00f3stico de lluvias"},"content":{"rendered":"\n<figure class=\"wp-block-image size-full\"><img fetchpriority=\"high\" decoding=\"async\" width=\"770\" height=\"423\" src=\"https:\/\/www.opinionpublica.tv\/portada\/wp-content\/uploads\/2024\/09\/pronostico-de-lluvias.jpg\" alt=\"Pronostico De Lluvias\" class=\"wp-image-43482\" srcset=\"https:\/\/www.opinionpublica.tv\/portada\/wp-content\/uploads\/2024\/09\/pronostico-de-lluvias.jpg 770w, https:\/\/www.opinionpublica.tv\/portada\/wp-content\/uploads\/2024\/09\/pronostico-de-lluvias-300x165.jpg 300w, https:\/\/www.opinionpublica.tv\/portada\/wp-content\/uploads\/2024\/09\/pronostico-de-lluvias-768x422.jpg 768w\" sizes=\"(max-width: 770px) 100vw, 770px\" \/><\/figure>\n\n\n\n<p class=\"wp-block-paragraph\"><em>Chihuahua, Chih<\/em>.- La Coordinaci\u00f3n Estatal de Protecci\u00f3n Civil (CEPC), exhort\u00f3 a la poblaci\u00f3n a extremar precauciones ante el pron\u00f3stico de lluvias para las pr\u00f3ximas horas en el estado.<\/p>\n\n\n\n<p class=\"wp-block-paragraph\">Para este mi\u00e9rcoles 25 se espera la presencia de vientos, ca\u00edda de granizo y tormentas el\u00e9ctricas, especialmente hoy por la noche y durante el d\u00eda de ma\u00f1ana.<\/p>\n\n\n\n<p class=\"wp-block-paragraph\">Ante la presencia de fuertes lluvias, la Coordinaci\u00f3n Estatal de Protecci\u00f3n Civil pidi\u00f3 a los chihuahuenses evitar cruzar cauces de r\u00edos, arroyos, calles inundadas o caminos rurales, adem\u00e1s de evitar transitar por lugares en donde pueda haber cables sumergidos, fuentes de energ\u00eda el\u00e9ctrica y \u00e1rboles.<\/p>\n\n\n\n<p class=\"wp-block-paragraph\">La dependencia estatal recomend\u00f3 crear un plan familiar de protecci\u00f3n civil, con el que se tenga a la mano las rutas de evacuaci\u00f3n seguras. Adem\u00e1s, los especialistas recomiendan guardar documentos personales importantes en una bolsa de pl\u00e1stico o en una memoria USB, en caso de que la lluvia inicie a causar estragos.<\/p>\n\n\n\n<p class=\"wp-block-paragraph\">Finalmente, la CEPC pidi\u00f3 no tomar riesgos innecesarios y llamar al 911 ante cualquier caso de emergencia.<\/p>\n","protected":false},"excerpt":{"rendered":"<p>Chihuahua, Chih.- La Coordinaci\u00f3n Estatal de Protecci\u00f3n Civil (CEPC), exhort\u00f3 a la poblaci\u00f3n a extremar precauciones ante el pron\u00f3stico de lluvias para las pr\u00f3ximas horas en el estado. Para este mi\u00e9rcoles 25 se espera la presencia de vientos, ca\u00edda de granizo y tormentas el\u00e9ctricas, especialmente hoy por la noche y durante el d\u00eda de ma\u00f1ana. [&hellip;]<\/p>\n","protected":false},"author":6,"featured_media":43482,"comment_status":"open","ping_status":"open","sticky":false,"template":"","format":"standard","meta":{"_acf_changed":false,"_monsterinsights_skip_tracking":false,"slim_seo":{"title":"Exhortan a continuar con medidas preventivas por pron\u00f3stico de lluvias - Opini\u00f3n P\u00fablica","description":"Chihuahua, Chih .- La Coordinaci\u00f3n Estatal de Protecci\u00f3n Civil (CEPC), exhort\u00f3 a la poblaci\u00f3n a extremar precauciones ante el pron\u00f3stico de lluvias para las pr\u00f3"},"footnotes":""},"categories":[11],"tags":[],"class_list":["post-43481","post","type-post","status-publish","format-standard","has-post-thumbnail","hentry","category-tendencias"],"acf":[],"_links":{"self":[{"href":"https:\/\/www.opinionpublica.tv\/portada\/wp-json\/wp\/v2\/posts\/43481","targetHints":{"allow":["GET"]}}],"collection":[{"href":"https:\/\/www.opinionpublica.tv\/portada\/wp-json\/wp\/v2\/posts"}],"about":[{"href":"https:\/\/www.opinionpublica.tv\/portada\/wp-json\/wp\/v2\/types\/post"}],"author":[{"embeddable":true,"href":"https:\/\/www.opinionpublica.tv\/portada\/wp-json\/wp\/v2\/users\/6"}],"replies":[{"embeddable":true,"href":"https:\/\/www.opinionpublica.tv\/portada\/wp-json\/wp\/v2\/comments?post=43481"}],"version-history":[{"count":3,"href":"https:\/\/www.opinionpublica.tv\/portada\/wp-json\/wp\/v2\/posts\/43481\/revisions"}],"predecessor-version":[{"id":43486,"href":"https:\/\/www.opinionpublica.tv\/portada\/wp-json\/wp\/v2\/posts\/43481\/revisions\/43486"}],"wp:featuredmedia":[{"embeddable":true,"href":"https:\/\/www.opinionpublica.tv\/portada\/wp-json\/wp\/v2\/media\/43482"}],"wp:attachment":[{"href":"https:\/\/www.opinionpublica.tv\/portada\/wp-json\/wp\/v2\/media?parent=43481"}],"wp:term":[{"taxonomy":"category","embeddable":true,"href":"https:\/\/www.opinionpublica.tv\/portada\/wp-json\/wp\/v2\/categories?post=43481"},{"taxonomy":"post_tag","embeddable":true,"href":"https:\/\/www.opinionpublica.tv\/portada\/wp-json\/wp\/v2\/tags?post=43481"}],"curies":[{"name":"wp","href":"https:\/\/api.w.org\/{rel}","templated":true}]}}