{"id":43451,"date":"2024-09-26T00:01:00","date_gmt":"2024-09-26T06:01:00","guid":{"rendered":"https:\/\/www.opinionpublica.tv\/portada\/?p=43451"},"modified":"2024-09-25T14:05:12","modified_gmt":"2024-09-25T20:05:12","slug":"las-intenciones-en-el-ejercicio-del-poder","status":"publish","type":"post","link":"https:\/\/www.opinionpublica.tv\/portada\/las-intenciones-en-el-ejercicio-del-poder\/","title":{"rendered":"Las intenciones en el ejercicio del poder"},"content":{"rendered":"\n<h4 class=\"wp-block-heading\"><strong><em>Carlos Angulo<\/em><\/strong><\/h4>\n\n\n\n<p class=\"wp-block-paragraph\">______________________<\/p>\n\n\n\n<p class=\"wp-block-paragraph\">Pues bien, Morena y sus aliados, siguiendo al pie de la letra las \u00f3rdenes de L\u00f3pez, se ha convertido en el poder hegem\u00f3nico de M\u00e9xico. No estoy tan seguro que el ido y tra\u00eddo \u201cpueblo\u201d, haya querido eso. Pero debemos de afrontar que la realidad es que la consolidaci\u00f3n del amlismo en el poder es definitiva y contundente.<\/p>\n\n\n\n<p class=\"wp-block-paragraph\">La pregunta esencial ante esa realidad es: \u00bfpara qu\u00e9, que intenciones hay detr\u00e1s de todo ello, son buenas o son malas, son de buena o mala fe, est\u00e1n dirigidas para apoyar, ayudar y hacer crecer a la gente o sus intenciones son lo contrario?; para dominar, bocabajear, manipular, enga\u00f1ar y explotar al pueblo sujet\u00e1ndolo a la sumisi\u00f3n y obediencia como vil servitud o esclavitud, para beneficio de una nueva clase pol\u00edtica dorada que pretende quedarse eternamente en el poder.<\/p>\n\n\n\n<p class=\"wp-block-paragraph\">Mucha gente dir\u00e1, eso no puede ser, un gobierno no puede ser tan mal\u00e9fico como eso, quiz\u00e1s las intenciones son m\u00e1s moderadas e ideol\u00f3gicas, como quitarle al sector privado la participaci\u00f3n en lo que se le ha llamado rimbombante y enga\u00f1osamente los \u201cmonopolios naturales\u201d, como el de los servicios p\u00fablicos, agua, saneamiento, electricidad, gas y telecomunicaciones; tambi\u00e9n la explotaci\u00f3n del subsuelo, no nada m\u00e1s en hidrocarburos y gas natural, sino tambi\u00e9n miner\u00eda. La construcci\u00f3n y explotaci\u00f3n de carreteras, incluyendo las de cuota. Los puertos a\u00e9reos y mar\u00edtimos.<\/p>\n\n\n\n<p class=\"wp-block-paragraph\">Es decir, hacer que el gobierno intervenga m\u00e1s en la econom\u00eda del pa\u00eds. Los que ya hemos vivido esta experiencia, sabemos claramente que el gobierno, adem\u00e1s de ser mal administrador, es susceptible f\u00e1cilmente de caer en corrupci\u00f3n. M\u00e1s estos gobiernos hegem\u00f3nicos que levantan todos los controles anticorrupci\u00f3n como lo ha estado haciendo el actual gobierno,<\/p>\n\n\n\n<p class=\"wp-block-paragraph\">El entrante gobierno de Sheinbaum tendr\u00e1 poco margen de acci\u00f3n con el estado de las finanzas p\u00fablicas que ha dejado el presidente saliente, por lo que se ver\u00e1 forzada a irse despacio con los cambios que la muevan a consolidar una posible hegemon\u00eda econ\u00f3mica en la consolidaci\u00f3n del gobierno en las \u00e1reas antes expresadas.<\/p>\n\n\n\n<p class=\"wp-block-paragraph\">Estimo que en lo pol\u00edtico la presidente entrante tendr\u00e1 que irse con pies de plomo, ya que el amlismo la tendr\u00e1 cercada. Con la amenaza de que le pudieren armar una revocaci\u00f3n de mandato, estimo que Claudia continuar\u00e1 ci\u00f1\u00e9ndose a los deseos de L\u00f3pez y de su hijo Andy. As\u00ed, que esperemos que la l\u00ednea dura en la pol\u00edtica prevalecer\u00e1.<\/p>\n\n\n\n<p class=\"wp-block-paragraph\">Los contribuyentes cautivos que conforman principalmente la clase media, debemos de esperar duros apretones en impuestos, por ejemplo, con alza en el IVA en las fronteras, el establecimiento de un impuesto a las herencias y al patrimonio, y la disminuci\u00f3n de deducciones en arrendamientos, etc.<\/p>\n\n\n\n<p class=\"wp-block-paragraph\">Los grandes contribuyentes ser\u00e1n mayormente presionados con la amenaza de la prisi\u00f3n preventiva oficiosa, y el fisco los continuar\u00e1 presionando para que paguen m\u00e1s impuestos.<\/p>\n\n\n\n<p class=\"wp-block-paragraph\">Poco a poco, presenciaremos expropiaciones y nacionalizaciones en las \u00e1reas de la econom\u00eda mencionadas y se presionar\u00e1 a los bancos a reducir sus niveles de utilidades, tambi\u00e9n abriendo poco a poco las pol\u00edticas de control de precios. Es probable que perdamos muchos beneficios del T-Mec, o, inclusive, que Estados Unidos y Canad\u00e1 nos lo revoquen, por lo que se establecer\u00edan antiguas pol\u00edticas de control de importaciones, gener\u00e1ndose escases y fuga masiva de poblaci\u00f3n hacia los Estados Unidos.<\/p>\n","protected":false},"excerpt":{"rendered":"<p>Carlos Angulo ______________________ Pues bien, Morena y sus aliados, siguiendo al pie de la letra las \u00f3rdenes de L\u00f3pez, se ha convertido en el poder hegem\u00f3nico de M\u00e9xico. No estoy tan seguro que el ido y tra\u00eddo \u201cpueblo\u201d, haya querido eso. Pero debemos de afrontar que la realidad es que la consolidaci\u00f3n del amlismo en [&hellip;]<\/p>\n","protected":false},"author":6,"featured_media":43452,"comment_status":"open","ping_status":"open","sticky":false,"template":"","format":"standard","meta":{"_acf_changed":false,"_monsterinsights_skip_tracking":false,"slim_seo":{"title":"Las intenciones en el ejercicio del poder - Opini\u00f3n P\u00fablica","description":"Carlos Angulo ______________________ Pues bien, Morena y sus aliados, siguiendo al pie de la letra las \u00f3rdenes de L\u00f3pez, se ha convertido en el poder hegem\u00f3nico"},"footnotes":""},"categories":[17],"tags":[],"class_list":["post-43451","post","type-post","status-publish","format-standard","has-post-thumbnail","hentry","category-ultima-instancia"],"acf":[],"_links":{"self":[{"href":"https:\/\/www.opinionpublica.tv\/portada\/wp-json\/wp\/v2\/posts\/43451","targetHints":{"allow":["GET"]}}],"collection":[{"href":"https:\/\/www.opinionpublica.tv\/portada\/wp-json\/wp\/v2\/posts"}],"about":[{"href":"https:\/\/www.opinionpublica.tv\/portada\/wp-json\/wp\/v2\/types\/post"}],"author":[{"embeddable":true,"href":"https:\/\/www.opinionpublica.tv\/portada\/wp-json\/wp\/v2\/users\/6"}],"replies":[{"embeddable":true,"href":"https:\/\/www.opinionpublica.tv\/portada\/wp-json\/wp\/v2\/comments?post=43451"}],"version-history":[{"count":4,"href":"https:\/\/www.opinionpublica.tv\/portada\/wp-json\/wp\/v2\/posts\/43451\/revisions"}],"predecessor-version":[{"id":43516,"href":"https:\/\/www.opinionpublica.tv\/portada\/wp-json\/wp\/v2\/posts\/43451\/revisions\/43516"}],"wp:featuredmedia":[{"embeddable":true,"href":"https:\/\/www.opinionpublica.tv\/portada\/wp-json\/wp\/v2\/media\/43452"}],"wp:attachment":[{"href":"https:\/\/www.opinionpublica.tv\/portada\/wp-json\/wp\/v2\/media?parent=43451"}],"wp:term":[{"taxonomy":"category","embeddable":true,"href":"https:\/\/www.opinionpublica.tv\/portada\/wp-json\/wp\/v2\/categories?post=43451"},{"taxonomy":"post_tag","embeddable":true,"href":"https:\/\/www.opinionpublica.tv\/portada\/wp-json\/wp\/v2\/tags?post=43451"}],"curies":[{"name":"wp","href":"https:\/\/api.w.org\/{rel}","templated":true}]}}