{"id":43447,"date":"2024-09-25T00:01:00","date_gmt":"2024-09-25T06:01:00","guid":{"rendered":"https:\/\/www.opinionpublica.tv\/portada\/?p=43447"},"modified":"2024-09-24T19:30:12","modified_gmt":"2024-09-25T01:30:12","slug":"video-trabajo-toxico-cuando-pierde-sentido-el-trabajo-dw-documental","status":"publish","type":"post","link":"https:\/\/www.opinionpublica.tv\/portada\/video-trabajo-toxico-cuando-pierde-sentido-el-trabajo-dw-documental\/","title":{"rendered":"Video: Trabajo t\u00f3xico &#8211; \u00bfCu\u00e1ndo pierde sentido el trabajo? | DW Documental"},"content":{"rendered":"\n<figure class=\"wp-block-embed is-type-video is-provider-youtube wp-block-embed-youtube wp-embed-aspect-16-9 wp-has-aspect-ratio\"><div class=\"wp-block-embed__wrapper\">\n<iframe title=\"Trabajo t\u00f3xico - \u00bfCu\u00e1ndo pierde sentido el trabajo? | DW Documental\" width=\"800\" height=\"450\" src=\"https:\/\/www.youtube.com\/embed\/EgtUFFclM5U?feature=oembed\" frameborder=\"0\" allow=\"accelerometer; autoplay; clipboard-write; encrypted-media; gyroscope; picture-in-picture; web-share\" referrerpolicy=\"strict-origin-when-cross-origin\" allowfullscreen><\/iframe>\n<\/div><figcaption class=\"wp-element-caption\"><br>Reuniones superfluas, papeleo interminable, superiores mediocres: \u00bfqui\u00e9n no lo conoce? Los empleos con exigencias sin sentido erosionan la salud a largo plazo. El reportaje muestra en clave de humor c\u00f3mo malgastamos nuestra energ\u00eda laboral.<br>El trabajo puede ser gratificante. O as\u00ed deber\u00eda serlo. Pero muchas personas con empleos de oficina se sienten infelices en su labor. Obviamente, se podr\u00eda decir que es un malestar relativo del mundo industrializado, que esas personas tienen un empleo seguro, f\u00edsicamente poco exigente y a menudo bien remunerado, y que mucha gente en el planeta sufre una situaci\u00f3n mucho peor. Pero, \u00bfel despilfarro sin precedentes de recursos humanos no es tambi\u00e9n uno de los grandes dramas de nuestro tiempo?<br>\u00abTrabajo sin sentido\u201d explora las razones por las que directivos muy bien pagados est\u00e1n tan dispuestos a repetir frases huecas, seguir m\u00e9todos de gesti\u00f3n absurdos y envenenar el entorno laboral en beneficio de los y las accionistas. Seg\u00fan una encuesta de Gallup, s\u00f3lo el 13% de la poblaci\u00f3n activa intenta hacer bien su trabajo. El 64% es indiferente a su tarea y s\u00f3lo quiere cumplir razonablemente bien su jornada laboral con un m\u00ednimo de esfuerzo. Un 25% de los encuestados incluso trabaja en contra de la empresa porque odia su trabajo. Las cifras var\u00edan de un pa\u00eds a otro, pero la tendencia se observa en todo el mundo.<br>El hecho de no ver sentido a su labor enferma a muchas personas. En el reportaje, pacientes con burnout hablan de sus experiencias. Sus declaraciones son analizadas y comentadas, entre otros, por la psic\u00f3loga Christina Maslach, pionera en Berkeley de la investigaci\u00f3n sobre el burnout.<\/figcaption><\/figure>\n\n\n\n<p class=\"wp-block-paragraph\"><em>Fuente: DW en espa\u00f1ol<\/em>.<\/p>\n\n\n\n<p class=\"wp-block-paragraph\"><a href=\"https:\/\/www.youtube.com\/@DWDocumental\"><\/a><\/p>\n\n\n\n<p class=\"wp-block-paragraph\"><\/p>\n","protected":false},"excerpt":{"rendered":"<p>Fuente: DW en espa\u00f1ol.<\/p>\n","protected":false},"author":6,"featured_media":43448,"comment_status":"open","ping_status":"open","sticky":false,"template":"","format":"standard","meta":{"_acf_changed":false,"_monsterinsights_skip_tracking":false,"slim_seo":{"title":"Video: Trabajo t\u00f3xico - \u00bfCu\u00e1ndo pierde sentido el trabajo? | DW Documental - Opini\u00f3n P\u00fablica","description":"https:\/\/youtu.be\/EgtUFFclM5U?si=bDORq0DFhdev_wQM Reuniones superfluas, papeleo interminable, superiores mediocres: \u00bfqui\u00e9n no lo conoce? Los empleos con exigenci"},"footnotes":""},"categories":[2,13,8],"tags":[],"class_list":["post-43447","post","type-post","status-publish","format-standard","has-post-thumbnail","hentry","category-videos-destacados","category-videos-destacados-contenido","category-videos"],"acf":[],"_links":{"self":[{"href":"https:\/\/www.opinionpublica.tv\/portada\/wp-json\/wp\/v2\/posts\/43447","targetHints":{"allow":["GET"]}}],"collection":[{"href":"https:\/\/www.opinionpublica.tv\/portada\/wp-json\/wp\/v2\/posts"}],"about":[{"href":"https:\/\/www.opinionpublica.tv\/portada\/wp-json\/wp\/v2\/types\/post"}],"author":[{"embeddable":true,"href":"https:\/\/www.opinionpublica.tv\/portada\/wp-json\/wp\/v2\/users\/6"}],"replies":[{"embeddable":true,"href":"https:\/\/www.opinionpublica.tv\/portada\/wp-json\/wp\/v2\/comments?post=43447"}],"version-history":[{"count":2,"href":"https:\/\/www.opinionpublica.tv\/portada\/wp-json\/wp\/v2\/posts\/43447\/revisions"}],"predecessor-version":[{"id":43450,"href":"https:\/\/www.opinionpublica.tv\/portada\/wp-json\/wp\/v2\/posts\/43447\/revisions\/43450"}],"wp:featuredmedia":[{"embeddable":true,"href":"https:\/\/www.opinionpublica.tv\/portada\/wp-json\/wp\/v2\/media\/43448"}],"wp:attachment":[{"href":"https:\/\/www.opinionpublica.tv\/portada\/wp-json\/wp\/v2\/media?parent=43447"}],"wp:term":[{"taxonomy":"category","embeddable":true,"href":"https:\/\/www.opinionpublica.tv\/portada\/wp-json\/wp\/v2\/categories?post=43447"},{"taxonomy":"post_tag","embeddable":true,"href":"https:\/\/www.opinionpublica.tv\/portada\/wp-json\/wp\/v2\/tags?post=43447"}],"curies":[{"name":"wp","href":"https:\/\/api.w.org\/{rel}","templated":true}]}}