{"id":43391,"date":"2024-09-24T00:01:00","date_gmt":"2024-09-24T06:01:00","guid":{"rendered":"https:\/\/www.opinionpublica.tv\/portada\/?p=43391"},"modified":"2024-09-23T21:23:35","modified_gmt":"2024-09-24T03:23:35","slug":"gertz-manero-continuara-en-fgr-dice-sheinbaum-tras-reunion","status":"publish","type":"post","link":"https:\/\/www.opinionpublica.tv\/portada\/gertz-manero-continuara-en-fgr-dice-sheinbaum-tras-reunion\/","title":{"rendered":"Alejandro Gertz Manero continuar\u00e1 en FGR, dice Sheinbaum tras reuni\u00f3n"},"content":{"rendered":"\n<figure class=\"wp-block-image size-large\"><img fetchpriority=\"high\" decoding=\"async\" width=\"1024\" height=\"799\" src=\"https:\/\/www.opinionpublica.tv\/portada\/wp-content\/uploads\/2024\/09\/Gertz-Manero-continuara-en-FGR-dice-Sheinbaum-1024x799.png\" alt=\"Gertz Manero Continuara En Fgr Dice Sheinbaum\" class=\"wp-image-43392\" srcset=\"https:\/\/www.opinionpublica.tv\/portada\/wp-content\/uploads\/2024\/09\/Gertz-Manero-continuara-en-FGR-dice-Sheinbaum-1024x799.png 1024w, https:\/\/www.opinionpublica.tv\/portada\/wp-content\/uploads\/2024\/09\/Gertz-Manero-continuara-en-FGR-dice-Sheinbaum-300x234.png 300w, https:\/\/www.opinionpublica.tv\/portada\/wp-content\/uploads\/2024\/09\/Gertz-Manero-continuara-en-FGR-dice-Sheinbaum-768x599.png 768w, https:\/\/www.opinionpublica.tv\/portada\/wp-content\/uploads\/2024\/09\/Gertz-Manero-continuara-en-FGR-dice-Sheinbaum-1536x1199.png 1536w, https:\/\/www.opinionpublica.tv\/portada\/wp-content\/uploads\/2024\/09\/Gertz-Manero-continuara-en-FGR-dice-Sheinbaum.png 1586w\" sizes=\"(max-width: 1024px) 100vw, 1024px\" \/><\/figure>\n\n\n\n<p class=\"wp-block-paragraph\"><em>Ciudad de M\u00e9xico<\/em>.- La presidenta electa, Claudia Sheinbaum, se reuni\u00f3 estas ma\u00f1ana con el Fiscal General de la Rep\u00fablica, Alejandro Gertz Manero, quien acept\u00f3 iniciar la coordinaci\u00f3n que busca la futura mandataria para su gesti\u00f3n, con todas las dependencias en materia de seguridad y justicia. Al salir de su casa de transici\u00f3n, donde se desarroll\u00f3 el encuentro, afirm\u00f3 que el fiscal se mantendr\u00e1 en su cargo.<\/p>\n\n\n\n<p class=\"wp-block-paragraph\">\u201cEsta ma\u00f1ana me reun\u00ed con el fiscal general, con el doctor Alejandro Gertz Manero, y (fue) una muy buena reuni\u00f3n. Como ustedes saben, la autonom\u00eda de la fiscal\u00eda es fundamental, pero yo he estado planteando la coordinaci\u00f3n y \u00e9l est\u00e1 de acuerdo. Entonces nos estamos poniendo de acuerdo para ver c\u00f3mo fortalecer la coordinaci\u00f3n en el gabinete de seguridad, con la Secretar\u00eda de Seguridad Ciudadana, y una muy buena reuni\u00f3n\u201d, se\u00f1al\u00f3.<\/p>\n\n\n\n<p class=\"wp-block-paragraph\">Acudi\u00f3, adem\u00e1s, el pr\u00f3ximo secretario de Seguridad y Protecci\u00f3n Ciudadana, Omar Garc\u00eda Harfuch y el ministro en retiro, Arturo Zald\u00edvar, quien tambi\u00e9n ser\u00e1 parte del gabinete de Sheinbaum Pardo como coordinador de Pol\u00edtica y Gobierno.<\/p>\n\n\n\n<p class=\"wp-block-paragraph\">A la presidenta electa se le consult\u00f3 sobre las versiones que indican que Gertz Manero podr\u00eda estar pr\u00f3ximo a dejar su cargo. \u201cNo, se queda\u201d, respondi\u00f3.<\/p>\n\n\n\n<p class=\"wp-block-paragraph\">-\u00bfCu\u00e1nto tiempo m\u00e1s, le platic\u00f3?<\/p>\n\n\n\n<p class=\"wp-block-paragraph\">-Por lo pronto se queda. Estamos hablando de la coordinaci\u00f3n.<\/p>\n\n\n\n<p class=\"wp-block-paragraph\">Adem\u00e1s, detall\u00f3 que el gobernador de Sinaloa, Rub\u00e9n Rocha, ten\u00eda planeado acudir al Congreso Nacional de Morena, pero decidi\u00f3 quedarse en esa entidad \u201cpor la situaci\u00f3n que est\u00e1 viviendo su estado\u201d.<\/p>\n\n\n\n<p class=\"wp-block-paragraph\">Sheinbaum Pardo tambi\u00e9n se refiri\u00f3 a la renovaci\u00f3n de la dirigencia nacional de Morena que se concret\u00f3 en el Congreso Nacional del partido.<\/p>\n\n\n\n<p class=\"wp-block-paragraph\">Se dijo muy contenta, y destac\u00f3: \u201cla verdad me da much\u00edsimo gusto que sean j\u00f3venes, es una nueva generaci\u00f3n con mucha experiencia, porque su juventud no es s\u00edmbolo de inexperiencia, sino todo lo contrario\u201d.<\/p>\n\n\n\n<p class=\"wp-block-paragraph\">Luego de destacar los perfiles que fueron nombrados, apunt\u00f3 que en el caso de Andr\u00e9s L\u00f3pez Beltr\u00e1n, quien ser\u00e1 a partir del 1 de octubre secretario de Organizaci\u00f3n del Comit\u00e9 Ejecutivo Nacional del partido guinda, se\u00f1al\u00f3 que \u201ctiene experiencia organizativa, es digamos su fuerte, la organizaci\u00f3n. Cuando fui Jefa de Gobierno, \u00e9l ayud\u00f3 a la organizaci\u00f3n de los comit\u00e9s de Morena en la Ciudad de M\u00e9xico, tiene mucha experiencia y me da gusto, pues tambi\u00e9n es una nueva generaci\u00f3n que va a participar en esta parte del proceso, ya para consolidar a Morena. Entonces, muy bien, compa\u00f1eros de primera todos los que quedaron y una nueva generaci\u00f3n, y eso es muy bueno\u201d.<\/p>\n\n\n\n<p class=\"wp-block-paragraph\">Defendi\u00f3 que L\u00f3pez Beltr\u00e1n tiene derecho ha participar en el partido, y a\u00f1adi\u00f3 que su padre, el presidente Andr\u00e9s Manuel L\u00f3pez Obrador, se retirar\u00e1 de la vida p\u00fablica con el fin de su gobierno, mientras que el futuro secretario de organizaci\u00f3n del partido guinda \u201cha participado apoyando a su padre en algunos temas en campa\u00f1as electorales, despu\u00e9s se dedic\u00f3 a su trabajo y \u00e9l tiene derecho a participar ahora que su padre se retira de la vida p\u00fablica, y es un gran organizador\u201d.<\/p>\n\n\n\n<p class=\"wp-block-paragraph\">Calific\u00f3 como \u201cespeculaciones absurdas\u201d las versiones que lo colocan como presidenciable para el siguiente proceso federal. \u201cLo importante ahora es consolidar a Morena y consolidar este equipo. \u00c9l ni siquiera estaba planteando participar como candidato por ahora, sino va a cumplir una funci\u00f3n muy importante en el fortalecimiento de Morena\u201d.<\/p>\n\n\n\n<p class=\"wp-block-paragraph\">Luego de que hoy tiene previsto acompa\u00f1ar al presidente L\u00f3pez Obrador en una gira de trabajo por Tamaulipas, adelant\u00f3 que esta semana tiene previsto inaugurar obras durante dos d\u00edas en la Ciudad de M\u00e9xico. Y sobre el incidente en Veracruz donde lanzaron una botella al presidente que logr\u00f3 esquivar, dijo que siempre estar\u00e1 en contra de cualquier acci\u00f3n violenta y llam\u00f3 a la tranquilidad. A la vez, descart\u00f3 que, en su caso, se incremente su seguridad. \u201cVamos a estar cerca del pueblo siempre\u201d, concluy\u00f3. (La Jornada)<\/p>\n\n\n\n<p class=\"wp-block-paragraph\"><\/p>\n","protected":false},"excerpt":{"rendered":"<p>Ciudad de M\u00e9xico.- La presidenta electa, Claudia Sheinbaum, se reuni\u00f3 estas ma\u00f1ana con el Fiscal General de la Rep\u00fablica, Alejandro Gertz Manero, quien acept\u00f3 iniciar la coordinaci\u00f3n que busca la futura mandataria para su gesti\u00f3n, con todas las dependencias en materia de seguridad y justicia. Al salir de su casa de transici\u00f3n, donde se desarroll\u00f3 [&hellip;]<\/p>\n","protected":false},"author":6,"featured_media":43392,"comment_status":"open","ping_status":"open","sticky":false,"template":"","format":"standard","meta":{"_acf_changed":false,"_monsterinsights_skip_tracking":false,"slim_seo":{"title":"Alejandro Gertz Manero continuar\u00e1 en FGR, dice Sheinbaum tras reuni\u00f3n - Opini\u00f3n P\u00fablica","description":"Ciudad de M\u00e9xico .- La presidenta electa, Claudia Sheinbaum, se reuni\u00f3 estas ma\u00f1ana con el Fiscal General de la Rep\u00fablica, Alejandro Gertz Manero, quien acept\u00f3"},"footnotes":""},"categories":[4],"tags":[],"class_list":["post-43391","post","type-post","status-publish","format-standard","has-post-thumbnail","hentry","category-pulsopolitico"],"acf":[],"_links":{"self":[{"href":"https:\/\/www.opinionpublica.tv\/portada\/wp-json\/wp\/v2\/posts\/43391","targetHints":{"allow":["GET"]}}],"collection":[{"href":"https:\/\/www.opinionpublica.tv\/portada\/wp-json\/wp\/v2\/posts"}],"about":[{"href":"https:\/\/www.opinionpublica.tv\/portada\/wp-json\/wp\/v2\/types\/post"}],"author":[{"embeddable":true,"href":"https:\/\/www.opinionpublica.tv\/portada\/wp-json\/wp\/v2\/users\/6"}],"replies":[{"embeddable":true,"href":"https:\/\/www.opinionpublica.tv\/portada\/wp-json\/wp\/v2\/comments?post=43391"}],"version-history":[{"count":3,"href":"https:\/\/www.opinionpublica.tv\/portada\/wp-json\/wp\/v2\/posts\/43391\/revisions"}],"predecessor-version":[{"id":43395,"href":"https:\/\/www.opinionpublica.tv\/portada\/wp-json\/wp\/v2\/posts\/43391\/revisions\/43395"}],"wp:featuredmedia":[{"embeddable":true,"href":"https:\/\/www.opinionpublica.tv\/portada\/wp-json\/wp\/v2\/media\/43392"}],"wp:attachment":[{"href":"https:\/\/www.opinionpublica.tv\/portada\/wp-json\/wp\/v2\/media?parent=43391"}],"wp:term":[{"taxonomy":"category","embeddable":true,"href":"https:\/\/www.opinionpublica.tv\/portada\/wp-json\/wp\/v2\/categories?post=43391"},{"taxonomy":"post_tag","embeddable":true,"href":"https:\/\/www.opinionpublica.tv\/portada\/wp-json\/wp\/v2\/tags?post=43391"}],"curies":[{"name":"wp","href":"https:\/\/api.w.org\/{rel}","templated":true}]}}