{"id":43327,"date":"2024-09-23T11:00:34","date_gmt":"2024-09-23T17:00:34","guid":{"rendered":"https:\/\/www.opinionpublica.tv\/portada\/?p=43327"},"modified":"2024-09-23T11:00:34","modified_gmt":"2024-09-23T17:00:34","slug":"un-dia-como-hoy-28","status":"publish","type":"post","link":"https:\/\/www.opinionpublica.tv\/portada\/un-dia-como-hoy-28\/","title":{"rendered":"UN D\u00cdA COMO HOY&#8230;"},"content":{"rendered":"\n<h3 class=\"wp-block-heading\">Efem\u00e9rides 23 de septiembre<\/h3>\n\n\n\n<figure class=\"wp-block-image aligncenter size-full\"><img fetchpriority=\"high\" decoding=\"async\" width=\"270\" height=\"270\" src=\"https:\/\/www.opinionpublica.tv\/portada\/wp-content\/uploads\/2024\/09\/En-1940-Alemania-Italia-y-Japon-firmaron-en-Berlin-el-Pacto-Tripartito.jpg\" alt=\"En 1940, Alemania, Italia Y Jap\u00f3n Firmaron En Berl\u00edn El 'pacto Tripartito'\" class=\"wp-image-43328\" srcset=\"https:\/\/www.opinionpublica.tv\/portada\/wp-content\/uploads\/2024\/09\/En-1940-Alemania-Italia-y-Japon-firmaron-en-Berlin-el-Pacto-Tripartito.jpg 270w, https:\/\/www.opinionpublica.tv\/portada\/wp-content\/uploads\/2024\/09\/En-1940-Alemania-Italia-y-Japon-firmaron-en-Berlin-el-Pacto-Tripartito-150x150.jpg 150w\" sizes=\"(max-width: 270px) 100vw, 270px\" \/><\/figure>\n\n\n\n<p class=\"has-text-align-center wp-block-paragraph\"><em>En 1940, Alemania, Italia y Jap\u00f3n firmaron en Berl\u00edn el &#8216;Pacto Tripartito&#8217;.<\/em><\/p>\n\n\n\n<p class=\"wp-block-paragraph\">Un d\u00eda 23 de septiembre como hoy, pero de 1940, Alemania, Italia y Jap\u00f3n firman en Berl\u00edn el Pacto Tripartito, de car\u00e1cter pol\u00edtico, militar y econ\u00f3mico.<\/p>\n\n\n\n<p class=\"wp-block-paragraph\"><strong>Otras efem\u00e9rides<\/strong><\/p>\n\n\n\n<p class=\"wp-block-paragraph\">1589.- Muere Jacome Trezzo \u00abJacometrezzo\u00bb, grabador milan\u00e9s.<\/p>\n\n\n\n<p class=\"wp-block-paragraph\">1711.- R\u00edo de Janeiro se rinde al corsario franc\u00e9s Douguay-Trouin.<\/p>\n\n\n\n<p class=\"wp-block-paragraph\">1818.- Tratado hispano-ingl\u00e9s para abolir la trata de negros.<\/p>\n\n\n\n<p class=\"wp-block-paragraph\">1821.- En el Teatro de Lima, ante el general San Mart\u00edn, se interpreta por primera vez oficialmente el himno nacional de Per\u00fa.<\/p>\n\n\n\n<p class=\"wp-block-paragraph\">1850.- Fallece Jos\u00e9 Artigas, caudillo de la independencia uruguaya.<\/p>\n\n\n\n<p class=\"wp-block-paragraph\">1859.- El submarino \u00abIct\u00edneo\u00bb, de Monturiol, permanece sumergido en el agua durante dos horas y media.<\/p>\n\n\n\n<p class=\"wp-block-paragraph\">1868.- Grito de independencia de Lares y constituci\u00f3n de un Gobierno republicano en Puerto Rico, presidido por Francisco Ram\u00edrez. Las tropas realistas dominan la insurrecci\u00f3n.<\/p>\n\n\n\n<p class=\"wp-block-paragraph\">1870.- Muere Pr\u00f3spero Merim\u00e9e, escritor franc\u00e9s.<\/p>\n\n\n\n<p class=\"wp-block-paragraph\">1903.- Fundaci\u00f3n en Lima del peri\u00f3dico \u00abLa Prensa\u00bb.<\/p>\n\n\n\n<p class=\"wp-block-paragraph\">1919.- La administraci\u00f3n militar franco-brit\u00e1nica en Palestina declara idioma oficial la lengua hebrea, junto con el turco y el \u00e1rabe.<\/p>\n\n\n\n<p class=\"wp-block-paragraph\">1920.- Nace Mickey Rooney, actor estadounidense.<\/p>\n\n\n\n<p class=\"wp-block-paragraph\">1930.- Nace Ray Charles, m\u00fasico y cantante estadounidense.<\/p>\n\n\n\n<p class=\"wp-block-paragraph\">1938.- Nace Romy Schneider, actriz austr\u00edaca.<\/p>\n\n\n\n<p class=\"wp-block-paragraph\">1939.- Aplicaci\u00f3n del Acta de Panam\u00e1, por la que se establece una zona neutral de seguridad de 300 millas a lo largo de las costas de 21 pa\u00edses americanos.<\/p>\n\n\n\n<p class=\"wp-block-paragraph\">1939.- Fallece Sigmund Freud, psiquiatra austr\u00edaco, \u00abpadre\u00bb del psicoan\u00e1lisis.<\/p>\n\n\n\n<p class=\"wp-block-paragraph\">1943.- Nace Julio Iglesias, cantante espa\u00f1ol.<\/p>\n\n\n\n<p class=\"wp-block-paragraph\">1945.- Nace Igor Ivanov, pol\u00edtico ruso.<\/p>\n\n\n\n<p class=\"wp-block-paragraph\">1949.- Nace Bruce Springsteen, cantante y m\u00fasico estadounidense.<\/p>\n\n\n\n<p class=\"wp-block-paragraph\">1950.- El Senado de EEUU aprueba la ley de represi\u00f3n de actividades antiamericanas, iniciativa del senador republicano Mc Carthy.<\/p>\n\n\n\n<p class=\"wp-block-paragraph\">1973.- Muere Pablo Neruda, escritor y pol\u00edtico chileno, premio Nobel de Literatura 1971.<\/p>\n\n\n\n<p class=\"wp-block-paragraph\">1973.- El general Per\u00f3n y su esposa, Mar\u00eda Stella Mart\u00ednez \u00abIsabelita\u00bb, regresan al poder con el apoyo del 60 % de los votantes en las elecciones presidenciales argentinas.<\/p>\n\n\n\n<p class=\"wp-block-paragraph\">1984.- El gobierno sandinista de Nicaragua acepta el acta de paz del Grupo de Contadora.<\/p>\n\n\n\n<p class=\"wp-block-paragraph\">1987.- Fallece Bob Fosse, core\u00f3grafo y cineasta estadounidense.<\/p>\n\n\n\n<p class=\"wp-block-paragraph\">1992.- El general Le Duc Anh es elegido presidente de Vietnam.<\/p>\n\n\n\n<p class=\"wp-block-paragraph\">1993.- Un avi\u00f3n cazabombardero Mig 23 cubano aterriza en la base militar estadounidense de Guant\u00e1namo. Es el segundo piloto militar cubano que deserta en una semana.<\/p>\n\n\n\n<p class=\"wp-block-paragraph\">2004.- El nuevo secretario general de la OEA, Miguel \u00c1ngel Rodr\u00edguez, toma posesi\u00f3n de su cargo en sustituci\u00f3n de C\u00e9sar Gaviria.<\/p>\n\n\n\n<p class=\"wp-block-paragraph\">2005.- El l\u00edder independentista puertorrique\u00f1o Filiberto Ojeda R\u00edos muere durante una operaci\u00f3n del FBI para capturarle.<\/p>\n\n\n\n<p class=\"wp-block-paragraph\">2006.- Muere Malcolm Arnold, compositor brit\u00e1nico de bandas sonoras.<\/p>\n\n\n\n<p class=\"wp-block-paragraph\">2008.- Finlandia: Un estudiante mata a balazos a 10 compa\u00f1eros y luego se suicida en un centro de formaci\u00f3n profesional.<\/p>\n\n\n\n<p class=\"wp-block-paragraph\">2010.- Abatido en Colombia el jefe militar y n\u00famero dos de la guerrilla de las FARC, Jorge Brice\u00f1o \u00abMono Jojoy\u00bb, en una operaci\u00f3n conjunta de las fuerzas de seguridad.<\/p>\n\n\n\n<p class=\"wp-block-paragraph\">2011.- El presidente de la Autoridad Nacional Palestina, Mahmud Ab\u00e1s, entrega la solicitud de adhesi\u00f3n de Palestina a la ONU.<\/p>\n\n\n\n<p class=\"wp-block-paragraph\">2012.- El Tribunal Supremo Administrativo de El Cairo confirma la disoluci\u00f3n de la c\u00e1mara baja.<\/p>\n\n\n\n<p class=\"wp-block-paragraph\">2012.- Elecciones en Bielorrusia boicoteadas por la mayor\u00eda de la oposici\u00f3n.<\/p>\n\n\n\n<p class=\"wp-block-paragraph\">2014.- Estados Unidos entra en la guerra civil de Siria con una intervenci\u00f3n a\u00e9rea contra el Estado Isl\u00e1mico.<\/p>\n","protected":false},"excerpt":{"rendered":"<p>Efem\u00e9rides 23 de septiembre En 1940, Alemania, Italia y Jap\u00f3n firmaron en Berl\u00edn el &#8216;Pacto Tripartito&#8217;. Un d\u00eda 23 de septiembre como hoy, pero de 1940, Alemania, Italia y Jap\u00f3n firman en Berl\u00edn el Pacto Tripartito, de car\u00e1cter pol\u00edtico, militar y econ\u00f3mico. Otras efem\u00e9rides 1589.- Muere Jacome Trezzo \u00abJacometrezzo\u00bb, grabador milan\u00e9s. 1711.- R\u00edo de Janeiro [&hellip;]<\/p>\n","protected":false},"author":6,"featured_media":43328,"comment_status":"open","ping_status":"open","sticky":false,"template":"","format":"standard","meta":{"_acf_changed":false,"_monsterinsights_skip_tracking":false,"slim_seo":{"title":"UN D\u00cdA COMO HOY... - Opini\u00f3n P\u00fablica","description":"Efem\u00e9rides 23 de septiembre En 1940, Alemania, Italia y Jap\u00f3n firmaron en Berl\u00edn el 'Pacto Tripartito'. Un d\u00eda 23 de septiembre como hoy, pero de 1940, Alemania"},"footnotes":""},"categories":[27],"tags":[],"class_list":["post-43327","post","type-post","status-publish","format-standard","has-post-thumbnail","hentry","category-un-dia-como-hoy"],"acf":[],"_links":{"self":[{"href":"https:\/\/www.opinionpublica.tv\/portada\/wp-json\/wp\/v2\/posts\/43327","targetHints":{"allow":["GET"]}}],"collection":[{"href":"https:\/\/www.opinionpublica.tv\/portada\/wp-json\/wp\/v2\/posts"}],"about":[{"href":"https:\/\/www.opinionpublica.tv\/portada\/wp-json\/wp\/v2\/types\/post"}],"author":[{"embeddable":true,"href":"https:\/\/www.opinionpublica.tv\/portada\/wp-json\/wp\/v2\/users\/6"}],"replies":[{"embeddable":true,"href":"https:\/\/www.opinionpublica.tv\/portada\/wp-json\/wp\/v2\/comments?post=43327"}],"version-history":[{"count":1,"href":"https:\/\/www.opinionpublica.tv\/portada\/wp-json\/wp\/v2\/posts\/43327\/revisions"}],"predecessor-version":[{"id":43329,"href":"https:\/\/www.opinionpublica.tv\/portada\/wp-json\/wp\/v2\/posts\/43327\/revisions\/43329"}],"wp:featuredmedia":[{"embeddable":true,"href":"https:\/\/www.opinionpublica.tv\/portada\/wp-json\/wp\/v2\/media\/43328"}],"wp:attachment":[{"href":"https:\/\/www.opinionpublica.tv\/portada\/wp-json\/wp\/v2\/media?parent=43327"}],"wp:term":[{"taxonomy":"category","embeddable":true,"href":"https:\/\/www.opinionpublica.tv\/portada\/wp-json\/wp\/v2\/categories?post=43327"},{"taxonomy":"post_tag","embeddable":true,"href":"https:\/\/www.opinionpublica.tv\/portada\/wp-json\/wp\/v2\/tags?post=43327"}],"curies":[{"name":"wp","href":"https:\/\/api.w.org\/{rel}","templated":true}]}}