{"id":43324,"date":"2024-09-23T10:58:22","date_gmt":"2024-09-23T16:58:22","guid":{"rendered":"https:\/\/www.opinionpublica.tv\/portada\/?p=43324"},"modified":"2024-09-23T10:58:23","modified_gmt":"2024-09-23T16:58:23","slug":"video-angelus-papa-francisco-domingo-22-de-septiembre-de-2024","status":"publish","type":"post","link":"https:\/\/www.opinionpublica.tv\/portada\/video-angelus-papa-francisco-domingo-22-de-septiembre-de-2024\/","title":{"rendered":"Video: \u00c1ngelus Papa Francisco, domingo 22 de septiembre de 2024"},"content":{"rendered":"\n<figure class=\"wp-block-embed is-type-video is-provider-youtube wp-block-embed-youtube wp-embed-aspect-16-9 wp-has-aspect-ratio\"><div class=\"wp-block-embed__wrapper\">\n<iframe title=\"\u00c1ngelus 22 de septiembre de 2024 Papa Francisco\" width=\"800\" height=\"450\" src=\"https:\/\/www.youtube.com\/embed\/goNiNwjSZNg?start=3&#038;feature=oembed\" frameborder=\"0\" allow=\"accelerometer; autoplay; clipboard-write; encrypted-media; gyroscope; picture-in-picture; web-share\" referrerpolicy=\"strict-origin-when-cross-origin\" allowfullscreen><\/iframe>\n<\/div><\/figure>\n\n\n\n<p class=\"wp-block-paragraph\"><em>Ciudad del Vaticano<\/em>.- Desde la Plaza de San Pedro, el rezo de la Oraci\u00f3n del \u00c1ngelus, dirigido por el Papa Francisco.<\/p>\n","protected":false},"excerpt":{"rendered":"<p>Ciudad del Vaticano.- Desde la Plaza de San Pedro, el rezo de la Oraci\u00f3n del \u00c1ngelus, dirigido por el Papa Francisco.<\/p>\n","protected":false},"author":6,"featured_media":43325,"comment_status":"open","ping_status":"open","sticky":false,"template":"","format":"standard","meta":{"_acf_changed":false,"_monsterinsights_skip_tracking":false,"slim_seo":{"title":"Video: \u00c1ngelus Papa Francisco, domingo 22 de septiembre de 2024 - Opini\u00f3n P\u00fablica","description":"https:\/\/www.youtube.com\/watch?v=goNiNwjSZNg&amp;t=3s Ciudad del Vaticano .- Desde la Plaza de San Pedro, el rezo de la Oraci\u00f3n del \u00c1ngelus, dirigido por el Papa"},"footnotes":""},"categories":[2,13],"tags":[],"class_list":["post-43324","post","type-post","status-publish","format-standard","has-post-thumbnail","hentry","category-videos-destacados","category-videos-destacados-contenido"],"acf":[],"_links":{"self":[{"href":"https:\/\/www.opinionpublica.tv\/portada\/wp-json\/wp\/v2\/posts\/43324","targetHints":{"allow":["GET"]}}],"collection":[{"href":"https:\/\/www.opinionpublica.tv\/portada\/wp-json\/wp\/v2\/posts"}],"about":[{"href":"https:\/\/www.opinionpublica.tv\/portada\/wp-json\/wp\/v2\/types\/post"}],"author":[{"embeddable":true,"href":"https:\/\/www.opinionpublica.tv\/portada\/wp-json\/wp\/v2\/users\/6"}],"replies":[{"embeddable":true,"href":"https:\/\/www.opinionpublica.tv\/portada\/wp-json\/wp\/v2\/comments?post=43324"}],"version-history":[{"count":1,"href":"https:\/\/www.opinionpublica.tv\/portada\/wp-json\/wp\/v2\/posts\/43324\/revisions"}],"predecessor-version":[{"id":43326,"href":"https:\/\/www.opinionpublica.tv\/portada\/wp-json\/wp\/v2\/posts\/43324\/revisions\/43326"}],"wp:featuredmedia":[{"embeddable":true,"href":"https:\/\/www.opinionpublica.tv\/portada\/wp-json\/wp\/v2\/media\/43325"}],"wp:attachment":[{"href":"https:\/\/www.opinionpublica.tv\/portada\/wp-json\/wp\/v2\/media?parent=43324"}],"wp:term":[{"taxonomy":"category","embeddable":true,"href":"https:\/\/www.opinionpublica.tv\/portada\/wp-json\/wp\/v2\/categories?post=43324"},{"taxonomy":"post_tag","embeddable":true,"href":"https:\/\/www.opinionpublica.tv\/portada\/wp-json\/wp\/v2\/tags?post=43324"}],"curies":[{"name":"wp","href":"https:\/\/api.w.org\/{rel}","templated":true}]}}