{"id":43314,"date":"2024-09-22T10:14:54","date_gmt":"2024-09-22T16:14:54","guid":{"rendered":"https:\/\/www.opinionpublica.tv\/portada\/?p=43314"},"modified":"2024-09-22T10:14:55","modified_gmt":"2024-09-22T16:14:55","slug":"un-dia-como-hoy-27","status":"publish","type":"post","link":"https:\/\/www.opinionpublica.tv\/portada\/un-dia-como-hoy-27\/","title":{"rendered":"UN D\u00cdA COMO HOY&#8230;"},"content":{"rendered":"\n<h3 class=\"wp-block-heading\">Efem\u00e9rides 22 de septiembre<\/h3>\n\n\n\n<figure class=\"wp-block-image aligncenter size-full\"><img decoding=\"async\" width=\"270\" height=\"152\" src=\"https:\/\/www.opinionpublica.tv\/portada\/wp-content\/uploads\/2024\/09\/Gloria-Trevi-sale-de-la-carcel-tras-cinco-anos-en-prision-por-corrupcion-de-menores.jpg\" alt=\"Gloria Trevi Sale De La C\u00e1rcel Tras Cinco A\u00f1os En Prisi\u00f3n Por Corrupci\u00f3n De Menores\" class=\"wp-image-43315\"\/><\/figure>\n\n\n\n<p class=\"has-text-align-center wp-block-paragraph\"><em>Gloria Trevi sale de la c\u00e1rcel tras cinco a\u00f1os en prisi\u00f3n por corrupci\u00f3n de menores.<\/em><\/p>\n\n\n\n<p class=\"wp-block-paragraph\">Un d\u00eda 22 de septiembre como hoy, pero de 2004, la cantante mexicana Gloria Trevi sale de la c\u00e1rcel tras cinco a\u00f1os en prisi\u00f3n por violaci\u00f3n agravada, rapto y corrupci\u00f3n de menores, delitos de los que fue absuelta el d\u00eda anterior.<\/p>\n\n\n\n<p class=\"wp-block-paragraph\"><strong>Otras efem\u00e9rides<\/strong><\/p>\n\n\n\n<p class=\"wp-block-paragraph\">1829.- Colombia y Per\u00fa firman en Guayaquil (Ecuador) el tratado de Paz que fija los l\u00edmites entre ambos pa\u00edses.<\/p>\n\n\n\n<p class=\"wp-block-paragraph\">1867.- Se funda en Bogot\u00e1 la Universidad Nacional de Colombia.<\/p>\n\n\n\n<p class=\"wp-block-paragraph\">1910.- Se inaugura la Universidad Nacional de M\u00e9xico, hoy Universidad Nacional Aut\u00f3noma.<\/p>\n\n\n\n<p class=\"wp-block-paragraph\">1928.- El astr\u00f3nomo alem\u00e1n Karl Wilhelm Reinmuth descubre Arnica (el asteroide 1100).<\/p>\n\n\n\n<p class=\"wp-block-paragraph\">1932.- El pr\u00edncipe Abdelaziz Al Saud es proclamado rey de Arabia Saud\u00ed.<\/p>\n\n\n\n<p class=\"wp-block-paragraph\">1934.- En Gresford (Gales) una explosi\u00f3n mata a 266 mineros y rescatadores.<\/p>\n\n\n\n<p class=\"wp-block-paragraph\">1946.- Iberia inaugura su primer vuelo entre Europa y Am\u00e9rica del Sur con un trayecto entre Madrid y Buenos Aires.<\/p>\n\n\n\n<p class=\"wp-block-paragraph\">1957.- Fran\u00e7ois Duvalier, Papa Doc, gana las elecciones presidenciales de Hait\u00ed. Desde 1964 se autoproclam\u00f3 presidente vitalicio.<\/p>\n\n\n\n<p class=\"wp-block-paragraph\">1973.-Henry Kissinger jura su cargo como secretario de Estado de EEUU bajo la presidencia de Nixon.<\/p>\n\n\n\n<p class=\"wp-block-paragraph\">1975.- En Estados Unidos, Sara Jane Moore se convierte en la segunda mujer en intentar matar al presidente Gerald Ford en s\u00f3lo 17 d\u00edas.<\/p>\n\n\n\n<p class=\"wp-block-paragraph\">1980.- Irak invade Ir\u00e1n y desata el comienzo de la guerra entre los dos pa\u00edses por el control de Chatt el Arab, una de las principales v\u00edas de salida de crudo en Oriente Medio.<\/p>\n\n\n\n<p class=\"wp-block-paragraph\">1991.- Los presidentes de Chile y M\u00e9xico, Aylwin y Salinas de Gortari, firman en Santiago de Chile un Tratado de Libre Comercio.<\/p>\n\n\n\n<p class=\"wp-block-paragraph\">1998.- El hurac\u00e1n Georges castiga a la Rep\u00fablica Dominicana con casi 300 muertos y graves da\u00f1os materiales.<\/p>\n\n\n\n<p class=\"wp-block-paragraph\">2003.- El aventurero brit\u00e1nico David Hempleman-Adams se convierte en la primera persona en cruzar el Oc\u00e9ano Atl\u00e1ntico en un globo aerost\u00e1tico al aire libre.<\/p>\n\n\n\n<p class=\"wp-block-paragraph\">2006.- Comienza a celebrarse el \u201cOneWebDay\u201d sobre el uso de Internet.<\/p>\n\n\n\n<p class=\"wp-block-paragraph\">2008.- La Reserva Federal de EEUU aprueba la transformaci\u00f3n de los bancos de inversiones Goldman Sachs y Morgan Stanley en bancos comerciales.<\/p>\n\n\n\n<p class=\"wp-block-paragraph\">2011.- El grupo de rock estadounidense REM anuncia su separaci\u00f3n, despu\u00e9s de 31 a\u00f1os en la escena musical.<\/p>\n\n\n\n<p class=\"wp-block-paragraph\">2012 .- El Gobierno espa\u00f1ol \u00abrecapitalizar\u00e1 los bancos\u00bb con el cr\u00e9dito de hasta 100 mil millones de euros destinado por la UE para sanear el sistema financiero de Espa\u00f1a.<\/p>\n\n\n\n<p class=\"wp-block-paragraph\">2013.- Elecciones generales en Alemania. La canciller y l\u00edder cristianodem\u00f3crata, Angela Merkel, se impone con el 41,5 por ciento de los votos.<\/p>\n\n\n\n<p class=\"wp-block-paragraph\">2015.- El papa Francisco finaliza su primer viaje a Cuba, que hab\u00eda iniciado el d\u00eda 19 anterior.<\/p>\n\n\n\n<p class=\"wp-block-paragraph\">2017.- El fiscal argentino Alberto Nisman, que investigaba el atentado contra la mutua jud\u00eda AMIA en Buenos Aires, fue asesinado seg\u00fan la polic\u00eda, desmintiendo as\u00ed el informe oficial de suicidio.<\/p>\n\n\n\n<p class=\"wp-block-paragraph\">2018.- China y el Vaticano firman un acuerdo provisional sobre el nombramiento de obispos, motivo por el que rompieron sus relaciones diplom\u00e1ticas en 1951.<\/p>\n\n\n\n<p class=\"wp-block-paragraph\">2019.- Ir\u00e1n ordena la liberaci\u00f3n del petrolero brit\u00e1nico \u00abStena Impero\u00bb.<\/p>\n\n\n\n<p class=\"wp-block-paragraph\">2022.- Ucrania y Rusia realizan el mayor intercambio de prisioneros desde el inicio de la guerra.<\/p>\n\n\n\n<p class=\"wp-block-paragraph\">2023.- La Corte Suprema de Brasil declara constitucional, en una sentencia hist\u00f3rica, el derecho de los ind\u00edgenas a las tierras que han ocupado \u00abhist\u00f3rica\u00bb, \u00abtradicionalmente\u00bb y \u00aben forma permanente\u00bb.<\/p>\n\n\n\n<p class=\"wp-block-paragraph\"><strong>Nacimientos<\/strong><\/p>\n\n\n\n<p class=\"wp-block-paragraph\">1855.- Mariano de Cavia, periodista espa\u00f1ol.<\/p>\n\n\n\n<p class=\"wp-block-paragraph\">1935.- Alfonso Sobrado Palomares, periodista espa\u00f1ol.<\/p>\n\n\n\n<p class=\"wp-block-paragraph\">1953.- S\u00e9gol\u00e8ne Royal, pol\u00edtica socialista francesa.<\/p>\n\n\n\n<p class=\"wp-block-paragraph\">1958.- Andrea Bocelli, cantante italiano.<\/p>\n\n\n\n<p class=\"wp-block-paragraph\">1960.- Isaac Herzog, pol\u00edtico israel\u00ed.<\/p>\n\n\n\n<p class=\"wp-block-paragraph\">1971.- Marta Luisa de Noruega, miembro de la Casa Real Noruega.<\/p>\n\n\n\n<p class=\"wp-block-paragraph\">1976.- Ronaldo, futbolista brasile\u00f1o.<\/p>\n\n\n\n<p class=\"wp-block-paragraph\"><strong>Defunciones<\/strong><\/p>\n\n\n\n<p class=\"wp-block-paragraph\">1921.- Ivan Vasov, considerado el poeta nacional de Bulgaria.<\/p>\n\n\n\n<p class=\"wp-block-paragraph\">1966.- Andr\u00e9 Bret\u00f3n, escritor franc\u00e9s.<\/p>\n\n\n\n<p class=\"wp-block-paragraph\">1985.- Axel Springer, magnate de la prensa alemana.<\/p>\n\n\n\n<p class=\"wp-block-paragraph\">1989.- Irving Berlin, compositor estadounidense de origen ruso.<\/p>\n\n\n\n<p class=\"wp-block-paragraph\">1991.- Tino Casal, cantante y m\u00fasico espa\u00f1ol.<\/p>\n\n\n\n<p class=\"wp-block-paragraph\">1996.- Dorothy Lamour, actriz estadounidense.<\/p>\n\n\n\n<p class=\"wp-block-paragraph\">2001.- Isaac Stern, violinista nacido en Ucrania nacionalizado estadounidense.<\/p>\n\n\n\n<p class=\"wp-block-paragraph\">2007.- Marcel Marceau, mimo franc\u00e9s.<\/p>\n\n\n\n<p class=\"wp-block-paragraph\">2010.- Eddie Fisher, cantante estadounidense.<\/p>\n\n\n\n<p class=\"wp-block-paragraph\">2013.- \u00c1lvaro Mutis, escritor colombiano.<\/p>\n\n\n\n<p class=\"wp-block-paragraph\">2021.- Roger Michell, cineasta brit\u00e1nico, director de \u00abNotting Hill\u00bb.<\/p>\n\n\n\n<p class=\"wp-block-paragraph\">2022.- Jorge Fons, director de cine mexicano.<br><br><\/p>\n","protected":false},"excerpt":{"rendered":"<p>Efem\u00e9rides 22 de septiembre Gloria Trevi sale de la c\u00e1rcel tras cinco a\u00f1os en prisi\u00f3n por corrupci\u00f3n de menores. Un d\u00eda 22 de septiembre como hoy, pero de 2004, la cantante mexicana Gloria Trevi sale de la c\u00e1rcel tras cinco a\u00f1os en prisi\u00f3n por violaci\u00f3n agravada, rapto y corrupci\u00f3n de menores, delitos de los que [&hellip;]<\/p>\n","protected":false},"author":6,"featured_media":43315,"comment_status":"open","ping_status":"open","sticky":false,"template":"","format":"standard","meta":{"_acf_changed":false,"_monsterinsights_skip_tracking":false,"slim_seo":{"title":"UN D\u00cdA COMO HOY... - Opini\u00f3n P\u00fablica","description":"Efem\u00e9rides 22 de septiembre Gloria Trevi sale de la c\u00e1rcel tras cinco a\u00f1os en prisi\u00f3n por corrupci\u00f3n de menores. Un d\u00eda 22 de septiembre como hoy, pero de 2004,"},"footnotes":""},"categories":[27],"tags":[],"class_list":["post-43314","post","type-post","status-publish","format-standard","has-post-thumbnail","hentry","category-un-dia-como-hoy"],"acf":[],"_links":{"self":[{"href":"https:\/\/www.opinionpublica.tv\/portada\/wp-json\/wp\/v2\/posts\/43314","targetHints":{"allow":["GET"]}}],"collection":[{"href":"https:\/\/www.opinionpublica.tv\/portada\/wp-json\/wp\/v2\/posts"}],"about":[{"href":"https:\/\/www.opinionpublica.tv\/portada\/wp-json\/wp\/v2\/types\/post"}],"author":[{"embeddable":true,"href":"https:\/\/www.opinionpublica.tv\/portada\/wp-json\/wp\/v2\/users\/6"}],"replies":[{"embeddable":true,"href":"https:\/\/www.opinionpublica.tv\/portada\/wp-json\/wp\/v2\/comments?post=43314"}],"version-history":[{"count":1,"href":"https:\/\/www.opinionpublica.tv\/portada\/wp-json\/wp\/v2\/posts\/43314\/revisions"}],"predecessor-version":[{"id":43316,"href":"https:\/\/www.opinionpublica.tv\/portada\/wp-json\/wp\/v2\/posts\/43314\/revisions\/43316"}],"wp:featuredmedia":[{"embeddable":true,"href":"https:\/\/www.opinionpublica.tv\/portada\/wp-json\/wp\/v2\/media\/43315"}],"wp:attachment":[{"href":"https:\/\/www.opinionpublica.tv\/portada\/wp-json\/wp\/v2\/media?parent=43314"}],"wp:term":[{"taxonomy":"category","embeddable":true,"href":"https:\/\/www.opinionpublica.tv\/portada\/wp-json\/wp\/v2\/categories?post=43314"},{"taxonomy":"post_tag","embeddable":true,"href":"https:\/\/www.opinionpublica.tv\/portada\/wp-json\/wp\/v2\/tags?post=43314"}],"curies":[{"name":"wp","href":"https:\/\/api.w.org\/{rel}","templated":true}]}}