{"id":43268,"date":"2024-09-20T10:08:23","date_gmt":"2024-09-20T16:08:23","guid":{"rendered":"https:\/\/www.opinionpublica.tv\/portada\/?p=43268"},"modified":"2024-09-20T10:08:24","modified_gmt":"2024-09-20T16:08:24","slug":"fiscalia-pide-cadena-perpetua-para-genaro-garcia-luna-en-eu","status":"publish","type":"post","link":"https:\/\/www.opinionpublica.tv\/portada\/fiscalia-pide-cadena-perpetua-para-genaro-garcia-luna-en-eu\/","title":{"rendered":"Fiscal\u00eda pide cadena perpetua para Genaro Garc\u00eda Luna en EU"},"content":{"rendered":"\n<figure class=\"wp-block-image aligncenter size-full\"><img fetchpriority=\"high\" decoding=\"async\" width=\"570\" height=\"381\" src=\"https:\/\/www.opinionpublica.tv\/portada\/wp-content\/uploads\/2024\/09\/Fiscalia-pide-cadena-perpetua-para-Genaro-Garcia-Luna-en-EU.jpg\" alt=\"Fiscal\u00eda Pide Cadena Perpetua Para Genaro Garc\u00eda Luna En Eu\" class=\"wp-image-43269\" srcset=\"https:\/\/www.opinionpublica.tv\/portada\/wp-content\/uploads\/2024\/09\/Fiscalia-pide-cadena-perpetua-para-Genaro-Garcia-Luna-en-EU.jpg 570w, https:\/\/www.opinionpublica.tv\/portada\/wp-content\/uploads\/2024\/09\/Fiscalia-pide-cadena-perpetua-para-Genaro-Garcia-Luna-en-EU-300x201.jpg 300w\" sizes=\"(max-width: 570px) 100vw, 570px\" \/><\/figure>\n\n\n\n<p class=\"has-text-align-center wp-block-paragraph\"><em>Genaro Garc\u00eda Luna fue hallado culpable por un jurado en febrero de 2023.<\/em><\/p>\n\n\n\n<p class=\"wp-block-paragraph\"><em><br>Nueva York<\/em>.- Fiscales federales solicitaron al juez encargado del caso de Genaro Garc\u00eda Luna que dicte una condena de cadena perpetua y 5 millones de d\u00f3lares en multas contra el ex secretario de Seguridad P\u00fablica de M\u00e9xico.<\/p>\n\n\n\n<p class=\"wp-block-paragraph\">Garc\u00eda Luna tiene cita para ser sentenciado por el juez federal Brian Cogan el pr\u00f3ximo 9 de octubre en el tribunal federal del Distrito Este de Nueva York despu\u00e9s de ser declarado culpable de cinco cargos por narco corrupci\u00f3n en su juicio que concluy\u00f3 el 21 de febrero de 2023. (La Jornada)<br><br><\/p>\n","protected":false},"excerpt":{"rendered":"<p>Genaro Garc\u00eda Luna fue hallado culpable por un jurado en febrero de 2023. Nueva York.- Fiscales federales solicitaron al juez encargado del caso de Genaro Garc\u00eda Luna que dicte una condena de cadena perpetua y 5 millones de d\u00f3lares en multas contra el ex secretario de Seguridad P\u00fablica de M\u00e9xico. Garc\u00eda Luna tiene cita para [&hellip;]<\/p>\n","protected":false},"author":6,"featured_media":43269,"comment_status":"open","ping_status":"open","sticky":false,"template":"","format":"standard","meta":{"_acf_changed":false,"_monsterinsights_skip_tracking":false,"slim_seo":{"title":"Fiscal\u00eda pide cadena perpetua para Genaro Garc\u00eda Luna en EU - Opini\u00f3n P\u00fablica","description":"Genaro Garc\u00eda Luna fue hallado culpable por un jurado en febrero de 2023. Nueva York .- Fiscales federales solicitaron al juez encargado del caso de Genaro Garc"},"footnotes":""},"categories":[4],"tags":[],"class_list":["post-43268","post","type-post","status-publish","format-standard","has-post-thumbnail","hentry","category-pulsopolitico"],"acf":[],"_links":{"self":[{"href":"https:\/\/www.opinionpublica.tv\/portada\/wp-json\/wp\/v2\/posts\/43268","targetHints":{"allow":["GET"]}}],"collection":[{"href":"https:\/\/www.opinionpublica.tv\/portada\/wp-json\/wp\/v2\/posts"}],"about":[{"href":"https:\/\/www.opinionpublica.tv\/portada\/wp-json\/wp\/v2\/types\/post"}],"author":[{"embeddable":true,"href":"https:\/\/www.opinionpublica.tv\/portada\/wp-json\/wp\/v2\/users\/6"}],"replies":[{"embeddable":true,"href":"https:\/\/www.opinionpublica.tv\/portada\/wp-json\/wp\/v2\/comments?post=43268"}],"version-history":[{"count":1,"href":"https:\/\/www.opinionpublica.tv\/portada\/wp-json\/wp\/v2\/posts\/43268\/revisions"}],"predecessor-version":[{"id":43270,"href":"https:\/\/www.opinionpublica.tv\/portada\/wp-json\/wp\/v2\/posts\/43268\/revisions\/43270"}],"wp:featuredmedia":[{"embeddable":true,"href":"https:\/\/www.opinionpublica.tv\/portada\/wp-json\/wp\/v2\/media\/43269"}],"wp:attachment":[{"href":"https:\/\/www.opinionpublica.tv\/portada\/wp-json\/wp\/v2\/media?parent=43268"}],"wp:term":[{"taxonomy":"category","embeddable":true,"href":"https:\/\/www.opinionpublica.tv\/portada\/wp-json\/wp\/v2\/categories?post=43268"},{"taxonomy":"post_tag","embeddable":true,"href":"https:\/\/www.opinionpublica.tv\/portada\/wp-json\/wp\/v2\/tags?post=43268"}],"curies":[{"name":"wp","href":"https:\/\/api.w.org\/{rel}","templated":true}]}}