{"id":43258,"date":"2024-09-20T10:05:28","date_gmt":"2024-09-20T16:05:28","guid":{"rendered":"https:\/\/www.opinionpublica.tv\/portada\/?p=43258"},"modified":"2024-09-20T10:05:29","modified_gmt":"2024-09-20T16:05:29","slug":"participa-alcalde-en-aniversario-150-de-la-empresa-ao-smith","status":"publish","type":"post","link":"https:\/\/www.opinionpublica.tv\/portada\/participa-alcalde-en-aniversario-150-de-la-empresa-ao-smith\/","title":{"rendered":"Participa alcalde en aniversario 150 de la empresa AO Smith"},"content":{"rendered":"\n<figure class=\"wp-block-image aligncenter size-full\"><img fetchpriority=\"high\" decoding=\"async\" width=\"570\" height=\"380\" src=\"https:\/\/www.opinionpublica.tv\/portada\/wp-content\/uploads\/2024\/09\/Participa-alcalde-en-aniversario-150-de-la-empresa-AO-Smith.jpg\" alt=\"Participa Alcalde En Aniversario 150 De La Empresa Ao Smith\" class=\"wp-image-43260\" srcset=\"https:\/\/www.opinionpublica.tv\/portada\/wp-content\/uploads\/2024\/09\/Participa-alcalde-en-aniversario-150-de-la-empresa-AO-Smith.jpg 570w, https:\/\/www.opinionpublica.tv\/portada\/wp-content\/uploads\/2024\/09\/Participa-alcalde-en-aniversario-150-de-la-empresa-AO-Smith-300x200.jpg 300w\" sizes=\"(max-width: 570px) 100vw, 570px\" \/><\/figure>\n\n\n\n<p class=\"has-text-align-center wp-block-paragraph\"><em>El alcalde expres\u00f3 que la apertura de la nueva planta beneficia el desarrollo de la ciudad.<\/em><\/p>\n\n\n\n<p class=\"wp-block-paragraph\"><em>Ciudad Ju\u00e1rez, Chih<\/em>.- El presidente municipal, Cruz P\u00e9rez Cu\u00e9llar, particip\u00f3 como invitado especial en la ceremonia del 150 aniversario de la empresa AO Smith, la cual inaugur\u00f3 su tercera planta en Ciudad Ju\u00e1rez.<\/p>\n\n\n\n<p class=\"wp-block-paragraph\">El alcalde agradeci\u00f3 la invitaci\u00f3n y expres\u00f3 que la apertura de la nueva planta beneficia el desarrollo de la ciudad, adem\u00e1s de que significa la creaci\u00f3n de nuevos empleos.<\/p>\n\n\n\n<p class=\"wp-block-paragraph\">Eduardo Gonz\u00e1lez, director general de operaciones de AO Smith, coment\u00f3 que la empresa fabricadora de calentadores de agua inici\u00f3 operaciones en esta localidad hace 40 a\u00f1os y, con el paso de los a\u00f1os, ha ido creciendo gracias a la calidad de los productos, lo que ha permitido el aumento de plazas laborales.<\/p>\n\n\n\n<p class=\"wp-block-paragraph\">Hasta el momento la empresa se conforma por poco m\u00e1s de 1,200 empleados y pr\u00f3ximamente incrementar\u00e1 el n\u00famero de colaboradores, dijo.<\/p>\n\n\n\n<p class=\"wp-block-paragraph\">Steve O\u2019Brien, vicepresidente de la empresa, indic\u00f3 que con la expansi\u00f3n de la planta ser\u00e1 posible generar m\u00e1s empleos y producir miles de unidades de calentadores de agua.<\/p>\n\n\n\n<p class=\"wp-block-paragraph\">Kevin Wheeler, director general y ejecutivo de AO Smith, coment\u00f3 que gracias al enfoque en la innovaci\u00f3n, la compa\u00f1\u00eda se ha convertido en una empresa manufacturera de clase mundial, creando productos que son indispensables para la poblaci\u00f3n.<\/p>\n\n\n\n<p class=\"wp-block-paragraph\">Como parte de la ceremonia, se reconoci\u00f3 a los empleados que tienen 38 a\u00f1os de servicio en la empresa.<\/p>\n\n\n\n<p class=\"wp-block-paragraph\">En el evento tambi\u00e9n estuvieron presentes Mauricio Ibarra Ponce De Le\u00f3n, c\u00f3nsul general de M\u00e9xico en El Paso; Isela Molina Alcay, presidenta de Canacintra y del Consejo Coordinador Empresarial; \u00d3scar Fidencio Ib\u00e1\u00f1ez, representante local de Gobierno del Estado; y Cristina Ivonne Touch\u00e9 Lozano, presidenta de Desarrollo Econ\u00f3mico de Ciudad Ju\u00e1rez.<\/p>\n\n\n\n<p class=\"wp-block-paragraph\">Por parte de la empresa AO Smith participaron Sam Carver, vicepresidente de operaciones globales y Keit Auville, vicepresidente de fabricaci\u00f3n en Am\u00e9rica del Norte.<br><br><\/p>\n","protected":false},"excerpt":{"rendered":"<p>El alcalde expres\u00f3 que la apertura de la nueva planta beneficia el desarrollo de la ciudad. Ciudad Ju\u00e1rez, Chih.- El presidente municipal, Cruz P\u00e9rez Cu\u00e9llar, particip\u00f3 como invitado especial en la ceremonia del 150 aniversario de la empresa AO Smith, la cual inaugur\u00f3 su tercera planta en Ciudad Ju\u00e1rez. El alcalde agradeci\u00f3 la invitaci\u00f3n y [&hellip;]<\/p>\n","protected":false},"author":6,"featured_media":43260,"comment_status":"open","ping_status":"open","sticky":false,"template":"","format":"standard","meta":{"_acf_changed":false,"_monsterinsights_skip_tracking":false,"slim_seo":{"title":"Participa alcalde en aniversario 150 de la empresa AO Smith - Opini\u00f3n P\u00fablica","description":"El alcalde expres\u00f3 que la apertura de la nueva planta beneficia el desarrollo de la ciudad. Ciudad Ju\u00e1rez, Chih .- El presidente municipal, Cruz P\u00e9rez Cu\u00e9llar,"},"footnotes":""},"categories":[41],"tags":[],"class_list":["post-43258","post","type-post","status-publish","format-standard","has-post-thumbnail","hentry","category-juarez"],"acf":[],"_links":{"self":[{"href":"https:\/\/www.opinionpublica.tv\/portada\/wp-json\/wp\/v2\/posts\/43258","targetHints":{"allow":["GET"]}}],"collection":[{"href":"https:\/\/www.opinionpublica.tv\/portada\/wp-json\/wp\/v2\/posts"}],"about":[{"href":"https:\/\/www.opinionpublica.tv\/portada\/wp-json\/wp\/v2\/types\/post"}],"author":[{"embeddable":true,"href":"https:\/\/www.opinionpublica.tv\/portada\/wp-json\/wp\/v2\/users\/6"}],"replies":[{"embeddable":true,"href":"https:\/\/www.opinionpublica.tv\/portada\/wp-json\/wp\/v2\/comments?post=43258"}],"version-history":[{"count":1,"href":"https:\/\/www.opinionpublica.tv\/portada\/wp-json\/wp\/v2\/posts\/43258\/revisions"}],"predecessor-version":[{"id":43261,"href":"https:\/\/www.opinionpublica.tv\/portada\/wp-json\/wp\/v2\/posts\/43258\/revisions\/43261"}],"wp:featuredmedia":[{"embeddable":true,"href":"https:\/\/www.opinionpublica.tv\/portada\/wp-json\/wp\/v2\/media\/43260"}],"wp:attachment":[{"href":"https:\/\/www.opinionpublica.tv\/portada\/wp-json\/wp\/v2\/media?parent=43258"}],"wp:term":[{"taxonomy":"category","embeddable":true,"href":"https:\/\/www.opinionpublica.tv\/portada\/wp-json\/wp\/v2\/categories?post=43258"},{"taxonomy":"post_tag","embeddable":true,"href":"https:\/\/www.opinionpublica.tv\/portada\/wp-json\/wp\/v2\/tags?post=43258"}],"curies":[{"name":"wp","href":"https:\/\/api.w.org\/{rel}","templated":true}]}}