{"id":43252,"date":"2024-09-20T10:02:09","date_gmt":"2024-09-20T16:02:09","guid":{"rendered":"https:\/\/www.opinionpublica.tv\/portada\/?p=43252"},"modified":"2024-09-20T10:03:07","modified_gmt":"2024-09-20T16:03:07","slug":"promoveran-productos-en-feria-juntos-producimos-de-nuevo-casas-grandes","status":"publish","type":"post","link":"https:\/\/www.opinionpublica.tv\/portada\/promoveran-productos-en-feria-juntos-producimos-de-nuevo-casas-grandes\/","title":{"rendered":"Promover\u00e1n productos en feria \u2018Juntos Producimos\u2019 de Nuevo Casas Grandes"},"content":{"rendered":"\n<figure class=\"wp-block-image aligncenter size-full\"><img fetchpriority=\"high\" decoding=\"async\" width=\"570\" height=\"501\" src=\"https:\/\/www.opinionpublica.tv\/portada\/wp-content\/uploads\/2024\/09\/Promoveran-productos-en-feria-\u2018Juntos-Producimos-de-Nuevo-Casas-Grandes.jpg\" alt=\"Promover\u00e1n Productos En Feria \u2018juntos Producimos\u2019 De Nuevo Casas Grandes\" class=\"wp-image-43253\" srcset=\"https:\/\/www.opinionpublica.tv\/portada\/wp-content\/uploads\/2024\/09\/Promoveran-productos-en-feria-\u2018Juntos-Producimos-de-Nuevo-Casas-Grandes.jpg 570w, https:\/\/www.opinionpublica.tv\/portada\/wp-content\/uploads\/2024\/09\/Promoveran-productos-en-feria-\u2018Juntos-Producimos-de-Nuevo-Casas-Grandes-300x264.jpg 300w\" sizes=\"(max-width: 570px) 100vw, 570px\" \/><\/figure>\n\n\n\n<p class=\"has-text-align-center wp-block-paragraph\"><em>La feria se llevar\u00e1 a cabo de 12:00 a 20:00 horas, en la Plaza Benito Ju\u00e1rez de NCG.<\/em><\/p>\n\n\n\n<p class=\"wp-block-paragraph\"><em>Nuevo Casas Grandes, Chih<\/em>.- Con el objetivo de promover los productos elaborados por m\u00e1s de 100 emprendedores, e impulsar as\u00ed el desarrollo econ\u00f3mico familiar y regional, la Secretar\u00eda de Desarrollo Humano y Bien Com\u00fan (SDHyBC) y el Ayuntamiento de Nuevo Casas Grandes, invitan a la feria \u201cJuntos Producimos.<\/p>\n\n\n\n<p class=\"wp-block-paragraph\">El evento se desarrollar\u00e1 del 20 al 22 de septiembre en la Plaza Benito Ju\u00e1rez, y reunir\u00e1 a productores de los municipios de Chihuahua, Bocoyna, La Cruz, Nuevo Casas Grandes y Delicias, quienes tendr\u00e1n la oportunidad de dar a conocer sus negocios y establecer alianzas de distribuci\u00f3n fuera de su regi\u00f3n.<\/p>\n\n\n\n<p class=\"wp-block-paragraph\">Octavio Villegas Casas, subsecretario de Desarrollo Humano, detall\u00f3 que a las y los expositores se les facilitar\u00e1 un espacio para que puedan ofrecer una gran variedad de artesan\u00edas, productos naturistas, alimentos y bebidas, joyer\u00eda, jabones y mucho m\u00e1s.<\/p>\n\n\n\n<p class=\"wp-block-paragraph\">Subray\u00f3 que gracias a la buena respuesta de la poblaci\u00f3n, y a la derrama econ\u00f3mica obtenida el a\u00f1o pasado, para esta edici\u00f3n casi se duplic\u00f3 el n\u00famero de emprendedores, por lo que se proyecta un buen resultado.<\/p>\n\n\n\n<p class=\"wp-block-paragraph\">Las actividades se llevar\u00e1n a cabo de 12:00 a 20:00 horas, en la Plaza ubicada en las avenidas Ju\u00e1rez y 5 de Mayo de dicha poblaci\u00f3n.<br><br><\/p>\n","protected":false},"excerpt":{"rendered":"<p>La feria se llevar\u00e1 a cabo de 12:00 a 20:00 horas, en la Plaza Benito Ju\u00e1rez de NCG. Nuevo Casas Grandes, Chih.- Con el objetivo de promover los productos elaborados por m\u00e1s de 100 emprendedores, e impulsar as\u00ed el desarrollo econ\u00f3mico familiar y regional, la Secretar\u00eda de Desarrollo Humano y Bien Com\u00fan (SDHyBC) y el [&hellip;]<\/p>\n","protected":false},"author":6,"featured_media":43253,"comment_status":"open","ping_status":"open","sticky":false,"template":"","format":"standard","meta":{"_acf_changed":false,"_monsterinsights_skip_tracking":false,"slim_seo":{"title":"Promover\u00e1n productos en feria \u2018Juntos Producimos\u2019 de Nuevo Casas Grandes - Opini\u00f3n P\u00fablica","description":"La feria se llevar\u00e1 a cabo de 12:00 a 20:00 horas, en la Plaza Benito Ju\u00e1rez de NCG. Nuevo Casas Grandes, Chih .- Con el objetivo de promover los productos elab"},"footnotes":""},"categories":[11],"tags":[],"class_list":["post-43252","post","type-post","status-publish","format-standard","has-post-thumbnail","hentry","category-tendencias"],"acf":[],"_links":{"self":[{"href":"https:\/\/www.opinionpublica.tv\/portada\/wp-json\/wp\/v2\/posts\/43252","targetHints":{"allow":["GET"]}}],"collection":[{"href":"https:\/\/www.opinionpublica.tv\/portada\/wp-json\/wp\/v2\/posts"}],"about":[{"href":"https:\/\/www.opinionpublica.tv\/portada\/wp-json\/wp\/v2\/types\/post"}],"author":[{"embeddable":true,"href":"https:\/\/www.opinionpublica.tv\/portada\/wp-json\/wp\/v2\/users\/6"}],"replies":[{"embeddable":true,"href":"https:\/\/www.opinionpublica.tv\/portada\/wp-json\/wp\/v2\/comments?post=43252"}],"version-history":[{"count":1,"href":"https:\/\/www.opinionpublica.tv\/portada\/wp-json\/wp\/v2\/posts\/43252\/revisions"}],"predecessor-version":[{"id":43254,"href":"https:\/\/www.opinionpublica.tv\/portada\/wp-json\/wp\/v2\/posts\/43252\/revisions\/43254"}],"wp:featuredmedia":[{"embeddable":true,"href":"https:\/\/www.opinionpublica.tv\/portada\/wp-json\/wp\/v2\/media\/43253"}],"wp:attachment":[{"href":"https:\/\/www.opinionpublica.tv\/portada\/wp-json\/wp\/v2\/media?parent=43252"}],"wp:term":[{"taxonomy":"category","embeddable":true,"href":"https:\/\/www.opinionpublica.tv\/portada\/wp-json\/wp\/v2\/categories?post=43252"},{"taxonomy":"post_tag","embeddable":true,"href":"https:\/\/www.opinionpublica.tv\/portada\/wp-json\/wp\/v2\/tags?post=43252"}],"curies":[{"name":"wp","href":"https:\/\/api.w.org\/{rel}","templated":true}]}}