{"id":43243,"date":"2024-09-20T09:59:08","date_gmt":"2024-09-20T15:59:08","guid":{"rendered":"https:\/\/www.opinionpublica.tv\/portada\/?p=43243"},"modified":"2024-09-20T09:59:08","modified_gmt":"2024-09-20T15:59:08","slug":"video-evangelio-de-hoy-viernes-20-de-septiembre-de-2024","status":"publish","type":"post","link":"https:\/\/www.opinionpublica.tv\/portada\/video-evangelio-de-hoy-viernes-20-de-septiembre-de-2024\/","title":{"rendered":"Video: Evangelio de hoy, viernes 20 de septiembre de 2024"},"content":{"rendered":"\n<figure class=\"wp-block-embed is-type-video is-provider-youtube wp-block-embed-youtube wp-embed-aspect-16-9 wp-has-aspect-ratio\"><div class=\"wp-block-embed__wrapper\">\n<iframe title=\"Evangelio de Hoy Viernes 20 de Septiembre de 2024 | REFLEXI\u00d3N | Red Catolica\" width=\"800\" height=\"450\" src=\"https:\/\/www.youtube.com\/embed\/6WlC8d8oG5Q?start=1&#038;feature=oembed\" frameborder=\"0\" allow=\"accelerometer; autoplay; clipboard-write; encrypted-media; gyroscope; picture-in-picture; web-share\" referrerpolicy=\"strict-origin-when-cross-origin\" allowfullscreen><\/iframe>\n<\/div><\/figure>\n\n\n\n<p class=\"wp-block-paragraph\">Evangelio de hoy. Eucarist\u00eda Digital.<\/p>\n\n\n\n<p class=\"wp-block-paragraph\">Lucas 8, 1-3.<\/p>\n\n\n\n<p class=\"wp-block-paragraph\"><strong>Reflexiones<\/strong>:<\/p>\n\n\n\n<p class=\"wp-block-paragraph\">1. Tres mujeres en primera l\u00ednea. Cada una con su vocaci\u00f3n particular y las tres seguidoras incansables de las huellas de Jes\u00fas.<\/p>\n\n\n\n<p class=\"wp-block-paragraph\">2. Acompa\u00f1ar a Cristo en el Sant\u00edsimo Sacramento y llevar a los dem\u00e1s un mensaje de amor de Jes\u00fas.<\/p>\n\n\n\n<p class=\"wp-block-paragraph\">3. Permite, Se\u00f1or, que tanto los hombres como las mujeres de hoy tengamos una gran necesidad de Ti y seamos ap\u00f3stoles que propaguen tu mensaje de verdad y de caridad.<\/p>\n","protected":false},"excerpt":{"rendered":"<p>Evangelio de hoy. Eucarist\u00eda Digital. Lucas 8, 1-3. Reflexiones: 1. Tres mujeres en primera l\u00ednea. Cada una con su vocaci\u00f3n particular y las tres seguidoras incansables de las huellas de Jes\u00fas. 2. Acompa\u00f1ar a Cristo en el Sant\u00edsimo Sacramento y llevar a los dem\u00e1s un mensaje de amor de Jes\u00fas. 3. Permite, Se\u00f1or, que tanto [&hellip;]<\/p>\n","protected":false},"author":6,"featured_media":43244,"comment_status":"open","ping_status":"open","sticky":false,"template":"","format":"standard","meta":{"_acf_changed":false,"_monsterinsights_skip_tracking":false,"slim_seo":{"title":"Video: Evangelio de hoy, viernes 20 de septiembre de 2024 - Opini\u00f3n P\u00fablica","description":"https:\/\/www.youtube.com\/watch?v=6WlC8d8oG5Q&amp;t=1s Evangelio de hoy. Eucarist\u00eda Digital. Lucas 8, 1-3. Reflexiones : 1. Tres mujeres en primera l\u00ednea. Cada un"},"footnotes":""},"categories":[2,13],"tags":[],"class_list":["post-43243","post","type-post","status-publish","format-standard","has-post-thumbnail","hentry","category-videos-destacados","category-videos-destacados-contenido"],"acf":[],"_links":{"self":[{"href":"https:\/\/www.opinionpublica.tv\/portada\/wp-json\/wp\/v2\/posts\/43243","targetHints":{"allow":["GET"]}}],"collection":[{"href":"https:\/\/www.opinionpublica.tv\/portada\/wp-json\/wp\/v2\/posts"}],"about":[{"href":"https:\/\/www.opinionpublica.tv\/portada\/wp-json\/wp\/v2\/types\/post"}],"author":[{"embeddable":true,"href":"https:\/\/www.opinionpublica.tv\/portada\/wp-json\/wp\/v2\/users\/6"}],"replies":[{"embeddable":true,"href":"https:\/\/www.opinionpublica.tv\/portada\/wp-json\/wp\/v2\/comments?post=43243"}],"version-history":[{"count":1,"href":"https:\/\/www.opinionpublica.tv\/portada\/wp-json\/wp\/v2\/posts\/43243\/revisions"}],"predecessor-version":[{"id":43245,"href":"https:\/\/www.opinionpublica.tv\/portada\/wp-json\/wp\/v2\/posts\/43243\/revisions\/43245"}],"wp:featuredmedia":[{"embeddable":true,"href":"https:\/\/www.opinionpublica.tv\/portada\/wp-json\/wp\/v2\/media\/43244"}],"wp:attachment":[{"href":"https:\/\/www.opinionpublica.tv\/portada\/wp-json\/wp\/v2\/media?parent=43243"}],"wp:term":[{"taxonomy":"category","embeddable":true,"href":"https:\/\/www.opinionpublica.tv\/portada\/wp-json\/wp\/v2\/categories?post=43243"},{"taxonomy":"post_tag","embeddable":true,"href":"https:\/\/www.opinionpublica.tv\/portada\/wp-json\/wp\/v2\/tags?post=43243"}],"curies":[{"name":"wp","href":"https:\/\/api.w.org\/{rel}","templated":true}]}}