{"id":43198,"date":"2024-09-19T10:33:32","date_gmt":"2024-09-19T16:33:32","guid":{"rendered":"https:\/\/www.opinionpublica.tv\/portada\/?p=43198"},"modified":"2024-09-19T10:33:33","modified_gmt":"2024-09-19T16:33:33","slug":"carencia-de-estado-de-derecho","status":"publish","type":"post","link":"https:\/\/www.opinionpublica.tv\/portada\/carencia-de-estado-de-derecho\/","title":{"rendered":"Carencia de Estado de Derecho"},"content":{"rendered":"\n<p class=\"wp-block-paragraph\">Carlos Fernando Angulo Parra.<\/p>\n\n\n\n<p class=\"wp-block-paragraph\">El presidente L\u00f3pez y su impulsada presidente electa Sheinbaum, en un ominoso video transmitido por las redes sociales, se ufanaron de la firma, por parte del presidente, del Decreto (no se promulgan los decretos de reforma constitucional) que ordena la publicaci\u00f3n de la reforma constitucional que destruye al Poder Judicial.&nbsp;El discurso oficial enga\u00f1a, diciendo que con esta reforma se acabar\u00e1 la corrupci\u00f3n. Nada m\u00e1s falso que eso, lo que hace esa reforma es poner al Poder Judicial bajo el poder absoluto del Ejecutivo Federal, por las siguientes razones y con las consecuencias que describo:<\/p>\n\n\n\n<p class=\"wp-block-paragraph\">1. La postulaci\u00f3n de las candidaturas a ministros, magistrados y jueces, quedar\u00e1 en tercios, uno por el Poder Ejecutivo, el otro, por el Poder Legislativo y el \u00faltimo, por el Poder Judicial.<\/p>\n\n\n\n<p class=\"wp-block-paragraph\">2. Con esto, el Poder Ejecutivo y el Legislativo, con los amplios recursos pol\u00edticos y econ\u00f3micos con que cuentan, promover\u00e1n la elecci\u00f3n de los candidatos que postulen, siendo pocos o nulos los casos en los que las candidaturas del Poder Judicial prosperen.<\/p>\n\n\n\n<p class=\"wp-block-paragraph\">3. El nuevo cuerpo dentro del Poder Judicial, denominado Tribunal de Disciplina Judicial, se compondr\u00e1 por 5 magistrados elegidos por voto popular de las listas de candidatos postulados por los tres Poderes de la Uni\u00f3n. Sus integrantes tienen amplias facultades de destituir a cualquier juzgador, incluyendo a los ministros de la Suprema Corte. Con esto, el dominio de los que integran el Poder Ejecutivo ser\u00e1 absoluto sobre los juzgadores.<\/p>\n\n\n\n<p class=\"wp-block-paragraph\">4. Al tener el gobierno dominio total de las candidaturas, a trav\u00e9s del Ejecutivo y el Legislativo en la preferencia sobre la postulaci\u00f3n de candidaturas y, eventualmente, a trav\u00e9s de la captura total del Poder Judicial, los jueces, magistrados y ministros, quedar\u00e1n convertidos en simples empleados dependientes del Poder Ejecutivo, es decir, de la Presidencia de la Rep\u00fablica y de sus funcionarios.<\/p>\n\n\n\n<p class=\"wp-block-paragraph\">5. Con esto, el llamado Estado de Derecho, no ser\u00e1 m\u00e1s que una farsa, ya que no estar\u00e1 sujeto a reglas del juego jur\u00eddicamente estructuradas, aunque en apariencia s\u00ed lo est\u00e9, sino que estar\u00e1n las decisiones judiciales sometidas a la voluntad del funcionario de gobierno que tenga un inter\u00e9s particular en que el caso se resuelva en determinado sentido.<\/p>\n\n\n\n<p class=\"wp-block-paragraph\">6. Al existir esta situaci\u00f3n, la seguridad jur\u00eddica ser\u00e1 inexistente, siendo dicha seguridad esencial para que las inversiones en negocios tengan garant\u00edas de que se cumplan las condiciones necesarias para su desarrollo. Si en el desarrollo de alg\u00fan negocio se llegaren a tocar fibras sensibles de alg\u00fan inter\u00e9s del gobierno o de cualquiera de sus miles de funcionarios que puedan tener intereses encontrados, la resoluci\u00f3n judicial siempre favorecer\u00e1 a los intereses del gobierno o funcionario interesado. Con ello los niveles de riesgo en los negocios crecer\u00e1n exponencialmente encareci\u00e9ndose el costo de hacer negocio en detrimento del consumidor mexicano y de la competitividad como pa\u00eds.<\/p>\n\n\n\n<p class=\"wp-block-paragraph\">7. En cuando al desarrollo democr\u00e1tico, olvid\u00e9moslo de \u00e9l, aun si persiste la autonom\u00eda del INE, que dentro de los planes de morena est\u00e1 su desaparici\u00f3n, ya que la integraci\u00f3n de sus consejeros \u201cciudadanos\u201d, quedar\u00e1n a la voluntad del Ejecutivo, ya que no contamos en el Congreso con la oposici\u00f3n en cantidades de curules necesarias para hacer contrapeso. Pero lo peor de todo, es que la \u00faltima instancia electoral, que es la de la Sala Superior del Poder Judicial de la Federaci\u00f3n, que se encarga de juzgar en \u00faltima instancia los conflictos electorales y de calificar las elecciones, quedar\u00e1 en manos de lo que le dicten los intereses del Poder Ejecutivo.<\/p>\n\n\n\n<p class=\"wp-block-paragraph\">Conclusi\u00f3n:<\/p>\n\n\n\n<p class=\"wp-block-paragraph\">Con esta reforma destructora, perdemos el Estado de Derecho, el balance de poder que defiende a los ciudadanos del abuso de poder de los gobernantes, los derechos humanos que quedar\u00e1n como letra muerta ante un Poder Judicial capturado. La econom\u00eda dejar\u00e1 de crecer ante la incertidumbre en los negocios, y, sobre todo, quedaremos sin democracia.<\/p>\n\n\n\n<p class=\"wp-block-paragraph\">La soluci\u00f3n no vendr\u00e1 hasta que se levante el pueblo de una forma generalizada, lo ideal es que sea en elecciones en donde el voto revece los niveles de fraude y manipulaci\u00f3n que pueda ejercer el gobierno y haga que caiga el gobierno para reestablecer en M\u00e9xico los valores republicanos perdidos. Esto puede suceder pronto o puede durar muchos sexenios, pero quedar\u00e1 exclusivamente en las manos de los mexicanos.<\/p>\n","protected":false},"excerpt":{"rendered":"<p>Carlos Fernando Angulo Parra. El presidente L\u00f3pez y su impulsada presidente electa Sheinbaum, en un ominoso video transmitido por las redes sociales, se ufanaron de la firma, por parte del presidente, del Decreto (no se promulgan los decretos de reforma constitucional) que ordena la publicaci\u00f3n de la reforma constitucional que destruye al Poder Judicial.&nbsp;El discurso [&hellip;]<\/p>\n","protected":false},"author":6,"featured_media":0,"comment_status":"open","ping_status":"open","sticky":false,"template":"","format":"standard","meta":{"_acf_changed":false,"_monsterinsights_skip_tracking":false,"slim_seo":{"title":"Carencia de Estado de Derecho - Opini\u00f3n P\u00fablica","description":"Carlos Fernando Angulo Parra. El presidente L\u00f3pez y su impulsada presidente electa Sheinbaum, en un ominoso video transmitido por las redes sociales, se ufanaro"},"footnotes":""},"categories":[17],"tags":[],"class_list":["post-43198","post","type-post","status-publish","format-standard","hentry","category-ultima-instancia"],"acf":[],"_links":{"self":[{"href":"https:\/\/www.opinionpublica.tv\/portada\/wp-json\/wp\/v2\/posts\/43198","targetHints":{"allow":["GET"]}}],"collection":[{"href":"https:\/\/www.opinionpublica.tv\/portada\/wp-json\/wp\/v2\/posts"}],"about":[{"href":"https:\/\/www.opinionpublica.tv\/portada\/wp-json\/wp\/v2\/types\/post"}],"author":[{"embeddable":true,"href":"https:\/\/www.opinionpublica.tv\/portada\/wp-json\/wp\/v2\/users\/6"}],"replies":[{"embeddable":true,"href":"https:\/\/www.opinionpublica.tv\/portada\/wp-json\/wp\/v2\/comments?post=43198"}],"version-history":[{"count":1,"href":"https:\/\/www.opinionpublica.tv\/portada\/wp-json\/wp\/v2\/posts\/43198\/revisions"}],"predecessor-version":[{"id":43199,"href":"https:\/\/www.opinionpublica.tv\/portada\/wp-json\/wp\/v2\/posts\/43198\/revisions\/43199"}],"wp:attachment":[{"href":"https:\/\/www.opinionpublica.tv\/portada\/wp-json\/wp\/v2\/media?parent=43198"}],"wp:term":[{"taxonomy":"category","embeddable":true,"href":"https:\/\/www.opinionpublica.tv\/portada\/wp-json\/wp\/v2\/categories?post=43198"},{"taxonomy":"post_tag","embeddable":true,"href":"https:\/\/www.opinionpublica.tv\/portada\/wp-json\/wp\/v2\/tags?post=43198"}],"curies":[{"name":"wp","href":"https:\/\/api.w.org\/{rel}","templated":true}]}}