{"id":43150,"date":"2024-09-17T09:52:02","date_gmt":"2024-09-17T15:52:02","guid":{"rendered":"https:\/\/www.opinionpublica.tv\/portada\/?p=43150"},"modified":"2024-09-17T09:52:03","modified_gmt":"2024-09-17T15:52:03","slug":"mantendran-los-magistrados-y-jueces-paro-en-organos-de-pjf","status":"publish","type":"post","link":"https:\/\/www.opinionpublica.tv\/portada\/mantendran-los-magistrados-y-jueces-paro-en-organos-de-pjf\/","title":{"rendered":"Mantendr\u00e1n los magistrados y jueces paro en \u00f3rganos de PJF"},"content":{"rendered":"\n<figure class=\"wp-block-image aligncenter size-full\"><img fetchpriority=\"high\" decoding=\"async\" width=\"570\" height=\"380\" src=\"https:\/\/www.opinionpublica.tv\/portada\/wp-content\/uploads\/2024\/09\/Mantendran-los-magistrados-y-jueces-paro-en-organos-de-PJF.jpg\" alt=\"Mantendr\u00e1n Los Magistrados Y Jueces Paro En \u00f3rganos De Pjf\" class=\"wp-image-43151\" srcset=\"https:\/\/www.opinionpublica.tv\/portada\/wp-content\/uploads\/2024\/09\/Mantendran-los-magistrados-y-jueces-paro-en-organos-de-PJF.jpg 570w, https:\/\/www.opinionpublica.tv\/portada\/wp-content\/uploads\/2024\/09\/Mantendran-los-magistrados-y-jueces-paro-en-organos-de-PJF-300x200.jpg 300w\" sizes=\"(max-width: 570px) 100vw, 570px\" \/><\/figure>\n\n\n\n<p class=\"has-text-align-center wp-block-paragraph\"><em>Esta asociaci\u00f3n se\u00f1al\u00f3 que \u201creitera su rechazo a la llamada Reforma Judicial.<\/em><\/p>\n\n\n\n<p class=\"wp-block-paragraph\"><em>Ciudad de M\u00e9xico<\/em>.- La Asociaci\u00f3n Nacional de Magistrados de Circuito y Jueces de Distrito (Jufed) acordaron mantener el paro de actividades en todos los \u00f3rganos del Poder Judicial de la Federaci\u00f3n.<\/p>\n\n\n\n<p class=\"wp-block-paragraph\">A trav\u00e9s de un comunicado de prensa la organizaci\u00f3n inform\u00f3 que \u201cen reuni\u00f3n de sus directivas nacional y regionales, escuchando al comit\u00e9 de di\u00e1logo, acord\u00f3 por unanimidad de votos prorrogar la suspensi\u00f3n de actividades\u201d.<\/p>\n\n\n\n<p class=\"wp-block-paragraph\">Esta asociaci\u00f3n, encabezada por la jueza Juana Fuentes Vel\u00e1zquez, se\u00f1al\u00f3 que \u201creitera su rechazo a la llamada Reforma Judicial y su convicci\u00f3n de recurrir a los mecanismos de defensa legal que estimen necesarios\u201d.<\/p>\n\n\n\n<p class=\"wp-block-paragraph\">La Jufed no precis\u00f3 qu\u00e9 acciones realizar\u00e1n sus agremiados, ni tampoco se organizar\u00e1n nuevos bloqueos en protesta por la aprobaci\u00f3n de la reforma al Poder Judicial por parte del Congreso de la Uni\u00f3n y m\u00e1s de 20 congresos locales.<\/p>\n\n\n\n<p class=\"wp-block-paragraph\">Hasta este momento las organizaciones que agrupan a trabajadores de base y funcionarios judiciales que colaboran con jueces y magistrados, como la organizaci\u00f3n Circuitos Unidos, no han dado a conocer su decisi\u00f3n de mantener el paro de actividades o regresar a laborar, aunque la vocera Patricia Aguayo dijo que este viernes se definir\u00e1 por votaci\u00f3n qu\u00e9 acciones llevar\u00e1n a cabo. (La Jornada)<br><br><\/p>\n","protected":false},"excerpt":{"rendered":"<p>Esta asociaci\u00f3n se\u00f1al\u00f3 que \u201creitera su rechazo a la llamada Reforma Judicial. Ciudad de M\u00e9xico.- La Asociaci\u00f3n Nacional de Magistrados de Circuito y Jueces de Distrito (Jufed) acordaron mantener el paro de actividades en todos los \u00f3rganos del Poder Judicial de la Federaci\u00f3n. A trav\u00e9s de un comunicado de prensa la organizaci\u00f3n inform\u00f3 que \u201cen [&hellip;]<\/p>\n","protected":false},"author":6,"featured_media":43151,"comment_status":"open","ping_status":"open","sticky":false,"template":"","format":"standard","meta":{"_acf_changed":false,"_monsterinsights_skip_tracking":false,"slim_seo":{"title":"Mantendr\u00e1n los magistrados y jueces paro en \u00f3rganos de PJF - Opini\u00f3n P\u00fablica","description":"Esta asociaci\u00f3n se\u00f1al\u00f3 que \u201creitera su rechazo a la llamada Reforma Judicial. Ciudad de M\u00e9xico .- La Asociaci\u00f3n Nacional de Magistrados de Circuito y Jueces de"},"footnotes":""},"categories":[4],"tags":[],"class_list":["post-43150","post","type-post","status-publish","format-standard","has-post-thumbnail","hentry","category-pulsopolitico"],"acf":[],"_links":{"self":[{"href":"https:\/\/www.opinionpublica.tv\/portada\/wp-json\/wp\/v2\/posts\/43150","targetHints":{"allow":["GET"]}}],"collection":[{"href":"https:\/\/www.opinionpublica.tv\/portada\/wp-json\/wp\/v2\/posts"}],"about":[{"href":"https:\/\/www.opinionpublica.tv\/portada\/wp-json\/wp\/v2\/types\/post"}],"author":[{"embeddable":true,"href":"https:\/\/www.opinionpublica.tv\/portada\/wp-json\/wp\/v2\/users\/6"}],"replies":[{"embeddable":true,"href":"https:\/\/www.opinionpublica.tv\/portada\/wp-json\/wp\/v2\/comments?post=43150"}],"version-history":[{"count":1,"href":"https:\/\/www.opinionpublica.tv\/portada\/wp-json\/wp\/v2\/posts\/43150\/revisions"}],"predecessor-version":[{"id":43152,"href":"https:\/\/www.opinionpublica.tv\/portada\/wp-json\/wp\/v2\/posts\/43150\/revisions\/43152"}],"wp:featuredmedia":[{"embeddable":true,"href":"https:\/\/www.opinionpublica.tv\/portada\/wp-json\/wp\/v2\/media\/43151"}],"wp:attachment":[{"href":"https:\/\/www.opinionpublica.tv\/portada\/wp-json\/wp\/v2\/media?parent=43150"}],"wp:term":[{"taxonomy":"category","embeddable":true,"href":"https:\/\/www.opinionpublica.tv\/portada\/wp-json\/wp\/v2\/categories?post=43150"},{"taxonomy":"post_tag","embeddable":true,"href":"https:\/\/www.opinionpublica.tv\/portada\/wp-json\/wp\/v2\/tags?post=43150"}],"curies":[{"name":"wp","href":"https:\/\/api.w.org\/{rel}","templated":true}]}}