{"id":43129,"date":"2024-09-17T09:44:47","date_gmt":"2024-09-17T15:44:47","guid":{"rendered":"https:\/\/www.opinionpublica.tv\/portada\/?p=43129"},"modified":"2024-09-17T09:44:47","modified_gmt":"2024-09-17T15:44:47","slug":"senales-que-indican-que-tu-celular-dejara-de-funcionar","status":"publish","type":"post","link":"https:\/\/www.opinionpublica.tv\/portada\/senales-que-indican-que-tu-celular-dejara-de-funcionar\/","title":{"rendered":"Se\u00f1ales que indican que tu celular dejar\u00e1 de funcionar"},"content":{"rendered":"\n<figure class=\"wp-block-image aligncenter size-full\"><img fetchpriority=\"high\" decoding=\"async\" width=\"570\" height=\"352\" src=\"https:\/\/www.opinionpublica.tv\/portada\/wp-content\/uploads\/2024\/09\/Senales-que-indican-que-tu-celular-dejara-de-funcionar.jpg\" alt=\"Se\u00f1ales Que Indican Que Tu Celular Dejar\u00e1 De Funcionar\" class=\"wp-image-43130\" srcset=\"https:\/\/www.opinionpublica.tv\/portada\/wp-content\/uploads\/2024\/09\/Senales-que-indican-que-tu-celular-dejara-de-funcionar.jpg 570w, https:\/\/www.opinionpublica.tv\/portada\/wp-content\/uploads\/2024\/09\/Senales-que-indican-que-tu-celular-dejara-de-funcionar-300x185.jpg 300w\" sizes=\"(max-width: 570px) 100vw, 570px\" \/><\/figure>\n\n\n\n<p class=\"has-text-align-center wp-block-paragraph\"><em>La tecnolog\u00eda no es perfecta y los aparatos el\u00e9ctricos tienen un ciclo de vida.<\/em><\/p>\n\n\n\n<p class=\"wp-block-paragraph\">El momento m\u00e1s temido por todos: que el celular se descompone de un d\u00eda para otro. Aunque no lo creas, nuestros dispositivos nos avisan cuando est\u00e1n a punto de llegar a su fin y as\u00ed poder salvar la informaci\u00f3n que tenemos almacenada.<\/p>\n\n\n\n<p class=\"wp-block-paragraph\">Precisamente eso es lo que m\u00e1s nos preocupa, que nuestras fotos, correos, mensajes y contactos se pierdan a causa de una falla. Como queremos evitarte este disgusto, aqu\u00ed te compartimos 5 se\u00f1ales de que tu tel\u00e9fono dejar\u00e1 de funcionar.<\/p>\n\n\n\n<p class=\"wp-block-paragraph\"><strong>\u00bfCu\u00e1nto tiempo tarda un celular en descomponerse?<\/strong><\/p>\n\n\n\n<p class=\"wp-block-paragraph\">La tecnolog\u00eda no es perfecta y los aparatos el\u00e9ctricos tienen un ciclo de vida. Desde luego, las marcas cuidan cada peque\u00f1o detalle con que los fabrican para darles mayor durabilidad y resistencia.<\/p>\n\n\n\n<p class=\"wp-block-paragraph\">\u00a1Pero todo llega a su fin! De acuerdo con la Organizaci\u00f3n de Consumidores y Usuarios, la duraci\u00f3n de un celular depende de varios factores como el tiempo de uso, mantenimiento, los h\u00e1bitos de carga, la gama y las pol\u00edticas de actualizaci\u00f3n del fabricante.<\/p>\n\n\n\n<p class=\"wp-block-paragraph\">En promedio, las personas acostumbran a cambiar su tel\u00e9fono cada 3 a\u00f1os. En algunos casos, esta renovaci\u00f3n se hace por la \u201cnecesidad\u201d de tener un dispositivo de mayor gama, moderno y con nuevas funciones.<\/p>\n\n\n\n<p class=\"wp-block-paragraph\">Los celulares no siempre se desechan porque hayan dejado de funcionar, sino porque encontramos un modelo m\u00e1s atractivo sin considerar el impacto que ello podr\u00eda tener en el medioambiente.<\/p>\n\n\n\n<p class=\"wp-block-paragraph\">Y es que, de acuerdo con la Organizaci\u00f3n de las Naciones Unidas, cada a\u00f1o se generan alrededor de 50 millones de toneladas de residuos tecnol\u00f3gicos y los celulares representan el 2% de los desperdicios (entre oro, cobalto y litio).<\/p>\n\n\n\n<p class=\"wp-block-paragraph\">Entonces, \u00bfcu\u00e1nto nos deber\u00eda durar? La Oficina Europea del Medio Ambiente se\u00f1ala que los tel\u00e9fonos est\u00e1n dise\u00f1ados para durar m\u00e1s de 5 a\u00f1os; mientras que el promedio de vida de una bater\u00eda de litio va de los 300 a los 500 ciclos.<\/p>\n\n\n\n<p class=\"wp-block-paragraph\">Despu\u00e9s de dicho lapso, es posible que el aparato comience a manifestar ciertas se\u00f1ales que hacen evidente su desgaste.<\/p>\n\n\n\n<p class=\"wp-block-paragraph\"><strong>\u00bfC\u00f3mo saber si mi celular se est\u00e1 descomponiendo?<\/strong><\/p>\n\n\n\n<p class=\"wp-block-paragraph\"><strong>Carga de bater\u00eda lenta<\/strong><\/p>\n\n\n\n<p class=\"wp-block-paragraph\">Con el paso del tiempo, la bater\u00eda del celular pierde potencia y sus tiempos de carga se vuelven lentos. Si ya cambiaste de cargador, conectaste tu m\u00f3vil en otro enchufe y sigue sin mejorar, es probable que necesites reemplazar esta pieza porque pronto dejar\u00e1 de funcionar.<\/p>\n\n\n\n<p class=\"wp-block-paragraph\"><strong>Reinicio aleatorio<\/strong><\/p>\n\n\n\n<p class=\"wp-block-paragraph\">\u00bfTu celular se apaga de la nada? Los reinicios constantes nos advierten sobre un grave problema con el software, aplicaciones mal optimizadas, malwares, almacenamiento lleno y problemas con la bater\u00eda.<\/p>\n\n\n\n<p class=\"wp-block-paragraph\"><strong>Parpadeo de la pantalla<\/strong><\/p>\n\n\n\n<p class=\"wp-block-paragraph\">Cuando la pantalla del celular comienza a parpadear (no a apagarse por completo, sino a tener variaciones en su brillo e incluso le aparecen rayas verticales), es momento de ir rompiendo el cochinito.<\/p>\n\n\n\n<p class=\"wp-block-paragraph\">Y lamentamos decirte que el display es costoso de reparar con precios que van de los $800 a los $2,500 pesos.<\/p>\n\n\n\n<p class=\"wp-block-paragraph\"><strong>Cierre repentino de aplicaciones<\/strong><\/p>\n\n\n\n<p class=\"wp-block-paragraph\">Estas navegando en tu app favorita y de pronto se cierra; vuelves a entrar y el problema persiste.<\/p>\n\n\n\n<p class=\"wp-block-paragraph\">Primero que nada deber\u00e1s descartar que no sea una falla con el software, que tengas suficiente almacenamiento y eliminar la memoria cach\u00e9 de tus apps. Si nada funciona, \u00a1tu celular se acerca al fin de sus d\u00edas!<\/p>\n\n\n\n<p class=\"wp-block-paragraph\"><strong>Sobrecalentamiento<\/strong><\/p>\n\n\n\n<p class=\"wp-block-paragraph\">Por \u00faltimo, el hecho de que tu celular incremente de temperatura cuando se encuentra en reposo, es otra se\u00f1al de que est\u00e1 a punto de descomponerse.<\/p>\n\n\n\n<p class=\"wp-block-paragraph\">Recuerda no dejarlo sobre superficies que se calienten r\u00e1pido (como una colcha o almohada), tampoco lo guardes dentro del carro y permite que descanse por un tiempo. (El Universal)<br><br><\/p>\n","protected":false},"excerpt":{"rendered":"<p>La tecnolog\u00eda no es perfecta y los aparatos el\u00e9ctricos tienen un ciclo de vida. El momento m\u00e1s temido por todos: que el celular se descompone de un d\u00eda para otro. Aunque no lo creas, nuestros dispositivos nos avisan cuando est\u00e1n a punto de llegar a su fin y as\u00ed poder salvar la informaci\u00f3n que tenemos [&hellip;]<\/p>\n","protected":false},"author":6,"featured_media":43130,"comment_status":"open","ping_status":"open","sticky":false,"template":"","format":"standard","meta":{"_acf_changed":false,"_monsterinsights_skip_tracking":false,"slim_seo":{"title":"Se\u00f1ales que indican que tu celular dejar\u00e1 de funcionar - Opini\u00f3n P\u00fablica","description":"La tecnolog\u00eda no es perfecta y los aparatos el\u00e9ctricos tienen un ciclo de vida. El momento m\u00e1s temido por todos: que el celular se descompone de un d\u00eda para otr"},"footnotes":""},"categories":[22],"tags":[],"class_list":["post-43129","post","type-post","status-publish","format-standard","has-post-thumbnail","hentry","category-ciencia-y-tecnologia"],"acf":[],"_links":{"self":[{"href":"https:\/\/www.opinionpublica.tv\/portada\/wp-json\/wp\/v2\/posts\/43129","targetHints":{"allow":["GET"]}}],"collection":[{"href":"https:\/\/www.opinionpublica.tv\/portada\/wp-json\/wp\/v2\/posts"}],"about":[{"href":"https:\/\/www.opinionpublica.tv\/portada\/wp-json\/wp\/v2\/types\/post"}],"author":[{"embeddable":true,"href":"https:\/\/www.opinionpublica.tv\/portada\/wp-json\/wp\/v2\/users\/6"}],"replies":[{"embeddable":true,"href":"https:\/\/www.opinionpublica.tv\/portada\/wp-json\/wp\/v2\/comments?post=43129"}],"version-history":[{"count":1,"href":"https:\/\/www.opinionpublica.tv\/portada\/wp-json\/wp\/v2\/posts\/43129\/revisions"}],"predecessor-version":[{"id":43131,"href":"https:\/\/www.opinionpublica.tv\/portada\/wp-json\/wp\/v2\/posts\/43129\/revisions\/43131"}],"wp:featuredmedia":[{"embeddable":true,"href":"https:\/\/www.opinionpublica.tv\/portada\/wp-json\/wp\/v2\/media\/43130"}],"wp:attachment":[{"href":"https:\/\/www.opinionpublica.tv\/portada\/wp-json\/wp\/v2\/media?parent=43129"}],"wp:term":[{"taxonomy":"category","embeddable":true,"href":"https:\/\/www.opinionpublica.tv\/portada\/wp-json\/wp\/v2\/categories?post=43129"},{"taxonomy":"post_tag","embeddable":true,"href":"https:\/\/www.opinionpublica.tv\/portada\/wp-json\/wp\/v2\/tags?post=43129"}],"curies":[{"name":"wp","href":"https:\/\/api.w.org\/{rel}","templated":true}]}}